{"id":4799,"date":"2021-09-01T19:04:10","date_gmt":"2021-09-01T22:04:10","guid":{"rendered":"https:\/\/observadorserrano.com.ar\/?p=4799"},"modified":"2021-09-01T19:06:01","modified_gmt":"2021-09-01T22:06:01","slug":"vuelve-el-publico-a-las-canchas-del-distrito","status":"publish","type":"post","link":"https:\/\/observadorserrano.com.ar\/?p=4799","title":{"rendered":"Vuelve el p\u00fablico a las canchas del distrito"},"content":{"rendered":"<div class=\"pf-content\"><h4>En el marco de cumplimentar las nuevas normativas y protocolos aplicados por la pandemia de Covid-19, el Secretario de Gobierno y Seguridad Ezequiel Gabella, mantuvo en horas de la ma\u00f1ana, una reuni\u00f3n con los presidentes y representantes del Club Automoto y Uni\u00f3n de Tornquist, para delimitar y coordinar las acciones a seguir ante el regreso del p\u00fablico a los estadios de futbol.<\/h4>\n<h4>De esta manera, el funcionario junto a las autoridades policiales y los representantes de las instituciones, conversaron sobre los ingresos y egresos a las distintas canchas, como as\u00ed tambi\u00e9n, las medidas de seguridad a implementar de cara al pr\u00f3ximo cl\u00e1sico local, que se disputar\u00e1 este domingo.<\/h4>\n<h4>Es importante resaltar, que el intendente municipal Sergio Bordoni, junto a jefes comunales de la regi\u00f3n, elevaron al gobierno provincial un petitorio para que volviera el p\u00fablico a las canchas, entendiendo que es de vital importancia para los clubes, la presencia de los aficionados en las mismas.<\/h4>\n<h4>Del encuentro participaron German Pettinari, presidente del Club Uni\u00f3n; Gabriel Artola, presidente de Automoto, Carlos Latini, tambi\u00e9n en representaci\u00f3n del club azulgrana, y los comisarios Daniel P\u00e9rez y Jorge Maffioli.<\/h4>\n<\/div>","protected":false},"excerpt":{"rendered":"<p>En el marco de cumplimentar las nuevas normativas y protocolos aplicados por la pandemia de Covid-19, el Secretario de Gobierno y Seguridad Ezequiel Gabella, mantuvo en horas de la ma\u00f1ana, una reuni\u00f3n con los presidentes y representantes del Club Automoto y Uni\u00f3n de Tornquist, para delimitar y coordinar las acciones a seguir ante el regreso [&hellip;]<\/p>\n","protected":false},"author":2,"featured_media":4800,"comment_status":"open","ping_status":"open","sticky":false,"template":"","format":"standard","meta":[],"categories":[18,21,43,45],"tags":[1084],"_links":{"self":[{"href":"https:\/\/observadorserrano.com.ar\/index.php?rest_route=\/wp\/v2\/posts\/4799"}],"collection":[{"href":"https:\/\/observadorserrano.com.ar\/index.php?rest_route=\/wp\/v2\/posts"}],"about":[{"href":"https:\/\/observadorserrano.com.ar\/index.php?rest_route=\/wp\/v2\/types\/post"}],"author":[{"embeddable":true,"href":"https:\/\/observadorserrano.com.ar\/index.php?rest_route=\/wp\/v2\/users\/2"}],"replies":[{"embeddable":true,"href":"https:\/\/observadorserrano.com.ar\/index.php?rest_route=%2Fwp%2Fv2%2Fcomments&post=4799"}],"version-history":[{"count":1,"href":"https:\/\/observadorserrano.com.ar\/index.php?rest_route=\/wp\/v2\/posts\/4799\/revisions"}],"predecessor-version":[{"id":4801,"href":"https:\/\/observadorserrano.com.ar\/index.php?rest_route=\/wp\/v2\/posts\/4799\/revisions\/4801"}],"wp:featuredmedia":[{"embeddable":true,"href":"https:\/\/observadorserrano.com.ar\/index.php?rest_route=\/wp\/v2\/media\/4800"}],"wp:attachment":[{"href":"https:\/\/observadorserrano.com.ar\/index.php?rest_route=%2Fwp%2Fv2%2Fmedia&parent=4799"}],"wp:term":[{"taxonomy":"category","embeddable":true,"href":"https:\/\/observadorserrano.com.ar\/index.php?rest_route=%2Fwp%2Fv2%2Fcategories&post=4799"},{"taxonomy":"post_tag","embeddable":true,"href":"https:\/\/observadorserrano.com.ar\/index.php?rest_route=%2Fwp%2Fv2%2Ftags&post=4799"}],"curies":[{"name":"wp","href":"https:\/\/api.w.org\/{rel}","templated":true}]}}