{"id":4817,"date":"2021-09-04T19:35:02","date_gmt":"2021-09-04T22:35:02","guid":{"rendered":"https:\/\/observadorserrano.com.ar\/?p=4817"},"modified":"2021-09-04T19:35:02","modified_gmt":"2021-09-04T22:35:02","slug":"el-11-de-octubre-chasico-festejara-el-125o-aniversario-de-su-fundacion","status":"publish","type":"post","link":"https:\/\/observadorserrano.com.ar\/?p=4817","title":{"rendered":"El 11 de octubre Chasic\u00f3 festejar\u00e1 el 125\u00ba aniversario de su fundaci\u00f3n"},"content":{"rendered":"<div class=\"pf-content\"><h4>La Delegaci\u00f3n Municipal y la Sociedad de Fomento de Chasic\u00f3 est\u00e1n abocados a la organizaci\u00f3n de las actividades programadas para el pr\u00f3ximo 11 de octubre con motivo de festejar el 125\u00ba Aniversario de la fundaci\u00f3n de la localidad.<\/h4>\n<p><img loading=\"lazy\" class=\"alignnone size-full wp-image-4818\" src=\"https:\/\/observadorserrano.com.ar\/wp-content\/uploads\/2021\/09\/img20210904wa0008.jpg_1280.jpg\" alt=\"\" width=\"1280\" height=\"1280\" srcset=\"https:\/\/observadorserrano.com.ar\/wp-content\/uploads\/2021\/09\/img20210904wa0008.jpg_1280.jpg 1280w, https:\/\/observadorserrano.com.ar\/wp-content\/uploads\/2021\/09\/img20210904wa0008.jpg_1280-150x150.jpg 150w, https:\/\/observadorserrano.com.ar\/wp-content\/uploads\/2021\/09\/img20210904wa0008.jpg_1280-300x300.jpg 300w, https:\/\/observadorserrano.com.ar\/wp-content\/uploads\/2021\/09\/img20210904wa0008.jpg_1280-768x768.jpg 768w, https:\/\/observadorserrano.com.ar\/wp-content\/uploads\/2021\/09\/img20210904wa0008.jpg_1280-1024x1024.jpg 1024w, https:\/\/observadorserrano.com.ar\/wp-content\/uploads\/2021\/09\/img20210904wa0008.jpg_1280-350x350.jpg 350w, https:\/\/observadorserrano.com.ar\/wp-content\/uploads\/2021\/09\/img20210904wa0008.jpg_1280-75x75.jpg 75w, https:\/\/observadorserrano.com.ar\/wp-content\/uploads\/2021\/09\/img20210904wa0008.jpg_1280-750x750.jpg 750w, https:\/\/observadorserrano.com.ar\/wp-content\/uploads\/2021\/09\/img20210904wa0008.jpg_1280-1140x1140.jpg 1140w\" sizes=\"(max-width: 1280px) 100vw, 1280px\" \/><\/p>\n<\/div>","protected":false},"excerpt":{"rendered":"<p>La Delegaci\u00f3n Municipal y la Sociedad de Fomento de Chasic\u00f3 est\u00e1n abocados a la organizaci\u00f3n de las actividades programadas para el pr\u00f3ximo 11 de octubre con motivo de festejar el 125\u00ba Aniversario de la fundaci\u00f3n de la localidad.<\/p>\n","protected":false},"author":2,"featured_media":4818,"comment_status":"open","ping_status":"open","sticky":false,"template":"","format":"standard","meta":[],"categories":[43,45],"tags":[1089],"_links":{"self":[{"href":"https:\/\/observadorserrano.com.ar\/index.php?rest_route=\/wp\/v2\/posts\/4817"}],"collection":[{"href":"https:\/\/observadorserrano.com.ar\/index.php?rest_route=\/wp\/v2\/posts"}],"about":[{"href":"https:\/\/observadorserrano.com.ar\/index.php?rest_route=\/wp\/v2\/types\/post"}],"author":[{"embeddable":true,"href":"https:\/\/observadorserrano.com.ar\/index.php?rest_route=\/wp\/v2\/users\/2"}],"replies":[{"embeddable":true,"href":"https:\/\/observadorserrano.com.ar\/index.php?rest_route=%2Fwp%2Fv2%2Fcomments&post=4817"}],"version-history":[{"count":1,"href":"https:\/\/observadorserrano.com.ar\/index.php?rest_route=\/wp\/v2\/posts\/4817\/revisions"}],"predecessor-version":[{"id":4819,"href":"https:\/\/observadorserrano.com.ar\/index.php?rest_route=\/wp\/v2\/posts\/4817\/revisions\/4819"}],"wp:featuredmedia":[{"embeddable":true,"href":"https:\/\/observadorserrano.com.ar\/index.php?rest_route=\/wp\/v2\/media\/4818"}],"wp:attachment":[{"href":"https:\/\/observadorserrano.com.ar\/index.php?rest_route=%2Fwp%2Fv2%2Fmedia&parent=4817"}],"wp:term":[{"taxonomy":"category","embeddable":true,"href":"https:\/\/observadorserrano.com.ar\/index.php?rest_route=%2Fwp%2Fv2%2Fcategories&post=4817"},{"taxonomy":"post_tag","embeddable":true,"href":"https:\/\/observadorserrano.com.ar\/index.php?rest_route=%2Fwp%2Fv2%2Ftags&post=4817"}],"curies":[{"name":"wp","href":"https:\/\/api.w.org\/{rel}","templated":true}]}}