{"id":4840,"date":"2021-09-11T22:55:38","date_gmt":"2021-09-12T01:55:38","guid":{"rendered":"https:\/\/observadorserrano.com.ar\/?p=4840"},"modified":"2021-09-11T22:55:38","modified_gmt":"2021-09-12T01:55:38","slug":"los-oasis-de-sarah-se-proyectara-en-el-teatro-rodolfo-funke","status":"publish","type":"post","link":"https:\/\/observadorserrano.com.ar\/?p=4840","title":{"rendered":"\u201cLos Oasis de Sarah\u201d se proyectar\u00e1 en el Teatro Rodolfo Funke"},"content":{"rendered":"<div class=\"pf-content\"><h4>El Teatro Rodolfo Funke, recibir\u00e1 en su sala \u201cLos Oasis de Sarah\u201d, una miniserie creada y dirigida por Mat\u00edas Ciancia y escrita por Agust\u00edn Ciancia, el pr\u00f3ximo s\u00e1bado 18 de septiembre a las 19hs.<\/h4>\n<h4>Durante la jornada se podr\u00e1 disfrutar de los 5 cap\u00edtulos que componen la serie, protagonizada por Mar\u00eda Muller, Andrea Camus, Ludmila Becker, Claudia Rosatelli y Ard\u00edan Poblet.<\/h4>\n<h4>Las entradas podr\u00e1n adquirirse por un valor de $200, contact\u00e1ndose al 291-5082380 o al 291-5082379.<\/h4>\n<p><img loading=\"lazy\" class=\"alignnone size-full wp-image-4841\" src=\"https:\/\/observadorserrano.com.ar\/wp-content\/uploads\/2021\/09\/TEATRO.jpeg\" alt=\"\" width=\"904\" height=\"1280\" srcset=\"https:\/\/observadorserrano.com.ar\/wp-content\/uploads\/2021\/09\/TEATRO.jpeg 904w, https:\/\/observadorserrano.com.ar\/wp-content\/uploads\/2021\/09\/TEATRO-212x300.jpeg 212w, https:\/\/observadorserrano.com.ar\/wp-content\/uploads\/2021\/09\/TEATRO-768x1087.jpeg 768w, https:\/\/observadorserrano.com.ar\/wp-content\/uploads\/2021\/09\/TEATRO-723x1024.jpeg 723w, https:\/\/observadorserrano.com.ar\/wp-content\/uploads\/2021\/09\/TEATRO-247x350.jpeg 247w, https:\/\/observadorserrano.com.ar\/wp-content\/uploads\/2021\/09\/TEATRO-750x1062.jpeg 750w\" sizes=\"(max-width: 904px) 100vw, 904px\" \/><\/p>\n<\/div>","protected":false},"excerpt":{"rendered":"<p>El Teatro Rodolfo Funke, recibir\u00e1 en su sala \u201cLos Oasis de Sarah\u201d, una miniserie creada y dirigida por Mat\u00edas Ciancia y escrita por Agust\u00edn Ciancia, el pr\u00f3ximo s\u00e1bado 18 de septiembre a las 19hs. Durante la jornada se podr\u00e1 disfrutar de los 5 cap\u00edtulos que componen la serie, protagonizada por Mar\u00eda Muller, Andrea Camus, Ludmila [&hellip;]<\/p>\n","protected":false},"author":2,"featured_media":4841,"comment_status":"open","ping_status":"open","sticky":false,"template":"","format":"standard","meta":[],"categories":[18,43,46],"tags":[1093],"_links":{"self":[{"href":"https:\/\/observadorserrano.com.ar\/index.php?rest_route=\/wp\/v2\/posts\/4840"}],"collection":[{"href":"https:\/\/observadorserrano.com.ar\/index.php?rest_route=\/wp\/v2\/posts"}],"about":[{"href":"https:\/\/observadorserrano.com.ar\/index.php?rest_route=\/wp\/v2\/types\/post"}],"author":[{"embeddable":true,"href":"https:\/\/observadorserrano.com.ar\/index.php?rest_route=\/wp\/v2\/users\/2"}],"replies":[{"embeddable":true,"href":"https:\/\/observadorserrano.com.ar\/index.php?rest_route=%2Fwp%2Fv2%2Fcomments&post=4840"}],"version-history":[{"count":1,"href":"https:\/\/observadorserrano.com.ar\/index.php?rest_route=\/wp\/v2\/posts\/4840\/revisions"}],"predecessor-version":[{"id":4842,"href":"https:\/\/observadorserrano.com.ar\/index.php?rest_route=\/wp\/v2\/posts\/4840\/revisions\/4842"}],"wp:featuredmedia":[{"embeddable":true,"href":"https:\/\/observadorserrano.com.ar\/index.php?rest_route=\/wp\/v2\/media\/4841"}],"wp:attachment":[{"href":"https:\/\/observadorserrano.com.ar\/index.php?rest_route=%2Fwp%2Fv2%2Fmedia&parent=4840"}],"wp:term":[{"taxonomy":"category","embeddable":true,"href":"https:\/\/observadorserrano.com.ar\/index.php?rest_route=%2Fwp%2Fv2%2Fcategories&post=4840"},{"taxonomy":"post_tag","embeddable":true,"href":"https:\/\/observadorserrano.com.ar\/index.php?rest_route=%2Fwp%2Fv2%2Ftags&post=4840"}],"curies":[{"name":"wp","href":"https:\/\/api.w.org\/{rel}","templated":true}]}}