{"id":5754,"date":"2022-01-31T17:32:27","date_gmt":"2022-01-31T20:32:27","guid":{"rendered":"https:\/\/observadorserrano.com.ar\/?p=5754"},"modified":"2022-01-31T17:32:27","modified_gmt":"2022-01-31T20:32:27","slug":"el-hospital-municipal-dr-alberto-castro-suma-nuevas-especialidades","status":"publish","type":"post","link":"https:\/\/observadorserrano.com.ar\/?p=5754","title":{"rendered":"El Hospital Municipal \u201cDr. Alberto Castro\u201d suma nuevas especialidades"},"content":{"rendered":"<div class=\"pf-content\"><p>Flebolog\u00eda y Otorrinolaringolog\u00eda, son las dos nuevas especialidades que la Secretar\u00eda de Salud suma a la cartera de atenci\u00f3n.<\/p>\n<p>El pr\u00f3ximo lunes 7 de febrero, el Dr. Luis Cordova realizar\u00e1 atenci\u00f3n de flebolog\u00eda y el Dr. Sebast\u00edanGuiles, de otorrinolaringolog\u00eda, el jueves 10 en el nosocomio local.<\/p>\n<p>Para solicitar turnos deber\u00e1n comunicarse al 4940.407 en el horario de 7 a 13hs.<\/p>\n<p>Quienes concurran al turno solicitado, deber\u00e1n hacerlo con orden de derivaci\u00f3n. Los turnos son limitados.<\/p>\n<\/div>","protected":false},"excerpt":{"rendered":"<p>Flebolog\u00eda y Otorrinolaringolog\u00eda, son las dos nuevas especialidades que la Secretar\u00eda de Salud suma a la cartera de atenci\u00f3n. El pr\u00f3ximo lunes 7 de febrero, el Dr. Luis Cordova realizar\u00e1 atenci\u00f3n de flebolog\u00eda y el Dr. Sebast\u00edanGuiles, de otorrinolaringolog\u00eda, el jueves 10 en el nosocomio local. Para solicitar turnos deber\u00e1n comunicarse al 4940.407 en el [&hellip;]<\/p>\n","protected":false},"author":2,"featured_media":4564,"comment_status":"open","ping_status":"open","sticky":false,"template":"","format":"standard","meta":[],"categories":[18,43,45,518],"tags":[1266],"_links":{"self":[{"href":"https:\/\/observadorserrano.com.ar\/index.php?rest_route=\/wp\/v2\/posts\/5754"}],"collection":[{"href":"https:\/\/observadorserrano.com.ar\/index.php?rest_route=\/wp\/v2\/posts"}],"about":[{"href":"https:\/\/observadorserrano.com.ar\/index.php?rest_route=\/wp\/v2\/types\/post"}],"author":[{"embeddable":true,"href":"https:\/\/observadorserrano.com.ar\/index.php?rest_route=\/wp\/v2\/users\/2"}],"replies":[{"embeddable":true,"href":"https:\/\/observadorserrano.com.ar\/index.php?rest_route=%2Fwp%2Fv2%2Fcomments&post=5754"}],"version-history":[{"count":1,"href":"https:\/\/observadorserrano.com.ar\/index.php?rest_route=\/wp\/v2\/posts\/5754\/revisions"}],"predecessor-version":[{"id":5755,"href":"https:\/\/observadorserrano.com.ar\/index.php?rest_route=\/wp\/v2\/posts\/5754\/revisions\/5755"}],"wp:featuredmedia":[{"embeddable":true,"href":"https:\/\/observadorserrano.com.ar\/index.php?rest_route=\/wp\/v2\/media\/4564"}],"wp:attachment":[{"href":"https:\/\/observadorserrano.com.ar\/index.php?rest_route=%2Fwp%2Fv2%2Fmedia&parent=5754"}],"wp:term":[{"taxonomy":"category","embeddable":true,"href":"https:\/\/observadorserrano.com.ar\/index.php?rest_route=%2Fwp%2Fv2%2Fcategories&post=5754"},{"taxonomy":"post_tag","embeddable":true,"href":"https:\/\/observadorserrano.com.ar\/index.php?rest_route=%2Fwp%2Fv2%2Ftags&post=5754"}],"curies":[{"name":"wp","href":"https:\/\/api.w.org\/{rel}","templated":true}]}}