{"id":5756,"date":"2022-02-01T21:02:26","date_gmt":"2022-02-02T00:02:26","guid":{"rendered":"https:\/\/observadorserrano.com.ar\/?p=5756"},"modified":"2022-02-01T21:02:26","modified_gmt":"2022-02-02T00:02:26","slug":"soy-rada-llega-a-tornquist-de-la-mano-del-1-campamento-flipex","status":"publish","type":"post","link":"https:\/\/observadorserrano.com.ar\/?p=5756","title":{"rendered":"\u2018Soy Rada\u2019 llega a Tornquist de la mano del 1\u00b0 Campamento Flipex"},"content":{"rendered":"<div class=\"pf-content\"><p>&nbsp;<\/p>\n<p>Avanza la organizaci\u00f3n del 1\u00b0 Campamento Flipex, que se desarrollar\u00e1 los d\u00edas 18, 19 y 20 de marzo en Tornquist con la organizaci\u00f3n de la firma local Baraca Regional, en el Club Papelero y el Parque Lineal.<\/p>\n<p>El evento, que tiene por tem\u00e1ticas cannabis, agroecolog\u00eda y bienestar, fue declarado de Inter\u00e9s Municipal por el Honorable Concejo Deliberante y cuenta con el auspicio de Tornquist Municipio, INTA y REPROCAN.<\/p>\n<p>El campamento, tiene como objetivo la difusi\u00f3n y concientizaci\u00f3n de los fines y utilidades medicinales y productivas del cannabis; y dar continuidad al proceso de intercambio de conocimientos entre los habitantes de Tornquist y el resto de los actores cann\u00e1bicos del pa\u00eds. Tambi\u00e9n, busca fomentar el turismo y dar a conocer todo el potencial que tiene el distrito para desarrollar emprendimientos relacionados con el rubro.<\/p>\n<p>En cuanto a las actividades programadas, durante la ma\u00f1ana y las primeras horas de la tarde de cada jornada, estar\u00e1n distribuidas en distintos espacios, charlas, talleres y simposios relacionados con la tem\u00e1tica del evento.<\/p>\n<p>En tanto, sobre el atardecer, el centro de atenci\u00f3n estar\u00e1 puesto en el escenario principal, donde habr\u00e1 una amplia oferta cultural. En ese sentido, se confirm\u00f3 que el s\u00e1bado 19 se presentar\u00e1 en vivo \u2018Soy Rada and TheColibriquis\u2019, la banda del reconocido Agust\u00edn Aristar\u00e1n \u2018Radagast\u2019, con su nuevo show \u2018Revuelto\u2019, que antes de llegar a nuestra ciudad estar\u00e1 en los festivales Cosqu\u00edn Rock y Quilmes Rock.<\/p>\n<p>Adem\u00e1s, durante el evento habr\u00e1 stands de venta minorista y mayorista de productos, insumos y servicios cann\u00e1bicos, como as\u00ed tambi\u00e9n sitos de arte, terapias hol\u00edsticas y diferentes propuestas gastron\u00f3micas.<\/p>\n<\/div>","protected":false},"excerpt":{"rendered":"<p>&nbsp; Avanza la organizaci\u00f3n del 1\u00b0 Campamento Flipex, que se desarrollar\u00e1 los d\u00edas 18, 19 y 20 de marzo en Tornquist con la organizaci\u00f3n de la firma local Baraca Regional, en el Club Papelero y el Parque Lineal. El evento, que tiene por tem\u00e1ticas cannabis, agroecolog\u00eda y bienestar, fue declarado de Inter\u00e9s Municipal por el [&hellip;]<\/p>\n","protected":false},"author":2,"featured_media":5757,"comment_status":"open","ping_status":"open","sticky":false,"template":"","format":"standard","meta":[],"categories":[18,43,45,8,46],"tags":[1267],"_links":{"self":[{"href":"https:\/\/observadorserrano.com.ar\/index.php?rest_route=\/wp\/v2\/posts\/5756"}],"collection":[{"href":"https:\/\/observadorserrano.com.ar\/index.php?rest_route=\/wp\/v2\/posts"}],"about":[{"href":"https:\/\/observadorserrano.com.ar\/index.php?rest_route=\/wp\/v2\/types\/post"}],"author":[{"embeddable":true,"href":"https:\/\/observadorserrano.com.ar\/index.php?rest_route=\/wp\/v2\/users\/2"}],"replies":[{"embeddable":true,"href":"https:\/\/observadorserrano.com.ar\/index.php?rest_route=%2Fwp%2Fv2%2Fcomments&post=5756"}],"version-history":[{"count":1,"href":"https:\/\/observadorserrano.com.ar\/index.php?rest_route=\/wp\/v2\/posts\/5756\/revisions"}],"predecessor-version":[{"id":5758,"href":"https:\/\/observadorserrano.com.ar\/index.php?rest_route=\/wp\/v2\/posts\/5756\/revisions\/5758"}],"wp:featuredmedia":[{"embeddable":true,"href":"https:\/\/observadorserrano.com.ar\/index.php?rest_route=\/wp\/v2\/media\/5757"}],"wp:attachment":[{"href":"https:\/\/observadorserrano.com.ar\/index.php?rest_route=%2Fwp%2Fv2%2Fmedia&parent=5756"}],"wp:term":[{"taxonomy":"category","embeddable":true,"href":"https:\/\/observadorserrano.com.ar\/index.php?rest_route=%2Fwp%2Fv2%2Fcategories&post=5756"},{"taxonomy":"post_tag","embeddable":true,"href":"https:\/\/observadorserrano.com.ar\/index.php?rest_route=%2Fwp%2Fv2%2Ftags&post=5756"}],"curies":[{"name":"wp","href":"https:\/\/api.w.org\/{rel}","templated":true}]}}