{"id":5759,"date":"2022-02-03T17:11:11","date_gmt":"2022-02-03T20:11:11","guid":{"rendered":"https:\/\/observadorserrano.com.ar\/?p=5759"},"modified":"2022-02-03T17:11:18","modified_gmt":"2022-02-03T20:11:18","slug":"recuerdan-la-importancia-de-la-vacunacion-para-el-ingreso-escolar-2022","status":"publish","type":"post","link":"https:\/\/observadorserrano.com.ar\/?p=5759","title":{"rendered":"Recuerdan la importancia de la vacunaci\u00f3n para el ingreso escolar 2022"},"content":{"rendered":"<div class=\"pf-content\"><p>El \u00e1rea de Inmunizaci\u00f3n de la Secretar\u00eda de Salud, recuerda la importancia de que los ni\u00f1os y adolescentes del distrito cuenten con la vacunaci\u00f3n establecida en el Calendario Nacional y Obligatorio.<\/p>\n<p>En esta l\u00ednea, la cartera de salud invita a vacunar a todos los ni\u00f1os de entre 5 y 6 a\u00f1os que ingresar\u00e1n al ciclo escolar 2022.<\/p>\n<p>Las vacunas que deben recibir son:<\/p>\n<p>Salk: para prevenir la poliomielitis;<\/p>\n<p>Tripe viral: para prevenir el sarampi\u00f3n, la rubeola y las paperas;<\/p>\n<p>Triple bacteriana: para prevenir la difteria, el t\u00e9tanos y la tos convulsa.<\/p>\n<p>Adem\u00e1s, se recomienda a los adolescentes que este a\u00f1o cursar\u00e1n la escuela secundaria, acercase a los centros de salud municipales, con la libreta sanitaria, a los efectos de constatar la vacunaci\u00f3n completa seg\u00fan el calendario vigente correspondienteal 2022.<\/p>\n<p>-Tornquist: lunes a viernes de 9 a 13 hs en el nuevo vacunatorio ubicado en el Hogar Convivencial, frente al hospital municipal;<\/p>\n<p>-Villa Ventana: lunes a viernes de 6 a 18 hs, en la Unidad Sanitaria;<\/p>\n<p>-Sierra de la Ventana: lunes a viernes de 9 a 12 hs, en el Hospital Menor;<\/p>\n<p>-Saldungaray: martes de 16 a 20 hs, en la Unidad Sanitaria;<\/p>\n<p>-Chasic\u00f3: consultar cronograma en la Unidad Sanitaria.<\/p>\n<\/div>","protected":false},"excerpt":{"rendered":"<p>El \u00e1rea de Inmunizaci\u00f3n de la Secretar\u00eda de Salud, recuerda la importancia de que los ni\u00f1os y adolescentes del distrito cuenten con la vacunaci\u00f3n establecida en el Calendario Nacional y Obligatorio. En esta l\u00ednea, la cartera de salud invita a vacunar a todos los ni\u00f1os de entre 5 y 6 a\u00f1os que ingresar\u00e1n al ciclo [&hellip;]<\/p>\n","protected":false},"author":2,"featured_media":5760,"comment_status":"open","ping_status":"open","sticky":false,"template":"","format":"standard","meta":[],"categories":[18,19,43,45,518],"tags":[1268],"_links":{"self":[{"href":"https:\/\/observadorserrano.com.ar\/index.php?rest_route=\/wp\/v2\/posts\/5759"}],"collection":[{"href":"https:\/\/observadorserrano.com.ar\/index.php?rest_route=\/wp\/v2\/posts"}],"about":[{"href":"https:\/\/observadorserrano.com.ar\/index.php?rest_route=\/wp\/v2\/types\/post"}],"author":[{"embeddable":true,"href":"https:\/\/observadorserrano.com.ar\/index.php?rest_route=\/wp\/v2\/users\/2"}],"replies":[{"embeddable":true,"href":"https:\/\/observadorserrano.com.ar\/index.php?rest_route=%2Fwp%2Fv2%2Fcomments&post=5759"}],"version-history":[{"count":1,"href":"https:\/\/observadorserrano.com.ar\/index.php?rest_route=\/wp\/v2\/posts\/5759\/revisions"}],"predecessor-version":[{"id":5761,"href":"https:\/\/observadorserrano.com.ar\/index.php?rest_route=\/wp\/v2\/posts\/5759\/revisions\/5761"}],"wp:featuredmedia":[{"embeddable":true,"href":"https:\/\/observadorserrano.com.ar\/index.php?rest_route=\/wp\/v2\/media\/5760"}],"wp:attachment":[{"href":"https:\/\/observadorserrano.com.ar\/index.php?rest_route=%2Fwp%2Fv2%2Fmedia&parent=5759"}],"wp:term":[{"taxonomy":"category","embeddable":true,"href":"https:\/\/observadorserrano.com.ar\/index.php?rest_route=%2Fwp%2Fv2%2Fcategories&post=5759"},{"taxonomy":"post_tag","embeddable":true,"href":"https:\/\/observadorserrano.com.ar\/index.php?rest_route=%2Fwp%2Fv2%2Ftags&post=5759"}],"curies":[{"name":"wp","href":"https:\/\/api.w.org\/{rel}","templated":true}]}}