{"id":5762,"date":"2022-02-03T18:55:49","date_gmt":"2022-02-03T21:55:49","guid":{"rendered":"https:\/\/observadorserrano.com.ar\/?p=5762"},"modified":"2022-02-03T18:55:49","modified_gmt":"2022-02-03T21:55:49","slug":"aviso-del-servicio-meteorologico-por-posibles-tormentas-fuertes-en-la-region","status":"publish","type":"post","link":"https:\/\/observadorserrano.com.ar\/?p=5762","title":{"rendered":"Aviso del Servicio Meteorol\u00f3gico por posibles tormentas fuertes en la regi\u00f3n"},"content":{"rendered":"<div class=\"pf-content\"><p>El Servicio Meteorol\u00f3gico Nacional (SMN) emiti\u00f3 esta tarde un aviso a muy corto plazo por posibles tormentas fuertes en varios municipios de la regi\u00f3n.<\/p>\n<p>Indicaron que afecta a Gonz\u00e1les Chaves, Coronel Su\u00e1rez, Coronel Pringles, General Lamadrid, Laprida, Saavedra y Tornquist.<\/p>\n<p>El aviso es por \u201ctormentas fuertes con lluvias intensas, r\u00e1fagas y ocasional ca\u00edda de granizo\u201d.<\/p>\n<p>Se\u00f1alaron adem\u00e1s las siguientes medidas de protecci\u00f3n:<\/p>\n<p>-Permanec\u00e9 en construcciones cerradas como casas, escuelas o edificios p\u00fablicos.<\/p>\n<p>-Asegur\u00e1 los objetos que puedan ser arrojados por el viento.<\/p>\n<p>-Mantenete alejado de los \u00e1rboles, ya que la fuerza del viento podrIa quebrar alguna de sus ramas.<\/p>\n<p>-Mantenete alejado de artefactos el\u00e9ctricos y evit\u00e1 el uso de tel\u00e9fonos con cable.<\/p>\n<p>-Evit\u00e1 circular por calles inundadas o afectadas.<\/p>\n<p>-Si hay riesgo de que el agua ingrese en tu casa, cort\u00e1 el suministro el\u00e9ctrico.<\/p>\n<p>-Evit\u00e1 actividades al aire libre. 8- Para minimizar el riesgo de ser alcanzado por un rayo, no permanezcas en playas, r\u00edos, lagunas o piletas.<\/p>\n<figure class=\"wp-block-image size-large\"><img loading=\"lazy\" class=\"wp-image-63570\" src=\"http:\/\/www.celttv.com.ar\/wp-content\/uploads\/2022\/02\/tormentas.jpg\" alt=\"\" width=\"592\" height=\"330\" \/><\/figure>\n<\/div>","protected":false},"excerpt":{"rendered":"<p>El Servicio Meteorol\u00f3gico Nacional (SMN) emiti\u00f3 esta tarde un aviso a muy corto plazo por posibles tormentas fuertes en varios municipios de la regi\u00f3n. Indicaron que afecta a Gonz\u00e1les Chaves, Coronel Su\u00e1rez, Coronel Pringles, General Lamadrid, Laprida, Saavedra y Tornquist. El aviso es por \u201ctormentas fuertes con lluvias intensas, r\u00e1fagas y ocasional ca\u00edda de granizo\u201d. [&hellip;]<\/p>\n","protected":false},"author":2,"featured_media":5763,"comment_status":"open","ping_status":"open","sticky":false,"template":"","format":"standard","meta":[],"categories":[18,43],"tags":[1269],"_links":{"self":[{"href":"https:\/\/observadorserrano.com.ar\/index.php?rest_route=\/wp\/v2\/posts\/5762"}],"collection":[{"href":"https:\/\/observadorserrano.com.ar\/index.php?rest_route=\/wp\/v2\/posts"}],"about":[{"href":"https:\/\/observadorserrano.com.ar\/index.php?rest_route=\/wp\/v2\/types\/post"}],"author":[{"embeddable":true,"href":"https:\/\/observadorserrano.com.ar\/index.php?rest_route=\/wp\/v2\/users\/2"}],"replies":[{"embeddable":true,"href":"https:\/\/observadorserrano.com.ar\/index.php?rest_route=%2Fwp%2Fv2%2Fcomments&post=5762"}],"version-history":[{"count":1,"href":"https:\/\/observadorserrano.com.ar\/index.php?rest_route=\/wp\/v2\/posts\/5762\/revisions"}],"predecessor-version":[{"id":5764,"href":"https:\/\/observadorserrano.com.ar\/index.php?rest_route=\/wp\/v2\/posts\/5762\/revisions\/5764"}],"wp:featuredmedia":[{"embeddable":true,"href":"https:\/\/observadorserrano.com.ar\/index.php?rest_route=\/wp\/v2\/media\/5763"}],"wp:attachment":[{"href":"https:\/\/observadorserrano.com.ar\/index.php?rest_route=%2Fwp%2Fv2%2Fmedia&parent=5762"}],"wp:term":[{"taxonomy":"category","embeddable":true,"href":"https:\/\/observadorserrano.com.ar\/index.php?rest_route=%2Fwp%2Fv2%2Fcategories&post=5762"},{"taxonomy":"post_tag","embeddable":true,"href":"https:\/\/observadorserrano.com.ar\/index.php?rest_route=%2Fwp%2Fv2%2Ftags&post=5762"}],"curies":[{"name":"wp","href":"https:\/\/api.w.org\/{rel}","templated":true}]}}