{"id":589,"date":"2020-11-10T16:57:31","date_gmt":"2020-11-10T19:57:31","guid":{"rendered":"https:\/\/observadorserrano.com.ar\/?p=589"},"modified":"2020-11-10T16:57:31","modified_gmt":"2020-11-10T19:57:31","slug":"ambiente-te-invita-a-ser-parte-del-voluntariado-para-la-accion-climatica","status":"publish","type":"post","link":"https:\/\/observadorserrano.com.ar\/?p=589","title":{"rendered":"AMBIENTE TE INVITA A SER PARTE DEL VOLUNTARIADO PARA LA ACCI\u00d3N CLIM\u00c1TICA"},"content":{"rendered":"<div class=\"pf-content\"><p>Tornquist Municipio, a trav\u00e9s de la Direcci\u00f3n de Medio Ambiente, se suma a la convocatoria p\u00fablica de Voluntarios para la Acci\u00f3n Clim\u00e1tica.<\/p>\n<p>Esta iniciativa se realiza en conjunto con la Red Argentina de Municipios frente al Cambio Clim\u00e1tico (RAMCC), red a la que nuestro distrito pertenece desde el a\u00f1o 2018.<\/p>\n<p>El objetivo es crear una Red de Voluntarios para la Acci\u00f3n Clim\u00e1tica, donde conjuntamente los 60 municipios pertenecientes a la RAMCC, sumar\u00e1n voluntades para impulsar actividades que ayuden a crear mayor conciencia ciudadana, con el firme prop\u00f3sito de disminuir significativamente las emisiones de gases de efecto invernadero y aumentar su resiliencia a los efectos del cambio clim\u00e1tico.<\/p>\n<p>El voluntariado es abierto a toda la comunidad, sin restricciones de edad. Para ser parte del mismo deber\u00e1n inscribirse en el siguiente link:<a href=\"https:\/\/forms.gle\/wouj3wfiebZXpgEt8\">https:\/\/forms.gle\/wouj3wfiebZXpgEt8<\/a> .Como parte del mismo, se desarrollar\u00e1n capacitaciones mediante videoconferencias, se fomentar\u00e1n acciones domiciliarias individuales por el clima, y se los invitar\u00e1 a formar parte de actividades colectivas, cuando las situaciones epidemiol\u00f3gicas lo permitan.<\/p>\n<p>&nbsp;<\/p>\n<p>Muchos vecinos ya realizan acciones voluntarias de manera cotidiana frente al cambio clim\u00e1tico (huertas, compostaje, energ\u00edas renovables, plantaci\u00f3n de \u00e1rboles, reciclaje de residuos, cuidado del agua, etc.,), ahora los invitamos a ser parte de esta red y compartir su experiencia.<\/p>\n<p>Para m\u00e1s informaci\u00f3n pueden comunicarse con la Direcci\u00f3n Medio Ambiente al (0291) 4941.075, o v\u00eda mail al correo:\u00a0<a href=\"mailto:ambientetornquist@gmail.com\">ambientetornquist@gmail.com<\/a>.<\/p>\n<p><a href=\"http:\/\/www.celttv.com.ar\/?attachment_id=53295\" rel=\"attachment wp-att-53295\"><img loading=\"lazy\" class=\"alignleft size-full wp-image-53295\" src=\"http:\/\/www.celttv.com.ar\/wp-content\/uploads\/2020\/11\/WhatsApp-Image-2020-11-06-at-23.09.07-1.jpeg\" alt=\"\" width=\"1000\" height=\"1000\" \/><\/a> <a href=\"http:\/\/www.celttv.com.ar\/?attachment_id=53296\" rel=\"attachment wp-att-53296\"><img loading=\"lazy\" class=\"alignleft size-medium wp-image-53296\" src=\"http:\/\/www.celttv.com.ar\/wp-content\/uploads\/2020\/11\/WhatsApp-Image-2020-11-06-at-23.09.07.jpeg\" alt=\"\" width=\"780\" height=\"780\" \/><\/a><\/p>\n<p>&nbsp;<\/p>\n<\/div>","protected":false},"excerpt":{"rendered":"<p>Tornquist Municipio, a trav\u00e9s de la Direcci\u00f3n de Medio Ambiente, se suma a la convocatoria p\u00fablica de Voluntarios para la Acci\u00f3n Clim\u00e1tica. Esta iniciativa se realiza en conjunto con la Red Argentina de Municipios frente al Cambio Clim\u00e1tico (RAMCC), red a la que nuestro distrito pertenece desde el a\u00f1o 2018. El objetivo es crear una [&hellip;]<\/p>\n","protected":false},"author":2,"featured_media":590,"comment_status":"open","ping_status":"open","sticky":false,"template":"","format":"standard","meta":[],"categories":[45],"tags":[],"_links":{"self":[{"href":"https:\/\/observadorserrano.com.ar\/index.php?rest_route=\/wp\/v2\/posts\/589"}],"collection":[{"href":"https:\/\/observadorserrano.com.ar\/index.php?rest_route=\/wp\/v2\/posts"}],"about":[{"href":"https:\/\/observadorserrano.com.ar\/index.php?rest_route=\/wp\/v2\/types\/post"}],"author":[{"embeddable":true,"href":"https:\/\/observadorserrano.com.ar\/index.php?rest_route=\/wp\/v2\/users\/2"}],"replies":[{"embeddable":true,"href":"https:\/\/observadorserrano.com.ar\/index.php?rest_route=%2Fwp%2Fv2%2Fcomments&post=589"}],"version-history":[{"count":1,"href":"https:\/\/observadorserrano.com.ar\/index.php?rest_route=\/wp\/v2\/posts\/589\/revisions"}],"predecessor-version":[{"id":591,"href":"https:\/\/observadorserrano.com.ar\/index.php?rest_route=\/wp\/v2\/posts\/589\/revisions\/591"}],"wp:featuredmedia":[{"embeddable":true,"href":"https:\/\/observadorserrano.com.ar\/index.php?rest_route=\/wp\/v2\/media\/590"}],"wp:attachment":[{"href":"https:\/\/observadorserrano.com.ar\/index.php?rest_route=%2Fwp%2Fv2%2Fmedia&parent=589"}],"wp:term":[{"taxonomy":"category","embeddable":true,"href":"https:\/\/observadorserrano.com.ar\/index.php?rest_route=%2Fwp%2Fv2%2Fcategories&post=589"},{"taxonomy":"post_tag","embeddable":true,"href":"https:\/\/observadorserrano.com.ar\/index.php?rest_route=%2Fwp%2Fv2%2Ftags&post=589"}],"curies":[{"name":"wp","href":"https:\/\/api.w.org\/{rel}","templated":true}]}}