{"id":5956,"date":"2022-03-13T20:08:36","date_gmt":"2022-03-13T23:08:36","guid":{"rendered":"https:\/\/observadorserrano.com.ar\/?p=5956"},"modified":"2022-03-13T20:08:36","modified_gmt":"2022-03-13T23:08:36","slug":"boxeo-nico-candia-se-corono-campeon-del-titulo-regional-de-boxeo-amateur","status":"publish","type":"post","link":"https:\/\/observadorserrano.com.ar\/?p=5956","title":{"rendered":"BOXEO: Nico Candia se coron\u00f3 campe\u00f3n del T\u00edtulo Regional de Boxeo Amateur"},"content":{"rendered":"<div class=\"pf-content\"><p>El p\u00fagil de Tornquist, Nicol\u00e1s Candia, obtuvo su primer t\u00edtulo qued\u00e1ndose con el cetro de Campe\u00f3n Regional de Boxeo Amateur \u201cCiudad de Pig\u00fc\u00e9\u201d, en una jornada realizada en el anfiteatro Ulises Parayre del parque municipal de Pig\u00fc\u00e9.<\/p>\n<p>En un combate a tres rounds, de tres por uno, Candia venci\u00f3 a Mart\u00edn Biorci en fallo dividido.<\/p>\n<figure class=\"wp-block-image size-large\"><img loading=\"lazy\" class=\"wp-image-64457\" src=\"http:\/\/www.celttv.com.ar\/wp-content\/uploads\/2022\/03\/e20268a8-fa90-492e-aa0a-dd40ba498120-1-457x1024.jpg\" sizes=\"(max-width: 457px) 100vw, 457px\" srcset=\"http:\/\/www.celttv.com.ar\/wp-content\/uploads\/2022\/03\/e20268a8-fa90-492e-aa0a-dd40ba498120-1-457x1024.jpg 457w, http:\/\/www.celttv.com.ar\/wp-content\/uploads\/2022\/03\/e20268a8-fa90-492e-aa0a-dd40ba498120-1-348x780.jpg 348w, http:\/\/www.celttv.com.ar\/wp-content\/uploads\/2022\/03\/e20268a8-fa90-492e-aa0a-dd40ba498120-1.jpg 464w\" alt=\"\" width=\"457\" height=\"1024\" \/><\/figure>\n<p>El evento, que cont\u00f3 con otros combates donde tambi\u00e9n est\u00e1ban en juego ocho t\u00edtulos, fue organizado por Ernesto Blanco Box y Segundos Afuera.<\/p>\n<figure class=\"wp-block-image size-large\"><img loading=\"lazy\" class=\"wp-image-64458\" src=\"http:\/\/www.celttv.com.ar\/wp-content\/uploads\/2022\/03\/76a196e7-cf12-456a-bb75-b945f0022a3b-768x1024.jpg\" sizes=\"(max-width: 768px) 100vw, 768px\" srcset=\"http:\/\/www.celttv.com.ar\/wp-content\/uploads\/2022\/03\/76a196e7-cf12-456a-bb75-b945f0022a3b-768x1024.jpg 768w, http:\/\/www.celttv.com.ar\/wp-content\/uploads\/2022\/03\/76a196e7-cf12-456a-bb75-b945f0022a3b-585x780.jpg 585w, http:\/\/www.celttv.com.ar\/wp-content\/uploads\/2022\/03\/76a196e7-cf12-456a-bb75-b945f0022a3b.jpg 960w\" alt=\"\" width=\"768\" height=\"1024\" \/><\/figure>\n<p>El promotor Ernesto Blanco anticip\u00f3 que la intenci\u00f3n a futuro es programar un campus de entrenamiento, posiblemente en La Ermita de Saavedra para entrenar a los ocho campeones con vistas a la denominada Liga de las Estrellas de Buenos Aires.<\/p>\n<figure class=\"wp-block-image size-large\"><img loading=\"lazy\" class=\"wp-image-64467\" src=\"http:\/\/www.celttv.com.ar\/wp-content\/uploads\/2022\/03\/e2c95cdb-6354-4656-9a1b-14528e5a0e38-2-1024x426.jpg\" sizes=\"(max-width: 1024px) 100vw, 1024px\" srcset=\"http:\/\/www.celttv.com.ar\/wp-content\/uploads\/2022\/03\/e2c95cdb-6354-4656-9a1b-14528e5a0e38-2-1024x426.jpg 1024w, http:\/\/www.celttv.com.ar\/wp-content\/uploads\/2022\/03\/e2c95cdb-6354-4656-9a1b-14528e5a0e38-2-780x325.jpg 780w, http:\/\/www.celttv.com.ar\/wp-content\/uploads\/2022\/03\/e2c95cdb-6354-4656-9a1b-14528e5a0e38-2-768x320.jpg 768w, http:\/\/www.celttv.com.ar\/wp-content\/uploads\/2022\/03\/e2c95cdb-6354-4656-9a1b-14528e5a0e38-2.jpg 1261w\" alt=\"\" width=\"1024\" height=\"426\" \/><\/figure>\n<\/div>","protected":false},"excerpt":{"rendered":"<p>El p\u00fagil de Tornquist, Nicol\u00e1s Candia, obtuvo su primer t\u00edtulo qued\u00e1ndose con el cetro de Campe\u00f3n Regional de Boxeo Amateur \u201cCiudad de Pig\u00fc\u00e9\u201d, en una jornada realizada en el anfiteatro Ulises Parayre del parque municipal de Pig\u00fc\u00e9. En un combate a tres rounds, de tres por uno, Candia venci\u00f3 a Mart\u00edn Biorci en fallo dividido. [&hellip;]<\/p>\n","protected":false},"author":2,"featured_media":5957,"comment_status":"open","ping_status":"open","sticky":false,"template":"","format":"standard","meta":[],"categories":[18,21,43],"tags":[1327],"_links":{"self":[{"href":"https:\/\/observadorserrano.com.ar\/index.php?rest_route=\/wp\/v2\/posts\/5956"}],"collection":[{"href":"https:\/\/observadorserrano.com.ar\/index.php?rest_route=\/wp\/v2\/posts"}],"about":[{"href":"https:\/\/observadorserrano.com.ar\/index.php?rest_route=\/wp\/v2\/types\/post"}],"author":[{"embeddable":true,"href":"https:\/\/observadorserrano.com.ar\/index.php?rest_route=\/wp\/v2\/users\/2"}],"replies":[{"embeddable":true,"href":"https:\/\/observadorserrano.com.ar\/index.php?rest_route=%2Fwp%2Fv2%2Fcomments&post=5956"}],"version-history":[{"count":1,"href":"https:\/\/observadorserrano.com.ar\/index.php?rest_route=\/wp\/v2\/posts\/5956\/revisions"}],"predecessor-version":[{"id":5958,"href":"https:\/\/observadorserrano.com.ar\/index.php?rest_route=\/wp\/v2\/posts\/5956\/revisions\/5958"}],"wp:featuredmedia":[{"embeddable":true,"href":"https:\/\/observadorserrano.com.ar\/index.php?rest_route=\/wp\/v2\/media\/5957"}],"wp:attachment":[{"href":"https:\/\/observadorserrano.com.ar\/index.php?rest_route=%2Fwp%2Fv2%2Fmedia&parent=5956"}],"wp:term":[{"taxonomy":"category","embeddable":true,"href":"https:\/\/observadorserrano.com.ar\/index.php?rest_route=%2Fwp%2Fv2%2Fcategories&post=5956"},{"taxonomy":"post_tag","embeddable":true,"href":"https:\/\/observadorserrano.com.ar\/index.php?rest_route=%2Fwp%2Fv2%2Ftags&post=5956"}],"curies":[{"name":"wp","href":"https:\/\/api.w.org\/{rel}","templated":true}]}}