{"id":5962,"date":"2022-03-13T20:43:32","date_gmt":"2022-03-13T23:43:32","guid":{"rendered":"https:\/\/observadorserrano.com.ar\/?p=5962"},"modified":"2022-03-13T20:43:32","modified_gmt":"2022-03-13T23:43:32","slug":"gregorio-albarenque-goyo-q-e-p-d-fallecio-en-tornquist-el-13-de-marzo-de-2022-a-los-88-anos-de-edad","status":"publish","type":"post","link":"https:\/\/observadorserrano.com.ar\/?p=5962","title":{"rendered":"Gregorio ALBARENQUE (\u201cGOYO\u201d)-Q.E.P.D.&#8211;: Falleci\u00f3 en Tornquist, el 13 de Marzo de 2022 a los 88 a\u00f1os de edad."},"content":{"rendered":"<div class=\"pf-content\"><p><span lang=\"ES-TRAD\">Gregorio ALBARENQUE (\u201cGOYO\u201d)-<\/span><span lang=\"ES-TRAD\">Q.E.P.D.&#8211;: Falleci\u00f3 en Tornquist, el 13 de Marzo de 2022 a los 88 a\u00f1os de edad. Su esposa Francisca GONZALEZ. Sus hijos pol\u00edticos Noemi y Rub\u00e9n PALMA, Miguel PERALTA. Sus nietos pol\u00edticos Antonella PALMA, Martin y Emmanuel PERALTA. Su nieta del coraz\u00f3n Mariana FERNADEZ. Sus bisnietos pol\u00edticos William, Aaron y Maia PERALTA, amistades y dem\u00e1s deudos participan su deceso y comunican que sus restos, fueron inhumados en la necr\u00f3polis de nuestra localidad. Casa de duelo Calle Mitre N\u00b0 616, Tornquist. Servicio a cargo de la Cooperativa El\u00e9ctrica Limitada de Tornquist.<u><\/u>\u00a0<u><\/u><\/span><\/p>\n<\/div>","protected":false},"excerpt":{"rendered":"<p>Gregorio ALBARENQUE (\u201cGOYO\u201d)-Q.E.P.D.&#8211;: Falleci\u00f3 en Tornquist, el 13 de Marzo de 2022 a los 88 a\u00f1os de edad. Su esposa Francisca GONZALEZ. Sus hijos pol\u00edticos Noemi y Rub\u00e9n PALMA, Miguel PERALTA. Sus nietos pol\u00edticos Antonella PALMA, Martin y Emmanuel PERALTA. Su nieta del coraz\u00f3n Mariana FERNADEZ. Sus bisnietos pol\u00edticos William, Aaron y Maia PERALTA, amistades [&hellip;]<\/p>\n","protected":false},"author":2,"featured_media":5691,"comment_status":"open","ping_status":"open","sticky":false,"template":"","format":"standard","meta":[],"categories":[44],"tags":[147],"_links":{"self":[{"href":"https:\/\/observadorserrano.com.ar\/index.php?rest_route=\/wp\/v2\/posts\/5962"}],"collection":[{"href":"https:\/\/observadorserrano.com.ar\/index.php?rest_route=\/wp\/v2\/posts"}],"about":[{"href":"https:\/\/observadorserrano.com.ar\/index.php?rest_route=\/wp\/v2\/types\/post"}],"author":[{"embeddable":true,"href":"https:\/\/observadorserrano.com.ar\/index.php?rest_route=\/wp\/v2\/users\/2"}],"replies":[{"embeddable":true,"href":"https:\/\/observadorserrano.com.ar\/index.php?rest_route=%2Fwp%2Fv2%2Fcomments&post=5962"}],"version-history":[{"count":1,"href":"https:\/\/observadorserrano.com.ar\/index.php?rest_route=\/wp\/v2\/posts\/5962\/revisions"}],"predecessor-version":[{"id":5963,"href":"https:\/\/observadorserrano.com.ar\/index.php?rest_route=\/wp\/v2\/posts\/5962\/revisions\/5963"}],"wp:featuredmedia":[{"embeddable":true,"href":"https:\/\/observadorserrano.com.ar\/index.php?rest_route=\/wp\/v2\/media\/5691"}],"wp:attachment":[{"href":"https:\/\/observadorserrano.com.ar\/index.php?rest_route=%2Fwp%2Fv2%2Fmedia&parent=5962"}],"wp:term":[{"taxonomy":"category","embeddable":true,"href":"https:\/\/observadorserrano.com.ar\/index.php?rest_route=%2Fwp%2Fv2%2Fcategories&post=5962"},{"taxonomy":"post_tag","embeddable":true,"href":"https:\/\/observadorserrano.com.ar\/index.php?rest_route=%2Fwp%2Fv2%2Ftags&post=5962"}],"curies":[{"name":"wp","href":"https:\/\/api.w.org\/{rel}","templated":true}]}}