{"id":5971,"date":"2022-03-15T18:12:56","date_gmt":"2022-03-15T21:12:56","guid":{"rendered":"https:\/\/observadorserrano.com.ar\/?p=5971"},"modified":"2022-03-15T18:12:56","modified_gmt":"2022-03-15T21:12:56","slug":"distinguieron-a-los-bomberos-de-saldungaray-que-combatieron-los-incendios-en-corrientes","status":"publish","type":"post","link":"https:\/\/observadorserrano.com.ar\/?p=5971","title":{"rendered":"Distinguieron a los bomberos de Saldungaray que combatieron los incendios en Corrientes"},"content":{"rendered":"<div class=\"pf-content\"><p>El intendente Sergio Bordoni y el Secretario de Gobierno y Seguridad, Ezequiel Gabella, distinguieron este lunes a los cuatro bomberos voluntarios de Saldungaray que trabajaron durante febrero en los incendios forestales de la Provincia de Corrientes.<\/p>\n<p>Se trata del Ayudante Primero\u00a0Pablo Esquivel y de los bomberos Facundo Escudero, Luis Carabajal y\u00a0Laura\u00a0De Philippis, pertenecientes al cuerpo activo de la localidad y que fueron convocados por la Federaci\u00f3n de Bomberos Voluntarios Bonaerenses.<\/p>\n<p>Durante la entrega de los diplomas de reconocimiento, que tuvo lugar en la instituci\u00f3n bomberil y de la que tambi\u00e9n participaron el delegado Gerardo Rohlmann y el Director de Acci\u00f3n Social, Facundo Pereyra, los funcionarios municipales, recibidos por la Secretaria de la Comisi\u00f3n Directiva de la entidad, Cristina Maldonado,le expresaron a los brigadistas que se sintieron movilizados por c\u00f3mo los incendios conmocionaron al pa\u00eds entero y la respuesta solidaria de la sociedad.<\/p>\n<p>Frente a eso, consideraron un buen gesto comenzar a reconocer a todos los bomberos voluntarios del distrito que toman acci\u00f3n para prestar colaboraci\u00f3n en siniestros en otras jurisdicciones y provincias.<\/p>\n<figure class=\"wp-block-gallery columns-3 is-cropped\">\n<ul class=\"blocks-gallery-grid\">\n<li class=\"blocks-gallery-item\">\n<figure><img loading=\"lazy\" class=\"wp-image-64487\" src=\"http:\/\/www.celttv.com.ar\/wp-content\/uploads\/2022\/03\/Reconocimiento-Bomberos-Saldungaray-1-1024x683.jpeg\" sizes=\"(max-width: 1024px) 100vw, 1024px\" srcset=\"http:\/\/www.celttv.com.ar\/wp-content\/uploads\/2022\/03\/Reconocimiento-Bomberos-Saldungaray-1-1024x683.jpeg 1024w, http:\/\/www.celttv.com.ar\/wp-content\/uploads\/2022\/03\/Reconocimiento-Bomberos-Saldungaray-1-780x520.jpeg 780w, http:\/\/www.celttv.com.ar\/wp-content\/uploads\/2022\/03\/Reconocimiento-Bomberos-Saldungaray-1-768x512.jpeg 768w, http:\/\/www.celttv.com.ar\/wp-content\/uploads\/2022\/03\/Reconocimiento-Bomberos-Saldungaray-1-1536x1024.jpeg 1536w, http:\/\/www.celttv.com.ar\/wp-content\/uploads\/2022\/03\/Reconocimiento-Bomberos-Saldungaray-1.jpeg 1599w\" alt=\"\" width=\"1024\" height=\"683\" data-id=\"64487\" data-full-url=\"http:\/\/www.celttv.com.ar\/wp-content\/uploads\/2022\/03\/Reconocimiento-Bomberos-Saldungaray-1.jpeg\" data-link=\"http:\/\/www.celttv.com.ar\/?attachment_id=64487\" \/><\/figure>\n<\/li>\n<li class=\"blocks-gallery-item\">\n<figure><img loading=\"lazy\" class=\"wp-image-64488\" src=\"http:\/\/www.celttv.com.ar\/wp-content\/uploads\/2022\/03\/Reconocimiento-Bomberos-Saldungaray-2-1024x695.jpeg\" sizes=\"(max-width: 1024px) 100vw, 1024px\" srcset=\"http:\/\/www.celttv.com.ar\/wp-content\/uploads\/2022\/03\/Reconocimiento-Bomberos-Saldungaray-2-1024x695.jpeg 1024w, http:\/\/www.celttv.com.ar\/wp-content\/uploads\/2022\/03\/Reconocimiento-Bomberos-Saldungaray-2-780x529.jpeg 780w, http:\/\/www.celttv.com.ar\/wp-content\/uploads\/2022\/03\/Reconocimiento-Bomberos-Saldungaray-2-768x521.jpeg 768w, http:\/\/www.celttv.com.ar\/wp-content\/uploads\/2022\/03\/Reconocimiento-Bomberos-Saldungaray-2.jpeg 1515w\" alt=\"\" width=\"1024\" height=\"695\" data-id=\"64488\" data-full-url=\"http:\/\/www.celttv.com.ar\/wp-content\/uploads\/2022\/03\/Reconocimiento-Bomberos-Saldungaray-2.jpeg\" data-link=\"http:\/\/www.celttv.com.ar\/?attachment_id=64488\" \/><\/figure>\n<\/li>\n<li class=\"blocks-gallery-item\">\n<figure><img loading=\"lazy\" class=\"wp-image-64489\" src=\"http:\/\/www.celttv.com.ar\/wp-content\/uploads\/2022\/03\/Reconocimiento-Bomberos-Saldungaray-3-1024x683.jpeg\" sizes=\"(max-width: 1024px) 100vw, 1024px\" srcset=\"http:\/\/www.celttv.com.ar\/wp-content\/uploads\/2022\/03\/Reconocimiento-Bomberos-Saldungaray-3-1024x683.jpeg 1024w, http:\/\/www.celttv.com.ar\/wp-content\/uploads\/2022\/03\/Reconocimiento-Bomberos-Saldungaray-3-780x520.jpeg 780w, http:\/\/www.celttv.com.ar\/wp-content\/uploads\/2022\/03\/Reconocimiento-Bomberos-Saldungaray-3-768x512.jpeg 768w, http:\/\/www.celttv.com.ar\/wp-content\/uploads\/2022\/03\/Reconocimiento-Bomberos-Saldungaray-3-1536x1024.jpeg 1536w, http:\/\/www.celttv.com.ar\/wp-content\/uploads\/2022\/03\/Reconocimiento-Bomberos-Saldungaray-3.jpeg 1599w\" alt=\"\" width=\"1024\" height=\"683\" data-id=\"64489\" data-full-url=\"http:\/\/www.celttv.com.ar\/wp-content\/uploads\/2022\/03\/Reconocimiento-Bomberos-Saldungaray-3.jpeg\" data-link=\"http:\/\/www.celttv.com.ar\/?attachment_id=64489\" \/><\/figure>\n<\/li>\n<li class=\"blocks-gallery-item\">\n<figure><img loading=\"lazy\" class=\"wp-image-64490\" src=\"http:\/\/www.celttv.com.ar\/wp-content\/uploads\/2022\/03\/Reconocimiento-Bomberos-Saldungaray-4-1024x683.jpeg\" sizes=\"(max-width: 1024px) 100vw, 1024px\" srcset=\"http:\/\/www.celttv.com.ar\/wp-content\/uploads\/2022\/03\/Reconocimiento-Bomberos-Saldungaray-4-1024x683.jpeg 1024w, http:\/\/www.celttv.com.ar\/wp-content\/uploads\/2022\/03\/Reconocimiento-Bomberos-Saldungaray-4-780x520.jpeg 780w, http:\/\/www.celttv.com.ar\/wp-content\/uploads\/2022\/03\/Reconocimiento-Bomberos-Saldungaray-4-768x512.jpeg 768w, http:\/\/www.celttv.com.ar\/wp-content\/uploads\/2022\/03\/Reconocimiento-Bomberos-Saldungaray-4-1536x1024.jpeg 1536w, http:\/\/www.celttv.com.ar\/wp-content\/uploads\/2022\/03\/Reconocimiento-Bomberos-Saldungaray-4.jpeg 1599w\" alt=\"\" width=\"1024\" height=\"683\" data-id=\"64490\" data-full-url=\"http:\/\/www.celttv.com.ar\/wp-content\/uploads\/2022\/03\/Reconocimiento-Bomberos-Saldungaray-4.jpeg\" data-link=\"http:\/\/www.celttv.com.ar\/?attachment_id=64490\" \/><\/figure>\n<\/li>\n<li class=\"blocks-gallery-item\">\n<figure><img loading=\"lazy\" class=\"wp-image-64491\" src=\"http:\/\/www.celttv.com.ar\/wp-content\/uploads\/2022\/03\/Reconocimiento-Bomberos-Saldungaray-5-1024x683.jpeg\" sizes=\"(max-width: 1024px) 100vw, 1024px\" srcset=\"http:\/\/www.celttv.com.ar\/wp-content\/uploads\/2022\/03\/Reconocimiento-Bomberos-Saldungaray-5-1024x683.jpeg 1024w, http:\/\/www.celttv.com.ar\/wp-content\/uploads\/2022\/03\/Reconocimiento-Bomberos-Saldungaray-5-780x520.jpeg 780w, http:\/\/www.celttv.com.ar\/wp-content\/uploads\/2022\/03\/Reconocimiento-Bomberos-Saldungaray-5-768x512.jpeg 768w, http:\/\/www.celttv.com.ar\/wp-content\/uploads\/2022\/03\/Reconocimiento-Bomberos-Saldungaray-5-1536x1024.jpeg 1536w, http:\/\/www.celttv.com.ar\/wp-content\/uploads\/2022\/03\/Reconocimiento-Bomberos-Saldungaray-5.jpeg 1599w\" alt=\"\" width=\"1024\" height=\"683\" data-id=\"64491\" data-full-url=\"http:\/\/www.celttv.com.ar\/wp-content\/uploads\/2022\/03\/Reconocimiento-Bomberos-Saldungaray-5.jpeg\" data-link=\"http:\/\/www.celttv.com.ar\/?attachment_id=64491\" \/><\/figure>\n<\/li>\n<li class=\"blocks-gallery-item\">\n<figure><img loading=\"lazy\" class=\"wp-image-64492\" src=\"http:\/\/www.celttv.com.ar\/wp-content\/uploads\/2022\/03\/Reconocimiento-Bomberos-Saldungaray-6-1024x683.jpeg\" sizes=\"(max-width: 1024px) 100vw, 1024px\" srcset=\"http:\/\/www.celttv.com.ar\/wp-content\/uploads\/2022\/03\/Reconocimiento-Bomberos-Saldungaray-6-1024x683.jpeg 1024w, http:\/\/www.celttv.com.ar\/wp-content\/uploads\/2022\/03\/Reconocimiento-Bomberos-Saldungaray-6-780x520.jpeg 780w, http:\/\/www.celttv.com.ar\/wp-content\/uploads\/2022\/03\/Reconocimiento-Bomberos-Saldungaray-6-768x512.jpeg 768w, http:\/\/www.celttv.com.ar\/wp-content\/uploads\/2022\/03\/Reconocimiento-Bomberos-Saldungaray-6-1536x1024.jpeg 1536w, http:\/\/www.celttv.com.ar\/wp-content\/uploads\/2022\/03\/Reconocimiento-Bomberos-Saldungaray-6.jpeg 1599w\" alt=\"\" width=\"1024\" height=\"683\" data-id=\"64492\" data-full-url=\"http:\/\/www.celttv.com.ar\/wp-content\/uploads\/2022\/03\/Reconocimiento-Bomberos-Saldungaray-6.jpeg\" data-link=\"http:\/\/www.celttv.com.ar\/?attachment_id=64492\" \/><\/figure>\n<\/li>\n<\/ul>\n<\/figure>\n<\/div>","protected":false},"excerpt":{"rendered":"<p>El intendente Sergio Bordoni y el Secretario de Gobierno y Seguridad, Ezequiel Gabella, distinguieron este lunes a los cuatro bomberos voluntarios de Saldungaray que trabajaron durante febrero en los incendios forestales de la Provincia de Corrientes. Se trata del Ayudante Primero\u00a0Pablo Esquivel y de los bomberos Facundo Escudero, Luis Carabajal y\u00a0Laura\u00a0De Philippis, pertenecientes al cuerpo [&hellip;]<\/p>\n","protected":false},"author":2,"featured_media":5972,"comment_status":"open","ping_status":"open","sticky":false,"template":"","format":"standard","meta":[],"categories":[18,43,45],"tags":[1331],"_links":{"self":[{"href":"https:\/\/observadorserrano.com.ar\/index.php?rest_route=\/wp\/v2\/posts\/5971"}],"collection":[{"href":"https:\/\/observadorserrano.com.ar\/index.php?rest_route=\/wp\/v2\/posts"}],"about":[{"href":"https:\/\/observadorserrano.com.ar\/index.php?rest_route=\/wp\/v2\/types\/post"}],"author":[{"embeddable":true,"href":"https:\/\/observadorserrano.com.ar\/index.php?rest_route=\/wp\/v2\/users\/2"}],"replies":[{"embeddable":true,"href":"https:\/\/observadorserrano.com.ar\/index.php?rest_route=%2Fwp%2Fv2%2Fcomments&post=5971"}],"version-history":[{"count":1,"href":"https:\/\/observadorserrano.com.ar\/index.php?rest_route=\/wp\/v2\/posts\/5971\/revisions"}],"predecessor-version":[{"id":5973,"href":"https:\/\/observadorserrano.com.ar\/index.php?rest_route=\/wp\/v2\/posts\/5971\/revisions\/5973"}],"wp:featuredmedia":[{"embeddable":true,"href":"https:\/\/observadorserrano.com.ar\/index.php?rest_route=\/wp\/v2\/media\/5972"}],"wp:attachment":[{"href":"https:\/\/observadorserrano.com.ar\/index.php?rest_route=%2Fwp%2Fv2%2Fmedia&parent=5971"}],"wp:term":[{"taxonomy":"category","embeddable":true,"href":"https:\/\/observadorserrano.com.ar\/index.php?rest_route=%2Fwp%2Fv2%2Fcategories&post=5971"},{"taxonomy":"post_tag","embeddable":true,"href":"https:\/\/observadorserrano.com.ar\/index.php?rest_route=%2Fwp%2Fv2%2Ftags&post=5971"}],"curies":[{"name":"wp","href":"https:\/\/api.w.org\/{rel}","templated":true}]}}