{"id":598,"date":"2020-11-10T20:22:31","date_gmt":"2020-11-10T23:22:31","guid":{"rendered":"https:\/\/observadorserrano.com.ar\/?p=598"},"modified":"2020-11-10T20:22:31","modified_gmt":"2020-11-10T23:22:31","slug":"ezequiel-gabella-aperturas-protocolos-controles-y-hechos-policiales","status":"publish","type":"post","link":"https:\/\/observadorserrano.com.ar\/?p=598","title":{"rendered":"Ezequiel Gabella: Aperturas, protocolos, controles y hechos policiales"},"content":{"rendered":"<div class=\"pf-content\"><p>En di\u00e1logo con CELTTV Noticias el secretario de Gobierno y Seguridad Ezequiel Gabella coment\u00f3 que se est\u00e1 trabajando en los protocolos sobre la utilizaci\u00f3n de piletas, camping y otros espacios p\u00fablicos que habitualmente la gente utiliza.<\/p>\n<p>&#8220;M\u00e1s que protocolos tendr\u00edamos que hablar de una guia para que la gente pueda utilizarlos&#8221; sostuvo Gabella.<\/p>\n<p>&#8220;Tornquist es un distrito que est\u00e1 en fase 4, pero su situaci\u00f3n epidemiol\u00f3gica indica que d\u00eda a d\u00eda siguen bajando los casos activos&#8221; subray\u00f3 Gabella.<\/p>\n<p>&#8220;El hecho de que no existan los controles al ingreso de los pueblos hace que sea una invitaci\u00f3n a que muchas personas vengan a pasar el d\u00eda a la comarca tur\u00edstica y eso engrosa notoriamente el n\u00famero de personas que est\u00e1n circulando en las localidades&#8221; sostuvo el Secretario de\u00a0 Gobierno y Seguridad.<\/p>\n<p>&#8220;En los papeles el turismo empieza el 1\u00ba de diciembre, pero hay que entender la enorme necesidad que estaba teniendo la gente, sobre todo de las grandes ciudades, de poder circular y visitar lugares&#8221; dijo Gabella haciendo un an\u00e1lisis de como ha respondido el visitante y la repercusi\u00f3n econ\u00f3mica que esto ha tenido hasta el momento.<\/p>\n<p>El funcionario tambi\u00e9n coment\u00f3 que se ha dispuesto de personal municipal para advertir a aquellos comercios que no hagan del todo los deberes en cuanto a lo que es aglomeramiento de personas, para que hagan las cosas bien. &#8220;Necesitamos que ellos nos ayuden cumpliendo con los protocolos y con las medidas impuestas, que tienen una raz\u00f3n de ser&#8221; se\u00f1al\u00f3 Gabella.<\/p>\n<p>&#8220;No nos va a temblar el pulso en tomar las medidas que haya que tomar, inclusive la clausura de aquellos lugares que no cumplan\u00a0 con los protocolos y permitan que dentro de sus instalaciones haya aglomeramiento de personas&#8221; asegur\u00f3.<\/p>\n<p>Gabella no descart\u00f3 la posibilidad de seguir recuperando actividades, si la situaci\u00f3n epidemiol\u00f3gica se sigue comportando como en la actualidad aunque fue cauto cuando se le pregunt\u00f3 respecto al desarrollo de fiestas populares, considerando que dif\u00edcilmente se puedan realizar como era costumbre.<\/p>\n<p>El funcionario municipal adelant\u00f3 que la actividad en el Parque Provincial Ernesto Tornquist comenzar\u00e1 el 1ro. de diciembre, al igual que la temporada tur\u00edstica.<\/p>\n<p>&nbsp;<\/p>\n<p>UNA BROMA DE MAL GUSTO Y UN ALLANAMIENTO DONDE SECUESTRAN ESTUPEFACIENTES<\/p>\n<p>En su car\u00e1cter de Secretario de Seguridad Gabella fue consultado sobre &#8220;la broma de mal gusto&#8221;, hecho ocurrido el pasado s\u00e1bado, que demand\u00f3 el movimiento de bomberos, ambulancia y polic\u00eda que concurrieron a un accidente que no existi\u00f3.<\/p>\n<p>Tambi\u00e9n se refiri\u00f3 a lo ocurrido en Sierra de la Ventana que comenz\u00f3 con la detenci\u00f3n de un sujeto por la agresi\u00f3n a su ex pareja en el interior de un automovil y deriv\u00f3 en un allanamiento donde secuestraron estupefacientes para tenencia y comercializaci\u00f3n.<\/p>\n<p><strong>NOTA COMPLETA EN VIDEO DE CELTTV NOTICIAS<\/strong><\/p>\n<div class=\"jeg_video_container jeg_video_content\"><iframe loading=\"lazy\" title=\"2020 11 10 EZEQUIEL GABELLA VIA ZOOM\" width=\"500\" height=\"281\" src=\"https:\/\/www.youtube.com\/embed\/0fCj1vkmKkQ?feature=oembed\" frameborder=\"0\" allow=\"accelerometer; autoplay; clipboard-write; encrypted-media; gyroscope; picture-in-picture\" allowfullscreen><\/iframe><\/div>\n<p>&#8220;M\u00e1s que protocolos tendr\u00edamos que hablar de una guia para que la gente pueda utilizarlos&#8221; sostuvo Gabella.<\/p>\n<p>&#8220;Tornquist es un distrito que est\u00e1 en fase 4, pero su situaci\u00f3n epidemiol\u00f3gica indica que d\u00eda a d\u00eda siguen bajando los casos activos&#8221; subray\u00f3 Gabella.<\/p>\n<p>&#8220;El hecho de que no existan los controles al ingreso de los pueblos hace que sea una invitaci\u00f3n a que muchas personas vengan a pasar el d\u00eda a la comarca tur\u00edstica y eso engrosa notoriamente el n\u00famero de personas que est\u00e1n circulando en las localidades&#8221; sostuvo el Secretario de\u00a0 Gobierno y Seguridad.<\/p>\n<p>&#8220;En los papeles el turismo empieza el 1\u00ba de diciembre, pero hay que entender la enorme necesidad que estaba teniendo la gente, sobre todo de las grandes ciudades, de poder circular y visitar lugares&#8221; dijo Gabella haciendo un an\u00e1lisis de como ha respondido el visitante y la repercusi\u00f3n econ\u00f3mica que esto ha tenido hasta el momento.<\/p>\n<p>El funcionario tambi\u00e9n coment\u00f3 que se ha dispuesto de personal municipal para advertir a aquellos comercios que no hagan del todo los deberes en cuanto a lo que es aglomeramiento de personas, para que hagan las cosas bien. &#8220;Necesitamos que ellos nos ayuden cumpliendo con los protocolos y con las medidas impuestas, que tienen una raz\u00f3n de ser&#8221; se\u00f1al\u00f3 Gabella.<\/p>\n<p>&#8220;No nos va a temblar el pulso en tomar las medidas que haya que tomar, inclusive la clausura de aquellos lugares que no cumplan\u00a0 con los protocolos y permitan que dentro de sus instalaciones haya aglomeramiento de personas&#8221; asegur\u00f3.<\/p>\n<p>Gabella no descart\u00f3 la posibilidad de seguir recuperando actividades, si la situaci\u00f3n epidemiol\u00f3gica se sigue comportando como en la actualidad aunque fue cauto cuando se le pregunt\u00f3 respecto al desarrollo de fiestas populares, considerando que dif\u00edcilmente se puedan realizar como era costumbre.<\/p>\n<p>El funcionario municipal adelant\u00f3 que la actividad en el Parque Provincial Ernesto Tornquist comenzar\u00e1 el 1ro. de diciembre, al igual que la temporada tur\u00edstica.<\/p>\n<p>&nbsp;<\/p>\n<p>UNA BROMA DE MAL GUSTO Y UN ALLANAMIENTO DONDE SECUESTRAN ESTUPEFACIENTES<\/p>\n<p>En su car\u00e1cter de Secretario de Seguridad Gabella fue consultado sobre &#8220;la broma de mal gusto&#8221;, hecho ocurrido el pasado s\u00e1bado, que demand\u00f3 el movimiento de bomberos, ambulancia y polic\u00eda que concurrieron a un accidente que no existi\u00f3.<\/p>\n<p>Tambi\u00e9n se refiri\u00f3 a lo ocurrido en Sierra de la Ventana que comenz\u00f3 con la detenci\u00f3n de un sujeto por la agresi\u00f3n a su ex pareja en el interior de un automovil y deriv\u00f3 en un allanamiento donde secuestraron estupefacientes para tenencia y comercializaci\u00f3n.<\/p>\n<p><strong>NOTA COMPLETA EN VIDEO DE CELTTV NOTICIAS<\/strong><\/p>\n<div class=\"jeg_video_container jeg_video_content\"><iframe loading=\"lazy\" title=\"2020 11 10 EZEQUIEL GABELLA VIA ZOOM\" width=\"500\" height=\"281\" src=\"https:\/\/www.youtube.com\/embed\/0fCj1vkmKkQ?feature=oembed\" frameborder=\"0\" allow=\"accelerometer; autoplay; clipboard-write; encrypted-media; gyroscope; picture-in-picture\" allowfullscreen><\/iframe><\/div>\n<\/div>","protected":false},"excerpt":{"rendered":"<p>En di\u00e1logo con CELTTV Noticias el secretario de Gobierno y Seguridad Ezequiel Gabella coment\u00f3 que se est\u00e1 trabajando en los protocolos sobre la utilizaci\u00f3n de piletas, camping y otros espacios p\u00fablicos que habitualmente la gente utiliza. &#8220;M\u00e1s que protocolos tendr\u00edamos que hablar de una guia para que la gente pueda utilizarlos&#8221; sostuvo Gabella. &#8220;Tornquist es [&hellip;]<\/p>\n","protected":false},"author":2,"featured_media":600,"comment_status":"open","ping_status":"open","sticky":false,"template":"","format":"standard","meta":[],"categories":[43],"tags":[],"_links":{"self":[{"href":"https:\/\/observadorserrano.com.ar\/index.php?rest_route=\/wp\/v2\/posts\/598"}],"collection":[{"href":"https:\/\/observadorserrano.com.ar\/index.php?rest_route=\/wp\/v2\/posts"}],"about":[{"href":"https:\/\/observadorserrano.com.ar\/index.php?rest_route=\/wp\/v2\/types\/post"}],"author":[{"embeddable":true,"href":"https:\/\/observadorserrano.com.ar\/index.php?rest_route=\/wp\/v2\/users\/2"}],"replies":[{"embeddable":true,"href":"https:\/\/observadorserrano.com.ar\/index.php?rest_route=%2Fwp%2Fv2%2Fcomments&post=598"}],"version-history":[{"count":1,"href":"https:\/\/observadorserrano.com.ar\/index.php?rest_route=\/wp\/v2\/posts\/598\/revisions"}],"predecessor-version":[{"id":599,"href":"https:\/\/observadorserrano.com.ar\/index.php?rest_route=\/wp\/v2\/posts\/598\/revisions\/599"}],"wp:featuredmedia":[{"embeddable":true,"href":"https:\/\/observadorserrano.com.ar\/index.php?rest_route=\/wp\/v2\/media\/600"}],"wp:attachment":[{"href":"https:\/\/observadorserrano.com.ar\/index.php?rest_route=%2Fwp%2Fv2%2Fmedia&parent=598"}],"wp:term":[{"taxonomy":"category","embeddable":true,"href":"https:\/\/observadorserrano.com.ar\/index.php?rest_route=%2Fwp%2Fv2%2Fcategories&post=598"},{"taxonomy":"post_tag","embeddable":true,"href":"https:\/\/observadorserrano.com.ar\/index.php?rest_route=%2Fwp%2Fv2%2Ftags&post=598"}],"curies":[{"name":"wp","href":"https:\/\/api.w.org\/{rel}","templated":true}]}}