{"id":607,"date":"2020-11-11T17:29:37","date_gmt":"2020-11-11T20:29:37","guid":{"rendered":"https:\/\/observadorserrano.com.ar\/?p=607"},"modified":"2020-11-11T17:29:37","modified_gmt":"2020-11-11T20:29:37","slug":"kicillof-las-pequenas-y-medianas-empresas-seran-las-grandes-protagonistas-de-la-pospandemia","status":"publish","type":"post","link":"https:\/\/observadorserrano.com.ar\/?p=607","title":{"rendered":"Kicillof: \u201cLas peque\u00f1as y medianas empresas ser\u00e1n las grandes protagonistas de la pospandemia\u201d"},"content":{"rendered":"<div class=\"pf-content\"><table border=\"0\" cellspacing=\"0\" cellpadding=\"0\">\n<tbody>\n<tr>\n<td class=\"m_9058757771756413076stack-column\" valign=\"top\">\n<div>\n<div>El gobernador de la provincia de Buenos Aires, Axel Kicillof, destac\u00f3 \u201cla articulaci\u00f3n entre el sector p\u00fablico y el privado para alcanzar una recuperaci\u00f3n econ\u00f3mica r\u00e1pida e igualitaria\u201d, al encabezar esta ma\u00f1ana la apertura del seminario \u201cAcceso al financiamiento de las PyMEs en la pospandemia\u201d, organizado por el Fondo de Garant\u00edas de Buenos Aires (FOGABA) en el marco de la celebraci\u00f3n por su 25\u00ba aniversario.<\/p>\n<\/div>\n<div>\n<div>Del evento participaron tambi\u00e9n el ministro de Desarrollo Productivo de la Naci\u00f3n, Mat\u00edas Kulfas; su par de Producci\u00f3n, Ciencia e Innovaci\u00f3n Tecnol\u00f3gica bonaerense, Augusto Costa; el presidente del Banco Provincia, Juan Cuattromo; y la presidenta de FOGABA, Ver\u00f3nica Wejchenberg.<\/div>\n<div><\/div>\n<\/div>\n<div>\n<div>\u201cTrabajamos para acercar los instrumentos financieros m\u00e1s efectivos a las PyMEs, que hoy est\u00e1n sufriendo la pandemia pero que ser\u00e1n las grandes protagonistas de la recuperaci\u00f3n\u201d, afirm\u00f3 Kicillof, y agreg\u00f3: \u201cNuestro objetivo es garantizar que las oportunidades de inversi\u00f3n est\u00e9n disponibles para todos los segmentos productivos\u201d.<\/div>\n<div><\/div>\n<\/div>\n<div>\n<div>Por su parte, Costa remarc\u00f3: \u201cEs fundamental que desde el Estado podamos brindar herramientas que favorezcan la inclusi\u00f3n financiera de actores que por distintas razones tienen dificultades para acceder al cr\u00e9dito en condiciones convenientes\u201d. Y destac\u00f3: \u201cEl trabajo de FOGABA es un ejemplo de la articulaci\u00f3n p\u00fablico privada que es indispensable para tener un proyecto de desarrollo productivo en la provincia de Buenos Aires\u201d.<\/div>\n<div><\/div>\n<\/div>\n<div>\n<div>\u201cLas PyMEs van a ser centrales para una recuperaci\u00f3n econ\u00f3mica en beneficio del empleo y de una econom\u00eda m\u00e1s vigorosa, justa y equitativa\u201d, afirm\u00f3 Kulfas, y agreg\u00f3: \u201cReafirmamos nuestro compromiso de trabajar juntos en un verdadero proceso de inclusi\u00f3n financiera para las peque\u00f1as y medianas empresas\u201d.<\/div>\n<div><\/div>\n<\/div>\n<div>\n<div>Asimismo, Cuattromo subray\u00f3 \u201cla alianza estrat\u00e9gica entre el Banco Provincia y FOGABA para promover la producci\u00f3n de forma inteligente e integrada\u201d. \u201cEste a\u00f1o nos adaptamos r\u00e1pidamente a las circunstancias y trabajamos para sostener la actividad y el empleo, potenciando los instrumentos que permitir\u00e1n la reactivaci\u00f3n en la pospandemia\u201d, agreg\u00f3.<\/div>\n<div><\/div>\n<\/div>\n<div>\n<div>\u201cEstamos renovando nuestro compromiso con la producci\u00f3n\u201d, asegur\u00f3 Ver\u00f3nica Wejchenberg, y ponder\u00f3 \u201cla existencia de un Estado que planifica y conduce\u201d. \u201cFOGABA trabaja en la federalizaci\u00f3n del entramado productivo con presencia en los 135 municipios\u201d, detall\u00f3.<\/div>\n<div><\/div>\n<\/div>\n<div>\n<div>\u201cEnfrentamos una de las crisis m\u00e1s grandes de la historia, pero lo hacemos trabajando de forma conjunta para alcanzar una salida r\u00e1pida y equitativa\u201d, sostuvo el Gobernador, y concluy\u00f3: \u201cEste seminario es muy oportuno para permitir que las peque\u00f1as y medianas empresas conozcan todos los instrumentos que tienen a su disposici\u00f3n\u201d.<\/div>\n<div><\/div>\n<\/div>\n<div>El evento que inici\u00f3 esta ma\u00f1ana contar\u00e1 con seis paneles de especialistas donde se debatir\u00e1 respecto de las herramientas que permitir\u00edan abordar las problem\u00e1ticas de las PyMEs en la Argentina y en la provincia de Buenos Aires para acceder al cr\u00e9dito productivo. Todas las exposiciones podr\u00e1n observarse en vivo desde el canal de YouTube del Ministerio de Producci\u00f3n, Ciencia e Innovaci\u00f3n Tecnol\u00f3gica.<\/div>\n<div><img loading=\"lazy\" class=\"alignnone size-medium wp-image-608\" src=\"https:\/\/observadorserrano.com.ar\/wp-content\/uploads\/2020\/11\/D_00080-Medium-300x187.jpg\" alt=\"\" width=\"300\" height=\"187\" srcset=\"https:\/\/observadorserrano.com.ar\/wp-content\/uploads\/2020\/11\/D_00080-Medium-300x187.jpg 300w, https:\/\/observadorserrano.com.ar\/wp-content\/uploads\/2020\/11\/D_00080-Medium-1024x640.jpg 1024w, https:\/\/observadorserrano.com.ar\/wp-content\/uploads\/2020\/11\/D_00080-Medium-768x480.jpg 768w, https:\/\/observadorserrano.com.ar\/wp-content\/uploads\/2020\/11\/D_00080-Medium-480x300.jpg 480w, https:\/\/observadorserrano.com.ar\/wp-content\/uploads\/2020\/11\/D_00080-Medium-750x469.jpg 750w, https:\/\/observadorserrano.com.ar\/wp-content\/uploads\/2020\/11\/D_00080-Medium-1140x712.jpg 1140w, https:\/\/observadorserrano.com.ar\/wp-content\/uploads\/2020\/11\/D_00080-Medium.jpg 1229w\" sizes=\"(max-width: 300px) 100vw, 300px\" \/> <img loading=\"lazy\" class=\"alignnone size-medium wp-image-609\" src=\"https:\/\/observadorserrano.com.ar\/wp-content\/uploads\/2020\/11\/D_00154-Medium-300x187.jpg\" alt=\"\" width=\"300\" height=\"187\" srcset=\"https:\/\/observadorserrano.com.ar\/wp-content\/uploads\/2020\/11\/D_00154-Medium-300x187.jpg 300w, https:\/\/observadorserrano.com.ar\/wp-content\/uploads\/2020\/11\/D_00154-Medium-1024x640.jpg 1024w, https:\/\/observadorserrano.com.ar\/wp-content\/uploads\/2020\/11\/D_00154-Medium-768x480.jpg 768w, https:\/\/observadorserrano.com.ar\/wp-content\/uploads\/2020\/11\/D_00154-Medium-480x300.jpg 480w, https:\/\/observadorserrano.com.ar\/wp-content\/uploads\/2020\/11\/D_00154-Medium-750x469.jpg 750w, https:\/\/observadorserrano.com.ar\/wp-content\/uploads\/2020\/11\/D_00154-Medium-1140x712.jpg 1140w, https:\/\/observadorserrano.com.ar\/wp-content\/uploads\/2020\/11\/D_00154-Medium.jpg 1229w\" sizes=\"(max-width: 300px) 100vw, 300px\" \/> <img loading=\"lazy\" class=\"alignnone size-medium wp-image-610\" src=\"https:\/\/observadorserrano.com.ar\/wp-content\/uploads\/2020\/11\/D_00210-Medium-300x187.jpg\" alt=\"\" width=\"300\" height=\"187\" srcset=\"https:\/\/observadorserrano.com.ar\/wp-content\/uploads\/2020\/11\/D_00210-Medium-300x187.jpg 300w, https:\/\/observadorserrano.com.ar\/wp-content\/uploads\/2020\/11\/D_00210-Medium-1024x640.jpg 1024w, https:\/\/observadorserrano.com.ar\/wp-content\/uploads\/2020\/11\/D_00210-Medium-768x480.jpg 768w, https:\/\/observadorserrano.com.ar\/wp-content\/uploads\/2020\/11\/D_00210-Medium-480x300.jpg 480w, https:\/\/observadorserrano.com.ar\/wp-content\/uploads\/2020\/11\/D_00210-Medium-750x469.jpg 750w, https:\/\/observadorserrano.com.ar\/wp-content\/uploads\/2020\/11\/D_00210-Medium-1140x712.jpg 1140w, https:\/\/observadorserrano.com.ar\/wp-content\/uploads\/2020\/11\/D_00210-Medium.jpg 1229w\" sizes=\"(max-width: 300px) 100vw, 300px\" \/> <img loading=\"lazy\" class=\"alignnone size-medium wp-image-611\" src=\"https:\/\/observadorserrano.com.ar\/wp-content\/uploads\/2020\/11\/MG_0022-Medium-300x187.jpg\" alt=\"\" width=\"300\" height=\"187\" srcset=\"https:\/\/observadorserrano.com.ar\/wp-content\/uploads\/2020\/11\/MG_0022-Medium-300x187.jpg 300w, https:\/\/observadorserrano.com.ar\/wp-content\/uploads\/2020\/11\/MG_0022-Medium-1024x640.jpg 1024w, https:\/\/observadorserrano.com.ar\/wp-content\/uploads\/2020\/11\/MG_0022-Medium-768x480.jpg 768w, https:\/\/observadorserrano.com.ar\/wp-content\/uploads\/2020\/11\/MG_0022-Medium-480x300.jpg 480w, https:\/\/observadorserrano.com.ar\/wp-content\/uploads\/2020\/11\/MG_0022-Medium-750x469.jpg 750w, https:\/\/observadorserrano.com.ar\/wp-content\/uploads\/2020\/11\/MG_0022-Medium-1140x712.jpg 1140w, https:\/\/observadorserrano.com.ar\/wp-content\/uploads\/2020\/11\/MG_0022-Medium.jpg 1229w\" sizes=\"(max-width: 300px) 100vw, 300px\" \/> <img loading=\"lazy\" class=\"alignnone size-medium wp-image-612\" src=\"https:\/\/observadorserrano.com.ar\/wp-content\/uploads\/2020\/11\/MG_0041-Medium-300x187.jpg\" alt=\"\" width=\"300\" height=\"187\" srcset=\"https:\/\/observadorserrano.com.ar\/wp-content\/uploads\/2020\/11\/MG_0041-Medium-300x187.jpg 300w, https:\/\/observadorserrano.com.ar\/wp-content\/uploads\/2020\/11\/MG_0041-Medium-1024x640.jpg 1024w, https:\/\/observadorserrano.com.ar\/wp-content\/uploads\/2020\/11\/MG_0041-Medium-768x480.jpg 768w, https:\/\/observadorserrano.com.ar\/wp-content\/uploads\/2020\/11\/MG_0041-Medium-480x300.jpg 480w, https:\/\/observadorserrano.com.ar\/wp-content\/uploads\/2020\/11\/MG_0041-Medium-750x469.jpg 750w, https:\/\/observadorserrano.com.ar\/wp-content\/uploads\/2020\/11\/MG_0041-Medium-1140x712.jpg 1140w, https:\/\/observadorserrano.com.ar\/wp-content\/uploads\/2020\/11\/MG_0041-Medium.jpg 1229w\" sizes=\"(max-width: 300px) 100vw, 300px\" \/><\/div>\n<\/div>\n<\/td>\n<\/tr>\n<\/tbody>\n<\/table>\n<\/div>","protected":false},"excerpt":{"rendered":"<p>El gobernador de la provincia de Buenos Aires, Axel Kicillof, destac\u00f3 \u201cla articulaci\u00f3n entre el sector p\u00fablico y el privado para alcanzar una recuperaci\u00f3n econ\u00f3mica r\u00e1pida e igualitaria\u201d, al encabezar esta ma\u00f1ana la apertura del seminario \u201cAcceso al financiamiento de las PyMEs en la pospandemia\u201d, organizado por el Fondo de Garant\u00edas de Buenos Aires (FOGABA) [&hellip;]<\/p>\n","protected":false},"author":2,"featured_media":611,"comment_status":"open","ping_status":"open","sticky":false,"template":"","format":"standard","meta":[],"categories":[43],"tags":[],"_links":{"self":[{"href":"https:\/\/observadorserrano.com.ar\/index.php?rest_route=\/wp\/v2\/posts\/607"}],"collection":[{"href":"https:\/\/observadorserrano.com.ar\/index.php?rest_route=\/wp\/v2\/posts"}],"about":[{"href":"https:\/\/observadorserrano.com.ar\/index.php?rest_route=\/wp\/v2\/types\/post"}],"author":[{"embeddable":true,"href":"https:\/\/observadorserrano.com.ar\/index.php?rest_route=\/wp\/v2\/users\/2"}],"replies":[{"embeddable":true,"href":"https:\/\/observadorserrano.com.ar\/index.php?rest_route=%2Fwp%2Fv2%2Fcomments&post=607"}],"version-history":[{"count":1,"href":"https:\/\/observadorserrano.com.ar\/index.php?rest_route=\/wp\/v2\/posts\/607\/revisions"}],"predecessor-version":[{"id":613,"href":"https:\/\/observadorserrano.com.ar\/index.php?rest_route=\/wp\/v2\/posts\/607\/revisions\/613"}],"wp:featuredmedia":[{"embeddable":true,"href":"https:\/\/observadorserrano.com.ar\/index.php?rest_route=\/wp\/v2\/media\/611"}],"wp:attachment":[{"href":"https:\/\/observadorserrano.com.ar\/index.php?rest_route=%2Fwp%2Fv2%2Fmedia&parent=607"}],"wp:term":[{"taxonomy":"category","embeddable":true,"href":"https:\/\/observadorserrano.com.ar\/index.php?rest_route=%2Fwp%2Fv2%2Fcategories&post=607"},{"taxonomy":"post_tag","embeddable":true,"href":"https:\/\/observadorserrano.com.ar\/index.php?rest_route=%2Fwp%2Fv2%2Ftags&post=607"}],"curies":[{"name":"wp","href":"https:\/\/api.w.org\/{rel}","templated":true}]}}