{"id":614,"date":"2020-11-11T18:36:22","date_gmt":"2020-11-11T21:36:22","guid":{"rendered":"https:\/\/observadorserrano.com.ar\/?p=614"},"modified":"2020-11-11T18:36:22","modified_gmt":"2020-11-11T21:36:22","slug":"irina-chesnevar-tenemos-que-tener-un-riesgo-bajo-en-el-distrito-como-para-comenzar-a-pensar-en-una-presencialidad","status":"publish","type":"post","link":"https:\/\/observadorserrano.com.ar\/?p=614","title":{"rendered":"Irina Ches\u00f1evar:  &#8220;Tenemos que tener un riesgo bajo en el distrito como para comenzar a pensar en una presencialidad&#8221;"},"content":{"rendered":"<div class=\"pf-content\"><p>&#8220;En relaci\u00f3n al regreso a las aulas en forma presencial, en el contexto de la pandemia, y en funci\u00f3n del plan jurisdiccional que se nos ordena para tomar las decisiones correspondientes, tenemos que tener un riesgo bajo en el distrito como para comenzar a pensar en una presencialidad&#8221; explic\u00f3 a CELTTV Noticias la Inspectora Jefe de Ense\u00f1anza del distrito de Tornquist\u00a0 Prof. Irina Ches\u00f1evar.<\/p>\n<p>La inspectora Jefe agreg\u00f3 que se est\u00e1 aguardando el descenso de los casos, ya que el distrito de Tornquist hoy se lo considera como riesgo medio.<\/p>\n<p>&#8220;Hoy no podemos pensar en regresar f\u00edsicamente a las escuelas, pero suponiendo que en la semana entrante estuvi\u00e9ramos en un riesgo bajo y que pudi\u00e9ramos pensar en un regreso; ese regreso no ser\u00e1 generalizado de todos los chicos a la escuela. Ser\u00e1 un regreso de aquellos alumnos que est\u00e1n mas desvinculados de los procesos educativos para fortalecerlos y que puedan tener el a\u00f1o de la mejor manera posible&#8221; sostuvo Ches\u00f1evar.<\/p>\n<p>La titular de educaci\u00f3n del distrito de Tornquist se refiri\u00f3 tambi\u00e9n a la infraestructura escolar y destac\u00f3, en ese sentido, el permanente contacto con el Consejo Escolar. Asimismo hizo menci\u00f3n a los protocolos que habr\u00e1 que cumplir. &#8220;Estamos pensando en lo que queda de este a\u00f1o, pero principalmente en le inicio del a\u00f1o pr\u00f3ximo&#8221; sostuvo Irina.<\/p>\n<p>Tambi\u00e9n se refiri\u00f3 a la modalidad a emplear al momento de la evaluaci\u00f3n de los alumnos y los docentes, luego de transitar un a\u00f1o tan at\u00edpico en la ense\u00f1anza.<\/p>\n<p>En otros p\u00e1rrafos coment\u00f3 acerca de la propuesta de continuidad pedag\u00f3gica que ser\u00e1 acercada al domicilio de los alumnos y estar\u00e1 a cargo de estudiantes del Instituto Superior y de institutos de otros distritos, que viven en el distrito de Tornquist.<\/p>\n<p>&#8220;Estos estudiantes se est\u00e1n preparando y dentro de unos d\u00edas concurrir\u00e1n a las viviendas de los alumnos para acercarles propuestas de continuidad pedag\u00f3gica&#8221; destac\u00f3 Ches\u00f1evar.<\/p>\n<p><strong>NOTA COMPLETA DE CELTTV NOTICIAS<\/strong><\/p>\n<div class=\"jeg_video_container jeg_video_content\"><iframe loading=\"lazy\" title=\"2020 11 11 COMUNICACION VIA ZOOM CON IRINA CHES\u00d1EVAR\" width=\"500\" height=\"281\" src=\"https:\/\/www.youtube.com\/embed\/Ul5UCeYH_Qo?feature=oembed\" frameborder=\"0\" allow=\"accelerometer; autoplay; clipboard-write; encrypted-media; gyroscope; picture-in-picture\" allowfullscreen><\/iframe><\/div>\n<p>&nbsp;<\/p>\n<\/div>","protected":false},"excerpt":{"rendered":"<p>&#8220;En relaci\u00f3n al regreso a las aulas en forma presencial, en el contexto de la pandemia, y en funci\u00f3n del plan jurisdiccional que se nos ordena para tomar las decisiones correspondientes, tenemos que tener un riesgo bajo en el distrito como para comenzar a pensar en una presencialidad&#8221; explic\u00f3 a CELTTV Noticias la Inspectora Jefe [&hellip;]<\/p>\n","protected":false},"author":2,"featured_media":615,"comment_status":"open","ping_status":"open","sticky":false,"template":"","format":"standard","meta":[],"categories":[19,43],"tags":[],"_links":{"self":[{"href":"https:\/\/observadorserrano.com.ar\/index.php?rest_route=\/wp\/v2\/posts\/614"}],"collection":[{"href":"https:\/\/observadorserrano.com.ar\/index.php?rest_route=\/wp\/v2\/posts"}],"about":[{"href":"https:\/\/observadorserrano.com.ar\/index.php?rest_route=\/wp\/v2\/types\/post"}],"author":[{"embeddable":true,"href":"https:\/\/observadorserrano.com.ar\/index.php?rest_route=\/wp\/v2\/users\/2"}],"replies":[{"embeddable":true,"href":"https:\/\/observadorserrano.com.ar\/index.php?rest_route=%2Fwp%2Fv2%2Fcomments&post=614"}],"version-history":[{"count":1,"href":"https:\/\/observadorserrano.com.ar\/index.php?rest_route=\/wp\/v2\/posts\/614\/revisions"}],"predecessor-version":[{"id":616,"href":"https:\/\/observadorserrano.com.ar\/index.php?rest_route=\/wp\/v2\/posts\/614\/revisions\/616"}],"wp:featuredmedia":[{"embeddable":true,"href":"https:\/\/observadorserrano.com.ar\/index.php?rest_route=\/wp\/v2\/media\/615"}],"wp:attachment":[{"href":"https:\/\/observadorserrano.com.ar\/index.php?rest_route=%2Fwp%2Fv2%2Fmedia&parent=614"}],"wp:term":[{"taxonomy":"category","embeddable":true,"href":"https:\/\/observadorserrano.com.ar\/index.php?rest_route=%2Fwp%2Fv2%2Fcategories&post=614"},{"taxonomy":"post_tag","embeddable":true,"href":"https:\/\/observadorserrano.com.ar\/index.php?rest_route=%2Fwp%2Fv2%2Ftags&post=614"}],"curies":[{"name":"wp","href":"https:\/\/api.w.org\/{rel}","templated":true}]}}