{"id":6162,"date":"2022-04-20T19:25:32","date_gmt":"2022-04-20T22:25:32","guid":{"rendered":"https:\/\/observadorserrano.com.ar\/?p=6162"},"modified":"2022-04-20T19:25:32","modified_gmt":"2022-04-20T22:25:32","slug":"el-centro-de-jubilados-de-villa-ventana-hizo-realidad-el-sueno-de-su-sede-propia","status":"publish","type":"post","link":"https:\/\/observadorserrano.com.ar\/?p=6162","title":{"rendered":"El Centro de Jubilados de Villa Ventana hizo realidad el sue\u00f1o de su sede propia"},"content":{"rendered":"<div class=\"pf-content\"><p>Este mi\u00e9rcoles qued\u00f3 inaugurada la nueva sede del Centro de Jubilados y Pensionados \u2018Los Aromos\u2019 de Villa Ventana, un lugar esperado por la instituci\u00f3n desde sus comienzos en 2015 y que vio hecho realidad este 20 de abril.<\/p>\n<p>La edificaci\u00f3n de 72 metros cuadrados, que consta de un sal\u00f3n de usos m\u00faltiples, dos sanitarios (uno para personas con discapacidad) y cocina, fue ejecutada en un terreno cedido por la actual gesti\u00f3n de gobierno municipal en 2019, que tambi\u00e9n financi\u00f3 la obra junto a la comisi\u00f3n directiva y al aporte de privados.<\/p>\n<p>En el acto de presentaci\u00f3n de las nuevas instalaciones estuvieron presentes el Secretario de Gobierno y Seguridad, Ezequiel Gabella; la delegada de Villa Ventana, Florencia Testa; la presidente Alicia \u00c1valos y dem\u00e1s autoridades de la entidad anfitriona; representantes de centros de jubilados del distrito y de instituciones locales; y vecinos.<\/p>\n<p>\u201cLa parte m\u00e1s linda de una gesti\u00f3n de gobierno es ver realizadas cosas donde, la decisi\u00f3n pol\u00edtica del intendente de turno, tiene frutos como estos. Pero lo m\u00e1s importante que se invirti\u00f3, se est\u00e1 invirtiendo y se va a invertir, es el tiempo, y eso lo hace la gente de todos los centros de jubilados. Es visible el enorme esfuerzo que hacen; sigan de esta manera que desde el municipio los vamos a estar apoyando\u201d, sostuvo Gabella.<\/p>\n<p>La jornada tambi\u00e9n tuvo palabras \u2018Chichi\u2019 \u00c1valos, quien expres\u00f3 su felicidad y su agradecimiento a todos los que hicieron posible ver hecho realidad el sue\u00f1o de la sede propia; el descubrimiento de una placa y la proyecci\u00f3n de un video que repas\u00f3 todo el recorrido de la obra, desde el inicio hasta su conclusi\u00f3n.<\/p>\n<p><img loading=\"lazy\" class=\"alignnone size-full wp-image-6163\" src=\"https:\/\/observadorserrano.com.ar\/wp-content\/uploads\/2022\/04\/Inauguracion-Centro-Villa-1.jpg\" alt=\"\" width=\"2000\" height=\"1500\" srcset=\"https:\/\/observadorserrano.com.ar\/wp-content\/uploads\/2022\/04\/Inauguracion-Centro-Villa-1.jpg 2000w, https:\/\/observadorserrano.com.ar\/wp-content\/uploads\/2022\/04\/Inauguracion-Centro-Villa-1-300x225.jpg 300w, https:\/\/observadorserrano.com.ar\/wp-content\/uploads\/2022\/04\/Inauguracion-Centro-Villa-1-768x576.jpg 768w, https:\/\/observadorserrano.com.ar\/wp-content\/uploads\/2022\/04\/Inauguracion-Centro-Villa-1-1024x768.jpg 1024w, https:\/\/observadorserrano.com.ar\/wp-content\/uploads\/2022\/04\/Inauguracion-Centro-Villa-1-1536x1152.jpg 1536w, https:\/\/observadorserrano.com.ar\/wp-content\/uploads\/2022\/04\/Inauguracion-Centro-Villa-1-467x350.jpg 467w, https:\/\/observadorserrano.com.ar\/wp-content\/uploads\/2022\/04\/Inauguracion-Centro-Villa-1-400x300.jpg 400w, https:\/\/observadorserrano.com.ar\/wp-content\/uploads\/2022\/04\/Inauguracion-Centro-Villa-1-750x563.jpg 750w, https:\/\/observadorserrano.com.ar\/wp-content\/uploads\/2022\/04\/Inauguracion-Centro-Villa-1-1140x855.jpg 1140w\" sizes=\"(max-width: 2000px) 100vw, 2000px\" \/> <img loading=\"lazy\" class=\"alignnone size-noticia-750\u00d7350-recortada wp-image-6164\" src=\"https:\/\/observadorserrano.com.ar\/wp-content\/uploads\/2022\/04\/Inauguracion-Centro-Villa-2.jpg\" alt=\"\" width=\"2000\" height=\"1500\" srcset=\"https:\/\/observadorserrano.com.ar\/wp-content\/uploads\/2022\/04\/Inauguracion-Centro-Villa-2.jpg 2000w, https:\/\/observadorserrano.com.ar\/wp-content\/uploads\/2022\/04\/Inauguracion-Centro-Villa-2-300x225.jpg 300w, https:\/\/observadorserrano.com.ar\/wp-content\/uploads\/2022\/04\/Inauguracion-Centro-Villa-2-768x576.jpg 768w, https:\/\/observadorserrano.com.ar\/wp-content\/uploads\/2022\/04\/Inauguracion-Centro-Villa-2-1024x768.jpg 1024w, https:\/\/observadorserrano.com.ar\/wp-content\/uploads\/2022\/04\/Inauguracion-Centro-Villa-2-1536x1152.jpg 1536w, https:\/\/observadorserrano.com.ar\/wp-content\/uploads\/2022\/04\/Inauguracion-Centro-Villa-2-467x350.jpg 467w, https:\/\/observadorserrano.com.ar\/wp-content\/uploads\/2022\/04\/Inauguracion-Centro-Villa-2-400x300.jpg 400w, https:\/\/observadorserrano.com.ar\/wp-content\/uploads\/2022\/04\/Inauguracion-Centro-Villa-2-750x563.jpg 750w, https:\/\/observadorserrano.com.ar\/wp-content\/uploads\/2022\/04\/Inauguracion-Centro-Villa-2-1140x855.jpg 1140w\" sizes=\"(max-width: 2000px) 100vw, 2000px\" \/> <img loading=\"lazy\" class=\"alignnone size-noticia-750\u00d7350-recortada wp-image-6165\" src=\"https:\/\/observadorserrano.com.ar\/wp-content\/uploads\/2022\/04\/Inauguracion-Centro-Villa-3.jpg\" alt=\"\" width=\"2000\" height=\"1500\" srcset=\"https:\/\/observadorserrano.com.ar\/wp-content\/uploads\/2022\/04\/Inauguracion-Centro-Villa-3.jpg 2000w, https:\/\/observadorserrano.com.ar\/wp-content\/uploads\/2022\/04\/Inauguracion-Centro-Villa-3-300x225.jpg 300w, https:\/\/observadorserrano.com.ar\/wp-content\/uploads\/2022\/04\/Inauguracion-Centro-Villa-3-768x576.jpg 768w, https:\/\/observadorserrano.com.ar\/wp-content\/uploads\/2022\/04\/Inauguracion-Centro-Villa-3-1024x768.jpg 1024w, https:\/\/observadorserrano.com.ar\/wp-content\/uploads\/2022\/04\/Inauguracion-Centro-Villa-3-1536x1152.jpg 1536w, https:\/\/observadorserrano.com.ar\/wp-content\/uploads\/2022\/04\/Inauguracion-Centro-Villa-3-467x350.jpg 467w, https:\/\/observadorserrano.com.ar\/wp-content\/uploads\/2022\/04\/Inauguracion-Centro-Villa-3-400x300.jpg 400w, https:\/\/observadorserrano.com.ar\/wp-content\/uploads\/2022\/04\/Inauguracion-Centro-Villa-3-750x563.jpg 750w, https:\/\/observadorserrano.com.ar\/wp-content\/uploads\/2022\/04\/Inauguracion-Centro-Villa-3-1140x855.jpg 1140w\" sizes=\"(max-width: 2000px) 100vw, 2000px\" \/> <img loading=\"lazy\" class=\"alignnone size-noticia-750\u00d7350-recortada wp-image-6166\" src=\"https:\/\/observadorserrano.com.ar\/wp-content\/uploads\/2022\/04\/Inauguracion-Centro-Villa-4.jpg\" alt=\"\" width=\"2000\" height=\"1415\" srcset=\"https:\/\/observadorserrano.com.ar\/wp-content\/uploads\/2022\/04\/Inauguracion-Centro-Villa-4.jpg 2000w, https:\/\/observadorserrano.com.ar\/wp-content\/uploads\/2022\/04\/Inauguracion-Centro-Villa-4-300x212.jpg 300w, https:\/\/observadorserrano.com.ar\/wp-content\/uploads\/2022\/04\/Inauguracion-Centro-Villa-4-768x543.jpg 768w, https:\/\/observadorserrano.com.ar\/wp-content\/uploads\/2022\/04\/Inauguracion-Centro-Villa-4-1024x724.jpg 1024w, https:\/\/observadorserrano.com.ar\/wp-content\/uploads\/2022\/04\/Inauguracion-Centro-Villa-4-1536x1087.jpg 1536w, https:\/\/observadorserrano.com.ar\/wp-content\/uploads\/2022\/04\/Inauguracion-Centro-Villa-4-495x350.jpg 495w, https:\/\/observadorserrano.com.ar\/wp-content\/uploads\/2022\/04\/Inauguracion-Centro-Villa-4-424x300.jpg 424w, https:\/\/observadorserrano.com.ar\/wp-content\/uploads\/2022\/04\/Inauguracion-Centro-Villa-4-150x105.jpg 150w, https:\/\/observadorserrano.com.ar\/wp-content\/uploads\/2022\/04\/Inauguracion-Centro-Villa-4-120x86.jpg 120w, https:\/\/observadorserrano.com.ar\/wp-content\/uploads\/2022\/04\/Inauguracion-Centro-Villa-4-750x531.jpg 750w, https:\/\/observadorserrano.com.ar\/wp-content\/uploads\/2022\/04\/Inauguracion-Centro-Villa-4-1140x807.jpg 1140w\" sizes=\"(max-width: 2000px) 100vw, 2000px\" \/> <img loading=\"lazy\" class=\"alignnone size-noticia-750\u00d7350-recortada wp-image-6167\" src=\"https:\/\/observadorserrano.com.ar\/wp-content\/uploads\/2022\/04\/Inauguracion-Centro-Villa-5.jpg\" alt=\"\" width=\"2000\" height=\"1500\" srcset=\"https:\/\/observadorserrano.com.ar\/wp-content\/uploads\/2022\/04\/Inauguracion-Centro-Villa-5.jpg 2000w, https:\/\/observadorserrano.com.ar\/wp-content\/uploads\/2022\/04\/Inauguracion-Centro-Villa-5-300x225.jpg 300w, https:\/\/observadorserrano.com.ar\/wp-content\/uploads\/2022\/04\/Inauguracion-Centro-Villa-5-768x576.jpg 768w, https:\/\/observadorserrano.com.ar\/wp-content\/uploads\/2022\/04\/Inauguracion-Centro-Villa-5-1024x768.jpg 1024w, https:\/\/observadorserrano.com.ar\/wp-content\/uploads\/2022\/04\/Inauguracion-Centro-Villa-5-1536x1152.jpg 1536w, https:\/\/observadorserrano.com.ar\/wp-content\/uploads\/2022\/04\/Inauguracion-Centro-Villa-5-467x350.jpg 467w, https:\/\/observadorserrano.com.ar\/wp-content\/uploads\/2022\/04\/Inauguracion-Centro-Villa-5-400x300.jpg 400w, https:\/\/observadorserrano.com.ar\/wp-content\/uploads\/2022\/04\/Inauguracion-Centro-Villa-5-750x563.jpg 750w, https:\/\/observadorserrano.com.ar\/wp-content\/uploads\/2022\/04\/Inauguracion-Centro-Villa-5-1140x855.jpg 1140w\" sizes=\"(max-width: 2000px) 100vw, 2000px\" \/> <img loading=\"lazy\" class=\"alignnone size-noticia-750\u00d7350-recortada wp-image-6168\" src=\"https:\/\/observadorserrano.com.ar\/wp-content\/uploads\/2022\/04\/Inauguracion-Centro-Villa-6.jpg\" alt=\"\" width=\"2000\" height=\"1500\" srcset=\"https:\/\/observadorserrano.com.ar\/wp-content\/uploads\/2022\/04\/Inauguracion-Centro-Villa-6.jpg 2000w, https:\/\/observadorserrano.com.ar\/wp-content\/uploads\/2022\/04\/Inauguracion-Centro-Villa-6-300x225.jpg 300w, https:\/\/observadorserrano.com.ar\/wp-content\/uploads\/2022\/04\/Inauguracion-Centro-Villa-6-768x576.jpg 768w, https:\/\/observadorserrano.com.ar\/wp-content\/uploads\/2022\/04\/Inauguracion-Centro-Villa-6-1024x768.jpg 1024w, https:\/\/observadorserrano.com.ar\/wp-content\/uploads\/2022\/04\/Inauguracion-Centro-Villa-6-1536x1152.jpg 1536w, https:\/\/observadorserrano.com.ar\/wp-content\/uploads\/2022\/04\/Inauguracion-Centro-Villa-6-467x350.jpg 467w, https:\/\/observadorserrano.com.ar\/wp-content\/uploads\/2022\/04\/Inauguracion-Centro-Villa-6-400x300.jpg 400w, https:\/\/observadorserrano.com.ar\/wp-content\/uploads\/2022\/04\/Inauguracion-Centro-Villa-6-750x563.jpg 750w, https:\/\/observadorserrano.com.ar\/wp-content\/uploads\/2022\/04\/Inauguracion-Centro-Villa-6-1140x855.jpg 1140w\" sizes=\"(max-width: 2000px) 100vw, 2000px\" \/> <img loading=\"lazy\" class=\"alignnone size-noticia-750\u00d7350-recortada wp-image-6169\" src=\"https:\/\/observadorserrano.com.ar\/wp-content\/uploads\/2022\/04\/Inauguracion-Centro-Villa-7.jpg\" alt=\"\" width=\"2000\" height=\"1500\" srcset=\"https:\/\/observadorserrano.com.ar\/wp-content\/uploads\/2022\/04\/Inauguracion-Centro-Villa-7.jpg 2000w, https:\/\/observadorserrano.com.ar\/wp-content\/uploads\/2022\/04\/Inauguracion-Centro-Villa-7-300x225.jpg 300w, https:\/\/observadorserrano.com.ar\/wp-content\/uploads\/2022\/04\/Inauguracion-Centro-Villa-7-768x576.jpg 768w, https:\/\/observadorserrano.com.ar\/wp-content\/uploads\/2022\/04\/Inauguracion-Centro-Villa-7-1024x768.jpg 1024w, https:\/\/observadorserrano.com.ar\/wp-content\/uploads\/2022\/04\/Inauguracion-Centro-Villa-7-1536x1152.jpg 1536w, https:\/\/observadorserrano.com.ar\/wp-content\/uploads\/2022\/04\/Inauguracion-Centro-Villa-7-467x350.jpg 467w, https:\/\/observadorserrano.com.ar\/wp-content\/uploads\/2022\/04\/Inauguracion-Centro-Villa-7-400x300.jpg 400w, https:\/\/observadorserrano.com.ar\/wp-content\/uploads\/2022\/04\/Inauguracion-Centro-Villa-7-750x563.jpg 750w, https:\/\/observadorserrano.com.ar\/wp-content\/uploads\/2022\/04\/Inauguracion-Centro-Villa-7-1140x855.jpg 1140w\" sizes=\"(max-width: 2000px) 100vw, 2000px\" \/> <img loading=\"lazy\" class=\"alignnone size-noticia-750\u00d7350-recortada wp-image-6170\" src=\"https:\/\/observadorserrano.com.ar\/wp-content\/uploads\/2022\/04\/Inauguracion-Centro-Villa-8.jpg\" alt=\"\" width=\"2000\" height=\"1500\" srcset=\"https:\/\/observadorserrano.com.ar\/wp-content\/uploads\/2022\/04\/Inauguracion-Centro-Villa-8.jpg 2000w, https:\/\/observadorserrano.com.ar\/wp-content\/uploads\/2022\/04\/Inauguracion-Centro-Villa-8-300x225.jpg 300w, https:\/\/observadorserrano.com.ar\/wp-content\/uploads\/2022\/04\/Inauguracion-Centro-Villa-8-768x576.jpg 768w, https:\/\/observadorserrano.com.ar\/wp-content\/uploads\/2022\/04\/Inauguracion-Centro-Villa-8-1024x768.jpg 1024w, https:\/\/observadorserrano.com.ar\/wp-content\/uploads\/2022\/04\/Inauguracion-Centro-Villa-8-1536x1152.jpg 1536w, https:\/\/observadorserrano.com.ar\/wp-content\/uploads\/2022\/04\/Inauguracion-Centro-Villa-8-467x350.jpg 467w, https:\/\/observadorserrano.com.ar\/wp-content\/uploads\/2022\/04\/Inauguracion-Centro-Villa-8-400x300.jpg 400w, https:\/\/observadorserrano.com.ar\/wp-content\/uploads\/2022\/04\/Inauguracion-Centro-Villa-8-750x563.jpg 750w, https:\/\/observadorserrano.com.ar\/wp-content\/uploads\/2022\/04\/Inauguracion-Centro-Villa-8-1140x855.jpg 1140w\" sizes=\"(max-width: 2000px) 100vw, 2000px\" \/> <img loading=\"lazy\" class=\"alignnone size-noticia-750\u00d7350-recortada wp-image-6171\" src=\"https:\/\/observadorserrano.com.ar\/wp-content\/uploads\/2022\/04\/Inauguracion-Centro-Villa-9.jpg\" alt=\"\" width=\"2000\" height=\"1500\" srcset=\"https:\/\/observadorserrano.com.ar\/wp-content\/uploads\/2022\/04\/Inauguracion-Centro-Villa-9.jpg 2000w, https:\/\/observadorserrano.com.ar\/wp-content\/uploads\/2022\/04\/Inauguracion-Centro-Villa-9-300x225.jpg 300w, https:\/\/observadorserrano.com.ar\/wp-content\/uploads\/2022\/04\/Inauguracion-Centro-Villa-9-768x576.jpg 768w, https:\/\/observadorserrano.com.ar\/wp-content\/uploads\/2022\/04\/Inauguracion-Centro-Villa-9-1024x768.jpg 1024w, https:\/\/observadorserrano.com.ar\/wp-content\/uploads\/2022\/04\/Inauguracion-Centro-Villa-9-1536x1152.jpg 1536w, https:\/\/observadorserrano.com.ar\/wp-content\/uploads\/2022\/04\/Inauguracion-Centro-Villa-9-467x350.jpg 467w, https:\/\/observadorserrano.com.ar\/wp-content\/uploads\/2022\/04\/Inauguracion-Centro-Villa-9-400x300.jpg 400w, https:\/\/observadorserrano.com.ar\/wp-content\/uploads\/2022\/04\/Inauguracion-Centro-Villa-9-750x563.jpg 750w, https:\/\/observadorserrano.com.ar\/wp-content\/uploads\/2022\/04\/Inauguracion-Centro-Villa-9-1140x855.jpg 1140w\" sizes=\"(max-width: 2000px) 100vw, 2000px\" \/> <img loading=\"lazy\" class=\"alignnone size-noticia-750\u00d7350-recortada wp-image-6172\" src=\"https:\/\/observadorserrano.com.ar\/wp-content\/uploads\/2022\/04\/Inauguracion-Centro-Villa-10.jpg\" alt=\"\" width=\"2000\" height=\"1500\" srcset=\"https:\/\/observadorserrano.com.ar\/wp-content\/uploads\/2022\/04\/Inauguracion-Centro-Villa-10.jpg 2000w, https:\/\/observadorserrano.com.ar\/wp-content\/uploads\/2022\/04\/Inauguracion-Centro-Villa-10-300x225.jpg 300w, https:\/\/observadorserrano.com.ar\/wp-content\/uploads\/2022\/04\/Inauguracion-Centro-Villa-10-768x576.jpg 768w, https:\/\/observadorserrano.com.ar\/wp-content\/uploads\/2022\/04\/Inauguracion-Centro-Villa-10-1024x768.jpg 1024w, https:\/\/observadorserrano.com.ar\/wp-content\/uploads\/2022\/04\/Inauguracion-Centro-Villa-10-1536x1152.jpg 1536w, https:\/\/observadorserrano.com.ar\/wp-content\/uploads\/2022\/04\/Inauguracion-Centro-Villa-10-467x350.jpg 467w, https:\/\/observadorserrano.com.ar\/wp-content\/uploads\/2022\/04\/Inauguracion-Centro-Villa-10-400x300.jpg 400w, https:\/\/observadorserrano.com.ar\/wp-content\/uploads\/2022\/04\/Inauguracion-Centro-Villa-10-750x563.jpg 750w, https:\/\/observadorserrano.com.ar\/wp-content\/uploads\/2022\/04\/Inauguracion-Centro-Villa-10-1140x855.jpg 1140w\" sizes=\"(max-width: 2000px) 100vw, 2000px\" \/> <img loading=\"lazy\" class=\"alignnone size-noticia-750\u00d7350-recortada wp-image-6173\" src=\"https:\/\/observadorserrano.com.ar\/wp-content\/uploads\/2022\/04\/Inauguracion-Centro-Villa-11.jpg\" alt=\"\" width=\"2000\" height=\"1500\" srcset=\"https:\/\/observadorserrano.com.ar\/wp-content\/uploads\/2022\/04\/Inauguracion-Centro-Villa-11.jpg 2000w, https:\/\/observadorserrano.com.ar\/wp-content\/uploads\/2022\/04\/Inauguracion-Centro-Villa-11-300x225.jpg 300w, https:\/\/observadorserrano.com.ar\/wp-content\/uploads\/2022\/04\/Inauguracion-Centro-Villa-11-768x576.jpg 768w, https:\/\/observadorserrano.com.ar\/wp-content\/uploads\/2022\/04\/Inauguracion-Centro-Villa-11-1024x768.jpg 1024w, https:\/\/observadorserrano.com.ar\/wp-content\/uploads\/2022\/04\/Inauguracion-Centro-Villa-11-1536x1152.jpg 1536w, https:\/\/observadorserrano.com.ar\/wp-content\/uploads\/2022\/04\/Inauguracion-Centro-Villa-11-467x350.jpg 467w, https:\/\/observadorserrano.com.ar\/wp-content\/uploads\/2022\/04\/Inauguracion-Centro-Villa-11-400x300.jpg 400w, https:\/\/observadorserrano.com.ar\/wp-content\/uploads\/2022\/04\/Inauguracion-Centro-Villa-11-750x563.jpg 750w, https:\/\/observadorserrano.com.ar\/wp-content\/uploads\/2022\/04\/Inauguracion-Centro-Villa-11-1140x855.jpg 1140w\" sizes=\"(max-width: 2000px) 100vw, 2000px\" \/> <img loading=\"lazy\" class=\"alignnone size-noticia-750\u00d7350-recortada wp-image-6174\" src=\"https:\/\/observadorserrano.com.ar\/wp-content\/uploads\/2022\/04\/Inauguracion-Centro-Villa-12.jpg\" alt=\"\" width=\"2000\" height=\"1500\" srcset=\"https:\/\/observadorserrano.com.ar\/wp-content\/uploads\/2022\/04\/Inauguracion-Centro-Villa-12.jpg 2000w, https:\/\/observadorserrano.com.ar\/wp-content\/uploads\/2022\/04\/Inauguracion-Centro-Villa-12-300x225.jpg 300w, https:\/\/observadorserrano.com.ar\/wp-content\/uploads\/2022\/04\/Inauguracion-Centro-Villa-12-768x576.jpg 768w, https:\/\/observadorserrano.com.ar\/wp-content\/uploads\/2022\/04\/Inauguracion-Centro-Villa-12-1024x768.jpg 1024w, https:\/\/observadorserrano.com.ar\/wp-content\/uploads\/2022\/04\/Inauguracion-Centro-Villa-12-1536x1152.jpg 1536w, https:\/\/observadorserrano.com.ar\/wp-content\/uploads\/2022\/04\/Inauguracion-Centro-Villa-12-467x350.jpg 467w, https:\/\/observadorserrano.com.ar\/wp-content\/uploads\/2022\/04\/Inauguracion-Centro-Villa-12-400x300.jpg 400w, https:\/\/observadorserrano.com.ar\/wp-content\/uploads\/2022\/04\/Inauguracion-Centro-Villa-12-750x563.jpg 750w, https:\/\/observadorserrano.com.ar\/wp-content\/uploads\/2022\/04\/Inauguracion-Centro-Villa-12-1140x855.jpg 1140w\" sizes=\"(max-width: 2000px) 100vw, 2000px\" \/> <img loading=\"lazy\" class=\"alignnone size-noticia-750\u00d7350-recortada wp-image-6175\" src=\"https:\/\/observadorserrano.com.ar\/wp-content\/uploads\/2022\/04\/Inauguracion-Centro-Villa-13.jpg\" alt=\"\" width=\"2000\" height=\"1499\" srcset=\"https:\/\/observadorserrano.com.ar\/wp-content\/uploads\/2022\/04\/Inauguracion-Centro-Villa-13.jpg 2000w, https:\/\/observadorserrano.com.ar\/wp-content\/uploads\/2022\/04\/Inauguracion-Centro-Villa-13-300x225.jpg 300w, https:\/\/observadorserrano.com.ar\/wp-content\/uploads\/2022\/04\/Inauguracion-Centro-Villa-13-768x576.jpg 768w, https:\/\/observadorserrano.com.ar\/wp-content\/uploads\/2022\/04\/Inauguracion-Centro-Villa-13-1024x767.jpg 1024w, https:\/\/observadorserrano.com.ar\/wp-content\/uploads\/2022\/04\/Inauguracion-Centro-Villa-13-1536x1151.jpg 1536w, https:\/\/observadorserrano.com.ar\/wp-content\/uploads\/2022\/04\/Inauguracion-Centro-Villa-13-467x350.jpg 467w, https:\/\/observadorserrano.com.ar\/wp-content\/uploads\/2022\/04\/Inauguracion-Centro-Villa-13-400x300.jpg 400w, https:\/\/observadorserrano.com.ar\/wp-content\/uploads\/2022\/04\/Inauguracion-Centro-Villa-13-750x562.jpg 750w, https:\/\/observadorserrano.com.ar\/wp-content\/uploads\/2022\/04\/Inauguracion-Centro-Villa-13-1140x854.jpg 1140w\" sizes=\"(max-width: 2000px) 100vw, 2000px\" \/><\/p>\n<\/div>","protected":false},"excerpt":{"rendered":"<p>Este mi\u00e9rcoles qued\u00f3 inaugurada la nueva sede del Centro de Jubilados y Pensionados \u2018Los Aromos\u2019 de Villa Ventana, un lugar esperado por la instituci\u00f3n desde sus comienzos en 2015 y que vio hecho realidad este 20 de abril. La edificaci\u00f3n de 72 metros cuadrados, que consta de un sal\u00f3n de usos m\u00faltiples, dos sanitarios (uno [&hellip;]<\/p>\n","protected":false},"author":2,"featured_media":6167,"comment_status":"open","ping_status":"open","sticky":false,"template":"","format":"standard","meta":[],"categories":[18,43,45],"tags":[1382],"_links":{"self":[{"href":"https:\/\/observadorserrano.com.ar\/index.php?rest_route=\/wp\/v2\/posts\/6162"}],"collection":[{"href":"https:\/\/observadorserrano.com.ar\/index.php?rest_route=\/wp\/v2\/posts"}],"about":[{"href":"https:\/\/observadorserrano.com.ar\/index.php?rest_route=\/wp\/v2\/types\/post"}],"author":[{"embeddable":true,"href":"https:\/\/observadorserrano.com.ar\/index.php?rest_route=\/wp\/v2\/users\/2"}],"replies":[{"embeddable":true,"href":"https:\/\/observadorserrano.com.ar\/index.php?rest_route=%2Fwp%2Fv2%2Fcomments&post=6162"}],"version-history":[{"count":1,"href":"https:\/\/observadorserrano.com.ar\/index.php?rest_route=\/wp\/v2\/posts\/6162\/revisions"}],"predecessor-version":[{"id":6176,"href":"https:\/\/observadorserrano.com.ar\/index.php?rest_route=\/wp\/v2\/posts\/6162\/revisions\/6176"}],"wp:featuredmedia":[{"embeddable":true,"href":"https:\/\/observadorserrano.com.ar\/index.php?rest_route=\/wp\/v2\/media\/6167"}],"wp:attachment":[{"href":"https:\/\/observadorserrano.com.ar\/index.php?rest_route=%2Fwp%2Fv2%2Fmedia&parent=6162"}],"wp:term":[{"taxonomy":"category","embeddable":true,"href":"https:\/\/observadorserrano.com.ar\/index.php?rest_route=%2Fwp%2Fv2%2Fcategories&post=6162"},{"taxonomy":"post_tag","embeddable":true,"href":"https:\/\/observadorserrano.com.ar\/index.php?rest_route=%2Fwp%2Fv2%2Ftags&post=6162"}],"curies":[{"name":"wp","href":"https:\/\/api.w.org\/{rel}","templated":true}]}}