{"id":617,"date":"2020-11-11T22:33:24","date_gmt":"2020-11-12T01:33:24","guid":{"rendered":"https:\/\/observadorserrano.com.ar\/?p=617"},"modified":"2020-11-11T22:33:24","modified_gmt":"2020-11-12T01:33:24","slug":"confirman-que-los-campings-podran-abrir-en-el-verano","status":"publish","type":"post","link":"https:\/\/observadorserrano.com.ar\/?p=617","title":{"rendered":"Confirman que los campings podr\u00e1n abrir en el verano"},"content":{"rendered":"<div class=\"pf-content\"><p>Para los hoteles se acord\u00f3 que el desayuno y comidas incluidas en la tarifa deben realizarse por medio de &#8220;take away&#8221; o servicio a la habitaci\u00f3n y que en \u00e1reas comunes la ventilaci\u00f3n solo puede ser natural.<\/p>\n<p>&nbsp;<\/p>\n<section class=\"nota sociedad\">\n<article class=\"\">\n<section>\n<div class=\"content-body\">\n<div class=\"multimedia-nota\">\n<div id=\"nota_body\" class=\"desarrollo width100\">\n<p>El ministro de Producci\u00f3n, Ciencia e Innovaci\u00f3n Tecnol\u00f3gica bonaerense, Augusto Costa, confirm\u00f3 hoy que los campings podr\u00e1n abrir a partir del pr\u00f3ximo 1 de diciembre en el marco de la temporada de verano y que en los hoteles no se podr\u00e1n encender aires acondicionados y ventiladores, para evitar la propagaci\u00f3n del coronavirus, inform\u00f3 la cartera provincial.<\/p>\n<p>Costa realiz\u00f3 este anuncio tras reunirse esta tarde con representantes de campings y hoteles de diferentes municipios de la provincia de cara al inicio de la temporada 2020-2021.<\/p>\n<p>El ministro confirm\u00f3 que podr\u00e1n abrir a partir del 1\u00b0 de diciembre, con un protocolo espec\u00edfico que pone especial atenci\u00f3n en la utilizaci\u00f3n responsable de vestuarios y ba\u00f1os, y restringe el uso de espacios comunes, y que se est\u00e1 elaborando con diversas \u00e1reas del Gobierno de la provincia.<\/p>\n<div class=\"modelo\"><\/div>\n<p>&#8220;Estamos trabajando con todos los sectores para que la temporada sea la mejor posible, pero no queremos descuidar la situaci\u00f3n epidemiol\u00f3gica&#8221;, sostuvo Costa al inicio del encuentro.<\/p>\n<p>Asimismo, para los hoteles se acord\u00f3 que el desayuno y comidas incluidas en la tarifa deben realizarse por medio de &#8220;take away&#8221; o servicio a la habitaci\u00f3n y que en \u00e1reas comunes la ventilaci\u00f3n s\u00f3lo puede ser natural.<\/p>\n<p>No se pueden encender aires acondicionados y ventiladores.<\/p>\n<p>Costa estuvo acompa\u00f1ado por la subsecretaria de Turismo, Ianina Bak; el director de Innovaci\u00f3n Estrat\u00e9gica en Turismo, Pablo Cabeza; y Noelia L\u00f3pez, directora Provincial de Salud Comunitaria.<\/p>\n<p>Tambi\u00e9n participaron de manera virtual Carlos Pilaftsidis, del camping El Griego de Mar del Plata; Rafael Mugica Lazaro, del camping Miguel Lillo, en Necochea; Pablo Dom\u00ednguez, del camping Estancia del Carmen en Santa Teresita; Evelyn Alcetegaray, del Balneario Reta de Tres Arroyos; Federico Furze, del Balneario Orense de Tres arroyos y Franco Di Pascuo, Roberto Rodr\u00edguez y Carlos Montaldo, de la Asociaci\u00f3n de Hoteles de Turismo, entre otros.<\/p>\n<p>(T\u00e9lam)<\/p>\n<\/div>\n<\/div>\n<\/div>\n<\/section>\n<\/article>\n<\/section>\n<div class=\"comments\"><\/div>\n<\/div>","protected":false},"excerpt":{"rendered":"<p>Para los hoteles se acord\u00f3 que el desayuno y comidas incluidas en la tarifa deben realizarse por medio de &#8220;take away&#8221; o servicio a la habitaci\u00f3n y que en \u00e1reas comunes la ventilaci\u00f3n solo puede ser natural. &nbsp; El ministro de Producci\u00f3n, Ciencia e Innovaci\u00f3n Tecnol\u00f3gica bonaerense, Augusto Costa, confirm\u00f3 hoy que los campings podr\u00e1n [&hellip;]<\/p>\n","protected":false},"author":2,"featured_media":618,"comment_status":"open","ping_status":"open","sticky":false,"template":"","format":"standard","meta":[],"categories":[43,9],"tags":[],"_links":{"self":[{"href":"https:\/\/observadorserrano.com.ar\/index.php?rest_route=\/wp\/v2\/posts\/617"}],"collection":[{"href":"https:\/\/observadorserrano.com.ar\/index.php?rest_route=\/wp\/v2\/posts"}],"about":[{"href":"https:\/\/observadorserrano.com.ar\/index.php?rest_route=\/wp\/v2\/types\/post"}],"author":[{"embeddable":true,"href":"https:\/\/observadorserrano.com.ar\/index.php?rest_route=\/wp\/v2\/users\/2"}],"replies":[{"embeddable":true,"href":"https:\/\/observadorserrano.com.ar\/index.php?rest_route=%2Fwp%2Fv2%2Fcomments&post=617"}],"version-history":[{"count":1,"href":"https:\/\/observadorserrano.com.ar\/index.php?rest_route=\/wp\/v2\/posts\/617\/revisions"}],"predecessor-version":[{"id":619,"href":"https:\/\/observadorserrano.com.ar\/index.php?rest_route=\/wp\/v2\/posts\/617\/revisions\/619"}],"wp:featuredmedia":[{"embeddable":true,"href":"https:\/\/observadorserrano.com.ar\/index.php?rest_route=\/wp\/v2\/media\/618"}],"wp:attachment":[{"href":"https:\/\/observadorserrano.com.ar\/index.php?rest_route=%2Fwp%2Fv2%2Fmedia&parent=617"}],"wp:term":[{"taxonomy":"category","embeddable":true,"href":"https:\/\/observadorserrano.com.ar\/index.php?rest_route=%2Fwp%2Fv2%2Fcategories&post=617"},{"taxonomy":"post_tag","embeddable":true,"href":"https:\/\/observadorserrano.com.ar\/index.php?rest_route=%2Fwp%2Fv2%2Ftags&post=617"}],"curies":[{"name":"wp","href":"https:\/\/api.w.org\/{rel}","templated":true}]}}