{"id":6177,"date":"2022-04-21T17:47:25","date_gmt":"2022-04-21T20:47:25","guid":{"rendered":"https:\/\/observadorserrano.com.ar\/?p=6177"},"modified":"2022-04-21T17:47:25","modified_gmt":"2022-04-21T20:47:25","slug":"los-abuelos-de-los-hogares-de-ancianos-una-de-las-prioridades-del-area-de-discapacidad-y-tercera-edad","status":"publish","type":"post","link":"https:\/\/observadorserrano.com.ar\/?p=6177","title":{"rendered":"Los abuelos de los hogares de ancianos, una de las prioridades del \u00e1rea de Discapacidad y Tercera Edad"},"content":{"rendered":"<div class=\"pf-content\"><p>Avanza con su labor la Subdirecci\u00f3n de Discapacidad y Tercera Edad de Tornquist Municipio, que tiene como finalidad la atenci\u00f3n de adultos mayores y de ni\u00f1os y ni\u00f1as con discapacidad del distrito, brindando servicio en la localidad cabecera, Sierra de la Ventana, Saldungaray y Villa Ventana.<\/p>\n<p>Para ello, cuenta con un equipo interdisciplinario conformado por las profesionales Luciana Pagnota (psic\u00f3loga), Sof\u00eda Ragonese (Fonoaudi\u00f3loga), Magali Baier (Psicopedagoga) y Mariela Fortina (Kinesi\u00f3loga), y a cargo de la Subdirectora del \u00e1rea, Liliana Lugones.<\/p>\n<p>En los \u00faltimos dos a\u00f1os, y fundamentalmente en pandemia y despu\u00e9s de ella, el equipo profesional se enfoc\u00f3 en realizar y coordinar actividades recreativas con adultos mayores y personas con discapacidad tanto en el Centro Ecuestre \u201cLa Ib\u00e9rica\u201d como en lugares de inter\u00e9s cultural y recreativo. La finalidad, es el intercambio de an\u00e9cdotas e historias de vida, interactuar y generar v\u00ednculos saludables con otros pares y favorecer el despliegue del deseo la distenci\u00f3n y la diversi\u00f3n, luego de dos a\u00f1os de encierro que afectaron significativamente a este grupo.<\/p>\n<p>En ese marco, el \u00faltimo martes los abuelos que integran las familias de los hogares Adela Frizza, Municipal y \u201cUn Buen Lugar\u201d, realizaron una salida al rest\u00f3 \u201cIn Time\u201d- donde disfrutaron de un encuentro compartiendo todos ellos la hora del t\u00e9, reencontr\u00e1ndose en muchos casos con viejas amistades, una buena charla y degustando una rica merienda.<\/p>\n<p>En la actividad estuvieron presentes, el intendente Sergio Bordoni; la Secretaria de Salud, Noelia Baier; el Secretario de Desarrollo, Dr. Gonzalo Iparraguirre, y la Subsecretaria de Desarrollo Social, Mar\u00eda Graciela Musso.<\/p>\n<p><strong>LA IMPORTANCIA DE CONTAR CON UN EQUIPO INTERDISCIPLINARIO<\/strong><\/p>\n<p>El objeto del equipo interdisciplinario es acompa\u00f1ar el envejecimiento, entendiendo que, es un proceso individual de progresivas modificaciones f\u00edsicas, sensoriales, funcionales, psicol\u00f3gicas, sociales y ocupacionales que generan en el individuo la p\u00e9rdida de la capacidad de adaptaci\u00f3n y de respuesta al medio.\u00a0 Si al proceso de envejecimiento fisiol\u00f3gico se a\u00f1ade una enfermedad o incapacidad, y adem\u00e1s se acompa\u00f1a de situaciones socioculturales desventajosas, las dificultades para alcanzar un nivel funcional y ocupacional \u00f3ptimo ser\u00e1n mayores que en otras etapas del ciclo vital.<\/p>\n<p>Es fundamental estimular y fomentar la autonom\u00eda en las personas mayores, comenzar a dar un giro en la perspectiva de la vejez en todos los profesionales socio sanitarios, pensar y trabajar en pos de mejorarles la calidad de vida.<\/p>\n<p>En la actualidad, no se puede concebir a la vejez como una etapa final de la vida sin contenido, sino un estadio de evoluci\u00f3n, con patrones cambiantes de ocupaci\u00f3n y actividades, desarrollo de habilidades y exploraci\u00f3n de nuevos intereses. Por esto, desde el \u00e1rea se insiste en la necesidad de pensar y abordar las distintas \u00e1reas ocupacionales, dando a la persona mayor, la posibilidad de mejorar y\/o mantener su autoeficacia, conservar al m\u00e1ximo el cuidado de s\u00ed mismo, la productividad y las actividades de ocio y tiempo libre.<\/p>\n<p>En ese sentido, fueron trazados los siguientes objetivos:<\/p>\n<p>-Brindar un espacio de reflexi\u00f3n;<\/p>\n<p>-Mejorar nuestras pr\u00e1cticas diarias de atenci\u00f3n;<\/p>\n<p>-Fomentar y fortalecer, interdisciplinariamente, las habilidades adaptativas en cada residente (espec\u00edficamente las habilidades sociales y las habilidades pr\u00e1cticas), mejorando la calidad de vida;<\/p>\n<p>-Articular con las diferentes instituciones de la comunidad, invit\u00e1ndolas a trabajar en este proceso de inclusi\u00f3n de la tercera edad.<\/p>\n<p><img loading=\"lazy\" class=\"alignnone size-full wp-image-6178\" src=\"https:\/\/observadorserrano.com.ar\/wp-content\/uploads\/2022\/04\/Hogaresintime-1-Medium.jpeg\" alt=\"\" width=\"1237\" height=\"768\" srcset=\"https:\/\/observadorserrano.com.ar\/wp-content\/uploads\/2022\/04\/Hogaresintime-1-Medium.jpeg 1237w, https:\/\/observadorserrano.com.ar\/wp-content\/uploads\/2022\/04\/Hogaresintime-1-Medium-300x186.jpeg 300w, https:\/\/observadorserrano.com.ar\/wp-content\/uploads\/2022\/04\/Hogaresintime-1-Medium-768x477.jpeg 768w, https:\/\/observadorserrano.com.ar\/wp-content\/uploads\/2022\/04\/Hogaresintime-1-Medium-1024x636.jpeg 1024w, https:\/\/observadorserrano.com.ar\/wp-content\/uploads\/2022\/04\/Hogaresintime-1-Medium-564x350.jpeg 564w, https:\/\/observadorserrano.com.ar\/wp-content\/uploads\/2022\/04\/Hogaresintime-1-Medium-483x300.jpeg 483w, https:\/\/observadorserrano.com.ar\/wp-content\/uploads\/2022\/04\/Hogaresintime-1-Medium-750x466.jpeg 750w, https:\/\/observadorserrano.com.ar\/wp-content\/uploads\/2022\/04\/Hogaresintime-1-Medium-1140x708.jpeg 1140w\" sizes=\"(max-width: 1237px) 100vw, 1237px\" \/> <img loading=\"lazy\" class=\"alignnone size-noticia-750\u00d7350-recortada wp-image-6179\" src=\"https:\/\/observadorserrano.com.ar\/wp-content\/uploads\/2022\/04\/Hogaresintime-1-Medium.jpg\" alt=\"\" width=\"1152\" height=\"768\" srcset=\"https:\/\/observadorserrano.com.ar\/wp-content\/uploads\/2022\/04\/Hogaresintime-1-Medium.jpg 1152w, https:\/\/observadorserrano.com.ar\/wp-content\/uploads\/2022\/04\/Hogaresintime-1-Medium-300x200.jpg 300w, https:\/\/observadorserrano.com.ar\/wp-content\/uploads\/2022\/04\/Hogaresintime-1-Medium-768x512.jpg 768w, https:\/\/observadorserrano.com.ar\/wp-content\/uploads\/2022\/04\/Hogaresintime-1-Medium-1024x683.jpg 1024w, https:\/\/observadorserrano.com.ar\/wp-content\/uploads\/2022\/04\/Hogaresintime-1-Medium-525x350.jpg 525w, https:\/\/observadorserrano.com.ar\/wp-content\/uploads\/2022\/04\/Hogaresintime-1-Medium-450x300.jpg 450w, https:\/\/observadorserrano.com.ar\/wp-content\/uploads\/2022\/04\/Hogaresintime-1-Medium-750x500.jpg 750w, https:\/\/observadorserrano.com.ar\/wp-content\/uploads\/2022\/04\/Hogaresintime-1-Medium-1140x760.jpg 1140w\" sizes=\"(max-width: 1152px) 100vw, 1152px\" \/> <img loading=\"lazy\" class=\"alignnone size-noticia-750\u00d7350-recortada wp-image-6180\" src=\"https:\/\/observadorserrano.com.ar\/wp-content\/uploads\/2022\/04\/Hogaresintime-2-Medium.jpeg\" alt=\"\" width=\"1024\" height=\"768\" srcset=\"https:\/\/observadorserrano.com.ar\/wp-content\/uploads\/2022\/04\/Hogaresintime-2-Medium.jpeg 1024w, https:\/\/observadorserrano.com.ar\/wp-content\/uploads\/2022\/04\/Hogaresintime-2-Medium-300x225.jpeg 300w, https:\/\/observadorserrano.com.ar\/wp-content\/uploads\/2022\/04\/Hogaresintime-2-Medium-768x576.jpeg 768w, https:\/\/observadorserrano.com.ar\/wp-content\/uploads\/2022\/04\/Hogaresintime-2-Medium-467x350.jpeg 467w, https:\/\/observadorserrano.com.ar\/wp-content\/uploads\/2022\/04\/Hogaresintime-2-Medium-400x300.jpeg 400w, https:\/\/observadorserrano.com.ar\/wp-content\/uploads\/2022\/04\/Hogaresintime-2-Medium-750x563.jpeg 750w\" sizes=\"(max-width: 1024px) 100vw, 1024px\" \/> <img loading=\"lazy\" class=\"alignnone size-noticia-750\u00d7350-recortada wp-image-6181\" src=\"https:\/\/observadorserrano.com.ar\/wp-content\/uploads\/2022\/04\/Hogaresintime-2-Medium.jpg\" alt=\"\" width=\"1152\" height=\"768\" srcset=\"https:\/\/observadorserrano.com.ar\/wp-content\/uploads\/2022\/04\/Hogaresintime-2-Medium.jpg 1152w, https:\/\/observadorserrano.com.ar\/wp-content\/uploads\/2022\/04\/Hogaresintime-2-Medium-300x200.jpg 300w, https:\/\/observadorserrano.com.ar\/wp-content\/uploads\/2022\/04\/Hogaresintime-2-Medium-768x512.jpg 768w, https:\/\/observadorserrano.com.ar\/wp-content\/uploads\/2022\/04\/Hogaresintime-2-Medium-1024x683.jpg 1024w, https:\/\/observadorserrano.com.ar\/wp-content\/uploads\/2022\/04\/Hogaresintime-2-Medium-525x350.jpg 525w, https:\/\/observadorserrano.com.ar\/wp-content\/uploads\/2022\/04\/Hogaresintime-2-Medium-450x300.jpg 450w, https:\/\/observadorserrano.com.ar\/wp-content\/uploads\/2022\/04\/Hogaresintime-2-Medium-750x500.jpg 750w, https:\/\/observadorserrano.com.ar\/wp-content\/uploads\/2022\/04\/Hogaresintime-2-Medium-1140x760.jpg 1140w\" sizes=\"(max-width: 1152px) 100vw, 1152px\" \/> <img loading=\"lazy\" class=\"alignnone size-noticia-750\u00d7350-recortada wp-image-6182\" src=\"https:\/\/observadorserrano.com.ar\/wp-content\/uploads\/2022\/04\/Hogaresintime-3-Medium.jpg\" alt=\"\" width=\"1152\" height=\"768\" srcset=\"https:\/\/observadorserrano.com.ar\/wp-content\/uploads\/2022\/04\/Hogaresintime-3-Medium.jpg 1152w, https:\/\/observadorserrano.com.ar\/wp-content\/uploads\/2022\/04\/Hogaresintime-3-Medium-300x200.jpg 300w, https:\/\/observadorserrano.com.ar\/wp-content\/uploads\/2022\/04\/Hogaresintime-3-Medium-768x512.jpg 768w, https:\/\/observadorserrano.com.ar\/wp-content\/uploads\/2022\/04\/Hogaresintime-3-Medium-1024x683.jpg 1024w, https:\/\/observadorserrano.com.ar\/wp-content\/uploads\/2022\/04\/Hogaresintime-3-Medium-525x350.jpg 525w, https:\/\/observadorserrano.com.ar\/wp-content\/uploads\/2022\/04\/Hogaresintime-3-Medium-450x300.jpg 450w, https:\/\/observadorserrano.com.ar\/wp-content\/uploads\/2022\/04\/Hogaresintime-3-Medium-750x500.jpg 750w, https:\/\/observadorserrano.com.ar\/wp-content\/uploads\/2022\/04\/Hogaresintime-3-Medium-1140x760.jpg 1140w\" sizes=\"(max-width: 1152px) 100vw, 1152px\" \/> <img loading=\"lazy\" class=\"alignnone size-noticia-750\u00d7350-recortada wp-image-6183\" src=\"https:\/\/observadorserrano.com.ar\/wp-content\/uploads\/2022\/04\/Hogaresintime-4-Medium.jpg\" alt=\"\" width=\"1152\" height=\"768\" srcset=\"https:\/\/observadorserrano.com.ar\/wp-content\/uploads\/2022\/04\/Hogaresintime-4-Medium.jpg 1152w, https:\/\/observadorserrano.com.ar\/wp-content\/uploads\/2022\/04\/Hogaresintime-4-Medium-300x200.jpg 300w, https:\/\/observadorserrano.com.ar\/wp-content\/uploads\/2022\/04\/Hogaresintime-4-Medium-768x512.jpg 768w, https:\/\/observadorserrano.com.ar\/wp-content\/uploads\/2022\/04\/Hogaresintime-4-Medium-1024x683.jpg 1024w, https:\/\/observadorserrano.com.ar\/wp-content\/uploads\/2022\/04\/Hogaresintime-4-Medium-525x350.jpg 525w, https:\/\/observadorserrano.com.ar\/wp-content\/uploads\/2022\/04\/Hogaresintime-4-Medium-450x300.jpg 450w, https:\/\/observadorserrano.com.ar\/wp-content\/uploads\/2022\/04\/Hogaresintime-4-Medium-750x500.jpg 750w, https:\/\/observadorserrano.com.ar\/wp-content\/uploads\/2022\/04\/Hogaresintime-4-Medium-1140x760.jpg 1140w\" sizes=\"(max-width: 1152px) 100vw, 1152px\" \/> <img loading=\"lazy\" class=\"alignnone size-noticia-750\u00d7350-recortada wp-image-6184\" src=\"https:\/\/observadorserrano.com.ar\/wp-content\/uploads\/2022\/04\/Hogaresintime-5-Medium.jpg\" alt=\"\" width=\"1152\" height=\"768\" srcset=\"https:\/\/observadorserrano.com.ar\/wp-content\/uploads\/2022\/04\/Hogaresintime-5-Medium.jpg 1152w, https:\/\/observadorserrano.com.ar\/wp-content\/uploads\/2022\/04\/Hogaresintime-5-Medium-300x200.jpg 300w, https:\/\/observadorserrano.com.ar\/wp-content\/uploads\/2022\/04\/Hogaresintime-5-Medium-768x512.jpg 768w, https:\/\/observadorserrano.com.ar\/wp-content\/uploads\/2022\/04\/Hogaresintime-5-Medium-1024x683.jpg 1024w, https:\/\/observadorserrano.com.ar\/wp-content\/uploads\/2022\/04\/Hogaresintime-5-Medium-525x350.jpg 525w, https:\/\/observadorserrano.com.ar\/wp-content\/uploads\/2022\/04\/Hogaresintime-5-Medium-450x300.jpg 450w, https:\/\/observadorserrano.com.ar\/wp-content\/uploads\/2022\/04\/Hogaresintime-5-Medium-750x500.jpg 750w, https:\/\/observadorserrano.com.ar\/wp-content\/uploads\/2022\/04\/Hogaresintime-5-Medium-1140x760.jpg 1140w\" sizes=\"(max-width: 1152px) 100vw, 1152px\" \/> <img loading=\"lazy\" class=\"alignnone size-noticia-750\u00d7350-recortada wp-image-6185\" src=\"https:\/\/observadorserrano.com.ar\/wp-content\/uploads\/2022\/04\/Hogaresintime-6-Medium.jpg\" alt=\"\" width=\"1152\" height=\"768\" srcset=\"https:\/\/observadorserrano.com.ar\/wp-content\/uploads\/2022\/04\/Hogaresintime-6-Medium.jpg 1152w, https:\/\/observadorserrano.com.ar\/wp-content\/uploads\/2022\/04\/Hogaresintime-6-Medium-300x200.jpg 300w, https:\/\/observadorserrano.com.ar\/wp-content\/uploads\/2022\/04\/Hogaresintime-6-Medium-768x512.jpg 768w, https:\/\/observadorserrano.com.ar\/wp-content\/uploads\/2022\/04\/Hogaresintime-6-Medium-1024x683.jpg 1024w, https:\/\/observadorserrano.com.ar\/wp-content\/uploads\/2022\/04\/Hogaresintime-6-Medium-525x350.jpg 525w, https:\/\/observadorserrano.com.ar\/wp-content\/uploads\/2022\/04\/Hogaresintime-6-Medium-450x300.jpg 450w, https:\/\/observadorserrano.com.ar\/wp-content\/uploads\/2022\/04\/Hogaresintime-6-Medium-750x500.jpg 750w, https:\/\/observadorserrano.com.ar\/wp-content\/uploads\/2022\/04\/Hogaresintime-6-Medium-1140x760.jpg 1140w\" sizes=\"(max-width: 1152px) 100vw, 1152px\" \/> <img loading=\"lazy\" class=\"alignnone size-noticia-750\u00d7350-recortada wp-image-6186\" src=\"https:\/\/observadorserrano.com.ar\/wp-content\/uploads\/2022\/04\/Hogaresintime-7-Medium.jpg\" alt=\"\" width=\"1152\" height=\"768\" srcset=\"https:\/\/observadorserrano.com.ar\/wp-content\/uploads\/2022\/04\/Hogaresintime-7-Medium.jpg 1152w, https:\/\/observadorserrano.com.ar\/wp-content\/uploads\/2022\/04\/Hogaresintime-7-Medium-300x200.jpg 300w, https:\/\/observadorserrano.com.ar\/wp-content\/uploads\/2022\/04\/Hogaresintime-7-Medium-768x512.jpg 768w, https:\/\/observadorserrano.com.ar\/wp-content\/uploads\/2022\/04\/Hogaresintime-7-Medium-1024x683.jpg 1024w, https:\/\/observadorserrano.com.ar\/wp-content\/uploads\/2022\/04\/Hogaresintime-7-Medium-525x350.jpg 525w, https:\/\/observadorserrano.com.ar\/wp-content\/uploads\/2022\/04\/Hogaresintime-7-Medium-450x300.jpg 450w, https:\/\/observadorserrano.com.ar\/wp-content\/uploads\/2022\/04\/Hogaresintime-7-Medium-750x500.jpg 750w, https:\/\/observadorserrano.com.ar\/wp-content\/uploads\/2022\/04\/Hogaresintime-7-Medium-1140x760.jpg 1140w\" sizes=\"(max-width: 1152px) 100vw, 1152px\" \/> <img loading=\"lazy\" class=\"alignnone size-noticia-750\u00d7350-recortada wp-image-6187\" src=\"https:\/\/observadorserrano.com.ar\/wp-content\/uploads\/2022\/04\/Hogaresintime-8-Medium.jpg\" alt=\"\" width=\"1152\" height=\"768\" srcset=\"https:\/\/observadorserrano.com.ar\/wp-content\/uploads\/2022\/04\/Hogaresintime-8-Medium.jpg 1152w, https:\/\/observadorserrano.com.ar\/wp-content\/uploads\/2022\/04\/Hogaresintime-8-Medium-300x200.jpg 300w, https:\/\/observadorserrano.com.ar\/wp-content\/uploads\/2022\/04\/Hogaresintime-8-Medium-768x512.jpg 768w, https:\/\/observadorserrano.com.ar\/wp-content\/uploads\/2022\/04\/Hogaresintime-8-Medium-1024x683.jpg 1024w, https:\/\/observadorserrano.com.ar\/wp-content\/uploads\/2022\/04\/Hogaresintime-8-Medium-525x350.jpg 525w, https:\/\/observadorserrano.com.ar\/wp-content\/uploads\/2022\/04\/Hogaresintime-8-Medium-450x300.jpg 450w, https:\/\/observadorserrano.com.ar\/wp-content\/uploads\/2022\/04\/Hogaresintime-8-Medium-750x500.jpg 750w, https:\/\/observadorserrano.com.ar\/wp-content\/uploads\/2022\/04\/Hogaresintime-8-Medium-1140x760.jpg 1140w\" sizes=\"(max-width: 1152px) 100vw, 1152px\" \/> <img loading=\"lazy\" class=\"alignnone size-noticia-750\u00d7350-recortada wp-image-6188\" src=\"https:\/\/observadorserrano.com.ar\/wp-content\/uploads\/2022\/04\/Hogaresintime-9-Medium.jpg\" alt=\"\" width=\"1152\" height=\"768\" srcset=\"https:\/\/observadorserrano.com.ar\/wp-content\/uploads\/2022\/04\/Hogaresintime-9-Medium.jpg 1152w, https:\/\/observadorserrano.com.ar\/wp-content\/uploads\/2022\/04\/Hogaresintime-9-Medium-300x200.jpg 300w, https:\/\/observadorserrano.com.ar\/wp-content\/uploads\/2022\/04\/Hogaresintime-9-Medium-768x512.jpg 768w, https:\/\/observadorserrano.com.ar\/wp-content\/uploads\/2022\/04\/Hogaresintime-9-Medium-1024x683.jpg 1024w, https:\/\/observadorserrano.com.ar\/wp-content\/uploads\/2022\/04\/Hogaresintime-9-Medium-525x350.jpg 525w, https:\/\/observadorserrano.com.ar\/wp-content\/uploads\/2022\/04\/Hogaresintime-9-Medium-450x300.jpg 450w, https:\/\/observadorserrano.com.ar\/wp-content\/uploads\/2022\/04\/Hogaresintime-9-Medium-750x500.jpg 750w, https:\/\/observadorserrano.com.ar\/wp-content\/uploads\/2022\/04\/Hogaresintime-9-Medium-1140x760.jpg 1140w\" sizes=\"(max-width: 1152px) 100vw, 1152px\" \/><\/p>\n<p>&nbsp;<\/p>\n<\/div>","protected":false},"excerpt":{"rendered":"<p>Avanza con su labor la Subdirecci\u00f3n de Discapacidad y Tercera Edad de Tornquist Municipio, que tiene como finalidad la atenci\u00f3n de adultos mayores y de ni\u00f1os y ni\u00f1as con discapacidad del distrito, brindando servicio en la localidad cabecera, Sierra de la Ventana, Saldungaray y Villa Ventana. Para ello, cuenta con un equipo interdisciplinario conformado por [&hellip;]<\/p>\n","protected":false},"author":2,"featured_media":6188,"comment_status":"open","ping_status":"open","sticky":false,"template":"","format":"standard","meta":[],"categories":[18,43,45],"tags":[1383,1384],"_links":{"self":[{"href":"https:\/\/observadorserrano.com.ar\/index.php?rest_route=\/wp\/v2\/posts\/6177"}],"collection":[{"href":"https:\/\/observadorserrano.com.ar\/index.php?rest_route=\/wp\/v2\/posts"}],"about":[{"href":"https:\/\/observadorserrano.com.ar\/index.php?rest_route=\/wp\/v2\/types\/post"}],"author":[{"embeddable":true,"href":"https:\/\/observadorserrano.com.ar\/index.php?rest_route=\/wp\/v2\/users\/2"}],"replies":[{"embeddable":true,"href":"https:\/\/observadorserrano.com.ar\/index.php?rest_route=%2Fwp%2Fv2%2Fcomments&post=6177"}],"version-history":[{"count":1,"href":"https:\/\/observadorserrano.com.ar\/index.php?rest_route=\/wp\/v2\/posts\/6177\/revisions"}],"predecessor-version":[{"id":6189,"href":"https:\/\/observadorserrano.com.ar\/index.php?rest_route=\/wp\/v2\/posts\/6177\/revisions\/6189"}],"wp:featuredmedia":[{"embeddable":true,"href":"https:\/\/observadorserrano.com.ar\/index.php?rest_route=\/wp\/v2\/media\/6188"}],"wp:attachment":[{"href":"https:\/\/observadorserrano.com.ar\/index.php?rest_route=%2Fwp%2Fv2%2Fmedia&parent=6177"}],"wp:term":[{"taxonomy":"category","embeddable":true,"href":"https:\/\/observadorserrano.com.ar\/index.php?rest_route=%2Fwp%2Fv2%2Fcategories&post=6177"},{"taxonomy":"post_tag","embeddable":true,"href":"https:\/\/observadorserrano.com.ar\/index.php?rest_route=%2Fwp%2Fv2%2Ftags&post=6177"}],"curies":[{"name":"wp","href":"https:\/\/api.w.org\/{rel}","templated":true}]}}