{"id":6196,"date":"2022-04-21T18:59:49","date_gmt":"2022-04-21T21:59:49","guid":{"rendered":"https:\/\/observadorserrano.com.ar\/?p=6196"},"modified":"2022-04-21T18:59:49","modified_gmt":"2022-04-21T21:59:49","slug":"tornquist-sera-sede-de-la-primera-fecha-de-la-liga-de-newcom-zona-sur","status":"publish","type":"post","link":"https:\/\/observadorserrano.com.ar\/?p=6196","title":{"rendered":"Tornquist ser\u00e1 sede de la primera fecha de la Liga de Newcom Zona Sur"},"content":{"rendered":"<div class=\"pf-content\"><p>La ciudad de Tornquist ser\u00e1 sede de la primera fecha de la Liga de Newcom Zona Sur, a desarrollarse este s\u00e1bado 23 en el Gimnasio Municipal \u2018Eva Per\u00f3n\u2019.<\/p>\n<p>La jornada se desarrollar\u00e1 de 8.30 a 15.30 hs, y contar\u00e1 con la participaci\u00f3n de los equipos de Tres Arroyos, Monte Hermoso, Sierra de la Ventana, Coronel Dorrego y Oriente, adem\u00e1s de Tornquist \u2018Los Yara\u2019, que representa al municipio.<\/p>\n<p>Jugar\u00e1n las categor\u00edas +50 y +60 competitivas, y tambi\u00e9n habr\u00e1 cotejos de car\u00e1cter recreativo.<\/p>\n<p>La Subsecretar\u00eda de Deportes invita a la comunidad a disfrutar de la jornada, con entrada libre y gratuita y completo servicio de cantina.<\/p>\n<p>El certamen, organizado en conjunto por varios municipios de la regi\u00f3n, est\u00e1 compuesto por dos zonas, cada una tiene tres fechas y, en septiembre, se realizar\u00e1 el cruce entre ambas.<\/p>\n<p>&nbsp;<\/p>\n<\/div>","protected":false},"excerpt":{"rendered":"<p>La ciudad de Tornquist ser\u00e1 sede de la primera fecha de la Liga de Newcom Zona Sur, a desarrollarse este s\u00e1bado 23 en el Gimnasio Municipal \u2018Eva Per\u00f3n\u2019. La jornada se desarrollar\u00e1 de 8.30 a 15.30 hs, y contar\u00e1 con la participaci\u00f3n de los equipos de Tres Arroyos, Monte Hermoso, Sierra de la Ventana, Coronel [&hellip;]<\/p>\n","protected":false},"author":2,"featured_media":6197,"comment_status":"open","ping_status":"open","sticky":false,"template":"","format":"standard","meta":[],"categories":[18,21,43,45],"tags":[1389],"_links":{"self":[{"href":"https:\/\/observadorserrano.com.ar\/index.php?rest_route=\/wp\/v2\/posts\/6196"}],"collection":[{"href":"https:\/\/observadorserrano.com.ar\/index.php?rest_route=\/wp\/v2\/posts"}],"about":[{"href":"https:\/\/observadorserrano.com.ar\/index.php?rest_route=\/wp\/v2\/types\/post"}],"author":[{"embeddable":true,"href":"https:\/\/observadorserrano.com.ar\/index.php?rest_route=\/wp\/v2\/users\/2"}],"replies":[{"embeddable":true,"href":"https:\/\/observadorserrano.com.ar\/index.php?rest_route=%2Fwp%2Fv2%2Fcomments&post=6196"}],"version-history":[{"count":1,"href":"https:\/\/observadorserrano.com.ar\/index.php?rest_route=\/wp\/v2\/posts\/6196\/revisions"}],"predecessor-version":[{"id":6198,"href":"https:\/\/observadorserrano.com.ar\/index.php?rest_route=\/wp\/v2\/posts\/6196\/revisions\/6198"}],"wp:featuredmedia":[{"embeddable":true,"href":"https:\/\/observadorserrano.com.ar\/index.php?rest_route=\/wp\/v2\/media\/6197"}],"wp:attachment":[{"href":"https:\/\/observadorserrano.com.ar\/index.php?rest_route=%2Fwp%2Fv2%2Fmedia&parent=6196"}],"wp:term":[{"taxonomy":"category","embeddable":true,"href":"https:\/\/observadorserrano.com.ar\/index.php?rest_route=%2Fwp%2Fv2%2Fcategories&post=6196"},{"taxonomy":"post_tag","embeddable":true,"href":"https:\/\/observadorserrano.com.ar\/index.php?rest_route=%2Fwp%2Fv2%2Ftags&post=6196"}],"curies":[{"name":"wp","href":"https:\/\/api.w.org\/{rel}","templated":true}]}}