{"id":6272,"date":"2022-05-08T21:00:14","date_gmt":"2022-05-09T00:00:14","guid":{"rendered":"https:\/\/observadorserrano.com.ar\/?p=6272"},"modified":"2022-05-08T21:00:14","modified_gmt":"2022-05-09T00:00:14","slug":"automoto-perdio-de-local-y-union-empato-en-guamini","status":"publish","type":"post","link":"https:\/\/observadorserrano.com.ar\/?p=6272","title":{"rendered":"Automoto perdi\u00f3 de local y Uni\u00f3n empat\u00f3 en Guamin\u00ed"},"content":{"rendered":"<div class=\"pf-content\"><p>Automoto perdi\u00f3 como local ante Atl. Huanguel\u00e9n por 4 a 3. Abri\u00f3 la cuenta Palacio para la visita, Peralta lo empat\u00f3 para el local al capturar el rebote que dio Van der Tuin al tapar el penal de Beilman.<\/p>\n<p>Garay en el final del primer tiempo y Arriaga en el inicio del segundo le dieron ventaja al aceitero.<\/p>\n<p>Automoto lleg\u00f3 al empate con los goles de Peralta (de mitad de cancha) y Crisafulli. Pero finalmente Gadea le dar\u00eda el 4 a 3 al equipo de Sachetto. El elenco de Mart\u00ednez qued\u00f3 con diez por la expulsi\u00f3n de Sueiro.<\/p>\n<p>Uni\u00f3n en condici\u00f3n de visitante igual\u00f3 1 a 1 con Comercio. Fritz marc\u00f3 para los de Idoeta, Olmedo para el elenco de Guamin\u00ed.<\/p>\n<p><a href=\"https:\/\/www.facebook.com\/solofutbolcanal2\">\u00c1lbum de fotos: Solo F\u00fatbol<\/a><\/p>\n<figure class=\"wp-block-image size-large\"><img loading=\"lazy\" class=\"wp-image-65826\" src=\"http:\/\/www.celttv.com.ar\/wp-content\/uploads\/2022\/05\/PRIMERA-ZONA-A-1024x576.jpg\" sizes=\"(max-width: 1024px) 100vw, 1024px\" srcset=\"http:\/\/www.celttv.com.ar\/wp-content\/uploads\/2022\/05\/PRIMERA-ZONA-A-1024x576.jpg 1024w, http:\/\/www.celttv.com.ar\/wp-content\/uploads\/2022\/05\/PRIMERA-ZONA-A-780x439.jpg 780w, http:\/\/www.celttv.com.ar\/wp-content\/uploads\/2022\/05\/PRIMERA-ZONA-A-768x432.jpg 768w, http:\/\/www.celttv.com.ar\/wp-content\/uploads\/2022\/05\/PRIMERA-ZONA-A.jpg 1280w\" alt=\"\" width=\"1024\" height=\"576\" \/><\/figure>\n<figure class=\"wp-block-image size-large\"><img loading=\"lazy\" class=\"wp-image-65827\" src=\"http:\/\/www.celttv.com.ar\/wp-content\/uploads\/2022\/05\/PRIMERA-ZONA-B-1024x576.jpg\" sizes=\"(max-width: 1024px) 100vw, 1024px\" srcset=\"http:\/\/www.celttv.com.ar\/wp-content\/uploads\/2022\/05\/PRIMERA-ZONA-B-1024x576.jpg 1024w, http:\/\/www.celttv.com.ar\/wp-content\/uploads\/2022\/05\/PRIMERA-ZONA-B-780x439.jpg 780w, http:\/\/www.celttv.com.ar\/wp-content\/uploads\/2022\/05\/PRIMERA-ZONA-B-768x432.jpg 768w, http:\/\/www.celttv.com.ar\/wp-content\/uploads\/2022\/05\/PRIMERA-ZONA-B.jpg 1280w\" alt=\"\" width=\"1024\" height=\"576\" \/><\/figure>\n<figure class=\"wp-block-image size-large\"><img loading=\"lazy\" class=\"wp-image-65833\" src=\"http:\/\/www.celttv.com.ar\/wp-content\/uploads\/2022\/05\/POSICIONES-PRIMERA-ZONA-A-1-1024x576.jpg\" sizes=\"(max-width: 1024px) 100vw, 1024px\" srcset=\"http:\/\/www.celttv.com.ar\/wp-content\/uploads\/2022\/05\/POSICIONES-PRIMERA-ZONA-A-1-1024x576.jpg 1024w, http:\/\/www.celttv.com.ar\/wp-content\/uploads\/2022\/05\/POSICIONES-PRIMERA-ZONA-A-1-780x439.jpg 780w, http:\/\/www.celttv.com.ar\/wp-content\/uploads\/2022\/05\/POSICIONES-PRIMERA-ZONA-A-1-768x432.jpg 768w, http:\/\/www.celttv.com.ar\/wp-content\/uploads\/2022\/05\/POSICIONES-PRIMERA-ZONA-A-1.jpg 1280w\" alt=\"\" width=\"1024\" height=\"576\" \/><\/figure>\n<figure class=\"wp-block-image size-large\"><img loading=\"lazy\" class=\"wp-image-65834\" src=\"http:\/\/www.celttv.com.ar\/wp-content\/uploads\/2022\/05\/POSICIONES-PRIMERA-ZONA-B-1024x576.jpg\" sizes=\"(max-width: 1024px) 100vw, 1024px\" srcset=\"http:\/\/www.celttv.com.ar\/wp-content\/uploads\/2022\/05\/POSICIONES-PRIMERA-ZONA-B-1024x576.jpg 1024w, http:\/\/www.celttv.com.ar\/wp-content\/uploads\/2022\/05\/POSICIONES-PRIMERA-ZONA-B-780x439.jpg 780w, http:\/\/www.celttv.com.ar\/wp-content\/uploads\/2022\/05\/POSICIONES-PRIMERA-ZONA-B-768x432.jpg 768w, http:\/\/www.celttv.com.ar\/wp-content\/uploads\/2022\/05\/POSICIONES-PRIMERA-ZONA-B.jpg 1280w\" alt=\"\" width=\"1024\" height=\"576\" \/><\/figure>\n<figure class=\"wp-block-image size-large\"><img loading=\"lazy\" class=\"wp-image-65828\" src=\"http:\/\/www.celttv.com.ar\/wp-content\/uploads\/2022\/05\/RESERVA-ZONA-A-1024x576.jpg\" sizes=\"(max-width: 1024px) 100vw, 1024px\" srcset=\"http:\/\/www.celttv.com.ar\/wp-content\/uploads\/2022\/05\/RESERVA-ZONA-A-1024x576.jpg 1024w, http:\/\/www.celttv.com.ar\/wp-content\/uploads\/2022\/05\/RESERVA-ZONA-A-780x439.jpg 780w, http:\/\/www.celttv.com.ar\/wp-content\/uploads\/2022\/05\/RESERVA-ZONA-A-768x432.jpg 768w, http:\/\/www.celttv.com.ar\/wp-content\/uploads\/2022\/05\/RESERVA-ZONA-A.jpg 1280w\" alt=\"\" width=\"1024\" height=\"576\" \/><\/figure>\n<figure class=\"wp-block-image size-large\"><img loading=\"lazy\" class=\"wp-image-65829\" src=\"http:\/\/www.celttv.com.ar\/wp-content\/uploads\/2022\/05\/RESERVA-ZONA-B-1024x576.jpg\" sizes=\"(max-width: 1024px) 100vw, 1024px\" srcset=\"http:\/\/www.celttv.com.ar\/wp-content\/uploads\/2022\/05\/RESERVA-ZONA-B-1024x576.jpg 1024w, http:\/\/www.celttv.com.ar\/wp-content\/uploads\/2022\/05\/RESERVA-ZONA-B-780x439.jpg 780w, http:\/\/www.celttv.com.ar\/wp-content\/uploads\/2022\/05\/RESERVA-ZONA-B-768x432.jpg 768w, http:\/\/www.celttv.com.ar\/wp-content\/uploads\/2022\/05\/RESERVA-ZONA-B.jpg 1280w\" alt=\"\" width=\"1024\" height=\"576\" \/><\/figure>\n<figure class=\"wp-block-image size-large\"><img loading=\"lazy\" class=\"wp-image-65832\" src=\"http:\/\/www.celttv.com.ar\/wp-content\/uploads\/2022\/05\/RESERVA-ZONA-A-1-1024x576.jpg\" sizes=\"(max-width: 1024px) 100vw, 1024px\" srcset=\"http:\/\/www.celttv.com.ar\/wp-content\/uploads\/2022\/05\/RESERVA-ZONA-A-1-1024x576.jpg 1024w, http:\/\/www.celttv.com.ar\/wp-content\/uploads\/2022\/05\/RESERVA-ZONA-A-1-780x439.jpg 780w, http:\/\/www.celttv.com.ar\/wp-content\/uploads\/2022\/05\/RESERVA-ZONA-A-1-768x432.jpg 768w, http:\/\/www.celttv.com.ar\/wp-content\/uploads\/2022\/05\/RESERVA-ZONA-A-1.jpg 1280w\" alt=\"\" width=\"1024\" height=\"576\" \/><\/figure>\n<figure class=\"wp-block-image size-large\"><img loading=\"lazy\" class=\"wp-image-65831\" src=\"http:\/\/www.celttv.com.ar\/wp-content\/uploads\/2022\/05\/POSICIONES-RESERVA-ZONA-B-1024x576.jpg\" sizes=\"(max-width: 1024px) 100vw, 1024px\" srcset=\"http:\/\/www.celttv.com.ar\/wp-content\/uploads\/2022\/05\/POSICIONES-RESERVA-ZONA-B-1024x576.jpg 1024w, http:\/\/www.celttv.com.ar\/wp-content\/uploads\/2022\/05\/POSICIONES-RESERVA-ZONA-B-780x439.jpg 780w, http:\/\/www.celttv.com.ar\/wp-content\/uploads\/2022\/05\/POSICIONES-RESERVA-ZONA-B-768x432.jpg 768w, http:\/\/www.celttv.com.ar\/wp-content\/uploads\/2022\/05\/POSICIONES-RESERVA-ZONA-B.jpg 1280w\" alt=\"\" width=\"1024\" height=\"576\" \/><\/figure>\n<figure class=\"wp-block-image size-large\"><img loading=\"lazy\" class=\"wp-image-65835\" src=\"http:\/\/www.celttv.com.ar\/wp-content\/uploads\/2022\/05\/ZONA-A-F10-1024x576.jpg\" sizes=\"(max-width: 1024px) 100vw, 1024px\" srcset=\"http:\/\/www.celttv.com.ar\/wp-content\/uploads\/2022\/05\/ZONA-A-F10-1024x576.jpg 1024w, http:\/\/www.celttv.com.ar\/wp-content\/uploads\/2022\/05\/ZONA-A-F10-780x439.jpg 780w, http:\/\/www.celttv.com.ar\/wp-content\/uploads\/2022\/05\/ZONA-A-F10-768x432.jpg 768w, http:\/\/www.celttv.com.ar\/wp-content\/uploads\/2022\/05\/ZONA-A-F10.jpg 1280w\" alt=\"\" width=\"1024\" height=\"576\" \/><\/figure>\n<figure class=\"wp-block-image size-large\"><img loading=\"lazy\" class=\"wp-image-65836\" src=\"http:\/\/www.celttv.com.ar\/wp-content\/uploads\/2022\/05\/ZONA-B-F10-1024x576.jpg\" sizes=\"(max-width: 1024px) 100vw, 1024px\" srcset=\"http:\/\/www.celttv.com.ar\/wp-content\/uploads\/2022\/05\/ZONA-B-F10-1024x576.jpg 1024w, http:\/\/www.celttv.com.ar\/wp-content\/uploads\/2022\/05\/ZONA-B-F10-780x439.jpg 780w, http:\/\/www.celttv.com.ar\/wp-content\/uploads\/2022\/05\/ZONA-B-F10-768x432.jpg 768w, http:\/\/www.celttv.com.ar\/wp-content\/uploads\/2022\/05\/ZONA-B-F10.jpg 1280w\" alt=\"\" width=\"1024\" height=\"576\" \/><\/figure>\n<\/div>","protected":false},"excerpt":{"rendered":"<p>Automoto perdi\u00f3 como local ante Atl. Huanguel\u00e9n por 4 a 3. Abri\u00f3 la cuenta Palacio para la visita, Peralta lo empat\u00f3 para el local al capturar el rebote que dio Van der Tuin al tapar el penal de Beilman. Garay en el final del primer tiempo y Arriaga en el inicio del segundo le dieron [&hellip;]<\/p>\n","protected":false},"author":2,"featured_media":6273,"comment_status":"open","ping_status":"open","sticky":false,"template":"","format":"standard","meta":[],"categories":[18,21,43],"tags":[1409],"_links":{"self":[{"href":"https:\/\/observadorserrano.com.ar\/index.php?rest_route=\/wp\/v2\/posts\/6272"}],"collection":[{"href":"https:\/\/observadorserrano.com.ar\/index.php?rest_route=\/wp\/v2\/posts"}],"about":[{"href":"https:\/\/observadorserrano.com.ar\/index.php?rest_route=\/wp\/v2\/types\/post"}],"author":[{"embeddable":true,"href":"https:\/\/observadorserrano.com.ar\/index.php?rest_route=\/wp\/v2\/users\/2"}],"replies":[{"embeddable":true,"href":"https:\/\/observadorserrano.com.ar\/index.php?rest_route=%2Fwp%2Fv2%2Fcomments&post=6272"}],"version-history":[{"count":1,"href":"https:\/\/observadorserrano.com.ar\/index.php?rest_route=\/wp\/v2\/posts\/6272\/revisions"}],"predecessor-version":[{"id":6274,"href":"https:\/\/observadorserrano.com.ar\/index.php?rest_route=\/wp\/v2\/posts\/6272\/revisions\/6274"}],"wp:featuredmedia":[{"embeddable":true,"href":"https:\/\/observadorserrano.com.ar\/index.php?rest_route=\/wp\/v2\/media\/6273"}],"wp:attachment":[{"href":"https:\/\/observadorserrano.com.ar\/index.php?rest_route=%2Fwp%2Fv2%2Fmedia&parent=6272"}],"wp:term":[{"taxonomy":"category","embeddable":true,"href":"https:\/\/observadorserrano.com.ar\/index.php?rest_route=%2Fwp%2Fv2%2Fcategories&post=6272"},{"taxonomy":"post_tag","embeddable":true,"href":"https:\/\/observadorserrano.com.ar\/index.php?rest_route=%2Fwp%2Fv2%2Ftags&post=6272"}],"curies":[{"name":"wp","href":"https:\/\/api.w.org\/{rel}","templated":true}]}}