{"id":6299,"date":"2022-05-14T00:11:09","date_gmt":"2022-05-14T03:11:09","guid":{"rendered":"https:\/\/observadorserrano.com.ar\/?p=6299"},"modified":"2022-05-14T00:11:09","modified_gmt":"2022-05-14T03:11:09","slug":"brillo-de-la-escuela-foklorica-municipal-en-su-festival-aniversario","status":"publish","type":"post","link":"https:\/\/observadorserrano.com.ar\/?p=6299","title":{"rendered":"Brillo de la Escuela Fokl\u00f3rica Municipal en su Festival Aniversario"},"content":{"rendered":"<div class=\"pf-content\"><p>La Escuela Fokl\u00f3rica Municipal (EFM) de Tornquist brill\u00f3 en la noche de este viernes en su tradicional Festival Aniversario, en el marco de sus 35 a\u00f1os, en el Teatro Municipal \u2018Rodolfo Funke\u2019.<\/p>\n<p>Sobre el escenario se presentaron todos los cuerpos de baile de la EFM, desde iniciaci\u00f3n, infantiles avanzados hasta adultos, y un cierre estelar con una destacada interpretaci\u00f3n de la popular \u2018Cueva de Salamanca\u2019.<\/p>\n<p>Tambi\u00e9n, hubo tiempo para homenajear a los Veteranos de Guerra de Malvinas (presentes en el teatro), y a la joven Candela Calabrese, que este domingo participar\u00e1 junto a sus padres en el Vaticano (Italia) de la declaraci\u00f3n de Santa a la Hermana\u00a0Mar\u00eda Domenica Mantovani.<\/p>\n<p>La celebraci\u00f3n por el 35\u00b0 aniversario de la Escuela continuar\u00e1 este s\u00e1bado, con una cena show en el polideportivo del Automoto Club Deportivo, con los shows en vivo de Alma Agreste y Fabio Gonz\u00e1lez.<\/p>\n<p><strong>AMPLIAREMOS CON VIDEOS Y NOTAS DE CELTTV NOTICIAS<\/strong><\/p>\n<p><a href=\"https:\/\/www.facebook.com\/media\/set\/?vanity=TornquistMunicipio&amp;set=a.366695612157114\">AQU\u00cd ALBUM DE FOTOS<\/a><\/p>\n<figure class=\"wp-block-gallery columns-3 is-cropped\">\n<ul class=\"blocks-gallery-grid\">\n<li class=\"blocks-gallery-item\">\n<figure><img loading=\"lazy\" class=\"wp-image-66025\" src=\"http:\/\/www.celttv.com.ar\/wp-content\/uploads\/2022\/05\/Festival-Aniversario-EFM-1-1024x683.jpg\" sizes=\"(max-width: 1024px) 100vw, 1024px\" srcset=\"http:\/\/www.celttv.com.ar\/wp-content\/uploads\/2022\/05\/Festival-Aniversario-EFM-1-1024x683.jpg 1024w, http:\/\/www.celttv.com.ar\/wp-content\/uploads\/2022\/05\/Festival-Aniversario-EFM-1-780x520.jpg 780w, http:\/\/www.celttv.com.ar\/wp-content\/uploads\/2022\/05\/Festival-Aniversario-EFM-1-768x512.jpg 768w, http:\/\/www.celttv.com.ar\/wp-content\/uploads\/2022\/05\/Festival-Aniversario-EFM-1.jpg 1500w\" alt=\"\" width=\"1024\" height=\"683\" data-id=\"66025\" data-full-url=\"http:\/\/www.celttv.com.ar\/wp-content\/uploads\/2022\/05\/Festival-Aniversario-EFM-1.jpg\" data-link=\"http:\/\/www.celttv.com.ar\/?attachment_id=66025\" \/><\/figure>\n<\/li>\n<li class=\"blocks-gallery-item\">\n<figure><img loading=\"lazy\" class=\"wp-image-66026\" src=\"http:\/\/www.celttv.com.ar\/wp-content\/uploads\/2022\/05\/Festival-Aniversario-EFM-2-1024x683.jpg\" sizes=\"(max-width: 1024px) 100vw, 1024px\" srcset=\"http:\/\/www.celttv.com.ar\/wp-content\/uploads\/2022\/05\/Festival-Aniversario-EFM-2-1024x683.jpg 1024w, http:\/\/www.celttv.com.ar\/wp-content\/uploads\/2022\/05\/Festival-Aniversario-EFM-2-780x520.jpg 780w, http:\/\/www.celttv.com.ar\/wp-content\/uploads\/2022\/05\/Festival-Aniversario-EFM-2-768x512.jpg 768w, http:\/\/www.celttv.com.ar\/wp-content\/uploads\/2022\/05\/Festival-Aniversario-EFM-2.jpg 1500w\" alt=\"\" width=\"1024\" height=\"683\" data-id=\"66026\" data-full-url=\"http:\/\/www.celttv.com.ar\/wp-content\/uploads\/2022\/05\/Festival-Aniversario-EFM-2.jpg\" data-link=\"http:\/\/www.celttv.com.ar\/?attachment_id=66026\" \/><\/figure>\n<\/li>\n<li class=\"blocks-gallery-item\">\n<figure><img loading=\"lazy\" class=\"wp-image-66027\" src=\"http:\/\/www.celttv.com.ar\/wp-content\/uploads\/2022\/05\/Festival-Aniversario-EFM-3-1024x683.jpg\" sizes=\"(max-width: 1024px) 100vw, 1024px\" srcset=\"http:\/\/www.celttv.com.ar\/wp-content\/uploads\/2022\/05\/Festival-Aniversario-EFM-3-1024x683.jpg 1024w, http:\/\/www.celttv.com.ar\/wp-content\/uploads\/2022\/05\/Festival-Aniversario-EFM-3-780x520.jpg 780w, http:\/\/www.celttv.com.ar\/wp-content\/uploads\/2022\/05\/Festival-Aniversario-EFM-3-768x512.jpg 768w, http:\/\/www.celttv.com.ar\/wp-content\/uploads\/2022\/05\/Festival-Aniversario-EFM-3.jpg 1500w\" alt=\"\" width=\"1024\" height=\"683\" data-id=\"66027\" data-full-url=\"http:\/\/www.celttv.com.ar\/wp-content\/uploads\/2022\/05\/Festival-Aniversario-EFM-3.jpg\" data-link=\"http:\/\/www.celttv.com.ar\/?attachment_id=66027\" \/><\/figure>\n<\/li>\n<li class=\"blocks-gallery-item\">\n<figure><img loading=\"lazy\" class=\"wp-image-66028\" src=\"http:\/\/www.celttv.com.ar\/wp-content\/uploads\/2022\/05\/Festival-Aniversario-EFM-4-1024x683.jpg\" sizes=\"(max-width: 1024px) 100vw, 1024px\" srcset=\"http:\/\/www.celttv.com.ar\/wp-content\/uploads\/2022\/05\/Festival-Aniversario-EFM-4-1024x683.jpg 1024w, http:\/\/www.celttv.com.ar\/wp-content\/uploads\/2022\/05\/Festival-Aniversario-EFM-4-780x520.jpg 780w, http:\/\/www.celttv.com.ar\/wp-content\/uploads\/2022\/05\/Festival-Aniversario-EFM-4-768x512.jpg 768w, http:\/\/www.celttv.com.ar\/wp-content\/uploads\/2022\/05\/Festival-Aniversario-EFM-4.jpg 1500w\" alt=\"\" width=\"1024\" height=\"683\" data-id=\"66028\" data-full-url=\"http:\/\/www.celttv.com.ar\/wp-content\/uploads\/2022\/05\/Festival-Aniversario-EFM-4.jpg\" data-link=\"http:\/\/www.celttv.com.ar\/?attachment_id=66028\" \/><\/figure>\n<\/li>\n<li class=\"blocks-gallery-item\">\n<figure><img loading=\"lazy\" class=\"wp-image-66029\" src=\"http:\/\/www.celttv.com.ar\/wp-content\/uploads\/2022\/05\/Festival-Aniversario-EFM-5-1024x683.jpg\" sizes=\"(max-width: 1024px) 100vw, 1024px\" srcset=\"http:\/\/www.celttv.com.ar\/wp-content\/uploads\/2022\/05\/Festival-Aniversario-EFM-5-1024x683.jpg 1024w, http:\/\/www.celttv.com.ar\/wp-content\/uploads\/2022\/05\/Festival-Aniversario-EFM-5-780x520.jpg 780w, http:\/\/www.celttv.com.ar\/wp-content\/uploads\/2022\/05\/Festival-Aniversario-EFM-5-768x512.jpg 768w, http:\/\/www.celttv.com.ar\/wp-content\/uploads\/2022\/05\/Festival-Aniversario-EFM-5.jpg 1500w\" alt=\"\" width=\"1024\" height=\"683\" data-id=\"66029\" data-full-url=\"http:\/\/www.celttv.com.ar\/wp-content\/uploads\/2022\/05\/Festival-Aniversario-EFM-5.jpg\" data-link=\"http:\/\/www.celttv.com.ar\/?attachment_id=66029\" \/><\/figure>\n<\/li>\n<li class=\"blocks-gallery-item\">\n<figure><img loading=\"lazy\" class=\"wp-image-66030\" src=\"http:\/\/www.celttv.com.ar\/wp-content\/uploads\/2022\/05\/Festival-Aniversario-EFM-6-1024x683.jpg\" sizes=\"(max-width: 1024px) 100vw, 1024px\" srcset=\"http:\/\/www.celttv.com.ar\/wp-content\/uploads\/2022\/05\/Festival-Aniversario-EFM-6-1024x683.jpg 1024w, http:\/\/www.celttv.com.ar\/wp-content\/uploads\/2022\/05\/Festival-Aniversario-EFM-6-780x520.jpg 780w, http:\/\/www.celttv.com.ar\/wp-content\/uploads\/2022\/05\/Festival-Aniversario-EFM-6-768x512.jpg 768w, http:\/\/www.celttv.com.ar\/wp-content\/uploads\/2022\/05\/Festival-Aniversario-EFM-6.jpg 1500w\" alt=\"\" width=\"1024\" height=\"683\" data-id=\"66030\" data-full-url=\"http:\/\/www.celttv.com.ar\/wp-content\/uploads\/2022\/05\/Festival-Aniversario-EFM-6.jpg\" data-link=\"http:\/\/www.celttv.com.ar\/?attachment_id=66030\" \/><\/figure>\n<\/li>\n<li class=\"blocks-gallery-item\">\n<figure><img loading=\"lazy\" class=\"wp-image-66031\" src=\"http:\/\/www.celttv.com.ar\/wp-content\/uploads\/2022\/05\/Festival-Aniversario-EFM-7-1024x683.jpg\" sizes=\"(max-width: 1024px) 100vw, 1024px\" srcset=\"http:\/\/www.celttv.com.ar\/wp-content\/uploads\/2022\/05\/Festival-Aniversario-EFM-7-1024x683.jpg 1024w, http:\/\/www.celttv.com.ar\/wp-content\/uploads\/2022\/05\/Festival-Aniversario-EFM-7-780x520.jpg 780w, http:\/\/www.celttv.com.ar\/wp-content\/uploads\/2022\/05\/Festival-Aniversario-EFM-7-768x512.jpg 768w, http:\/\/www.celttv.com.ar\/wp-content\/uploads\/2022\/05\/Festival-Aniversario-EFM-7.jpg 1500w\" alt=\"\" width=\"1024\" height=\"683\" data-id=\"66031\" data-full-url=\"http:\/\/www.celttv.com.ar\/wp-content\/uploads\/2022\/05\/Festival-Aniversario-EFM-7.jpg\" data-link=\"http:\/\/www.celttv.com.ar\/?attachment_id=66031\" \/><\/figure>\n<\/li>\n<li class=\"blocks-gallery-item\">\n<figure><img loading=\"lazy\" class=\"wp-image-66032\" src=\"http:\/\/www.celttv.com.ar\/wp-content\/uploads\/2022\/05\/Festival-Aniversario-EFM-8-1024x683.jpg\" sizes=\"(max-width: 1024px) 100vw, 1024px\" srcset=\"http:\/\/www.celttv.com.ar\/wp-content\/uploads\/2022\/05\/Festival-Aniversario-EFM-8-1024x683.jpg 1024w, http:\/\/www.celttv.com.ar\/wp-content\/uploads\/2022\/05\/Festival-Aniversario-EFM-8-780x520.jpg 780w, http:\/\/www.celttv.com.ar\/wp-content\/uploads\/2022\/05\/Festival-Aniversario-EFM-8-768x512.jpg 768w, http:\/\/www.celttv.com.ar\/wp-content\/uploads\/2022\/05\/Festival-Aniversario-EFM-8.jpg 1500w\" alt=\"\" width=\"1024\" height=\"683\" data-id=\"66032\" data-full-url=\"http:\/\/www.celttv.com.ar\/wp-content\/uploads\/2022\/05\/Festival-Aniversario-EFM-8.jpg\" data-link=\"http:\/\/www.celttv.com.ar\/?attachment_id=66032\" \/><\/figure>\n<\/li>\n<li class=\"blocks-gallery-item\">\n<figure><img loading=\"lazy\" class=\"wp-image-66033\" src=\"http:\/\/www.celttv.com.ar\/wp-content\/uploads\/2022\/05\/Festival-Aniversario-EFM-9-1024x683.jpg\" sizes=\"(max-width: 1024px) 100vw, 1024px\" srcset=\"http:\/\/www.celttv.com.ar\/wp-content\/uploads\/2022\/05\/Festival-Aniversario-EFM-9-1024x683.jpg 1024w, http:\/\/www.celttv.com.ar\/wp-content\/uploads\/2022\/05\/Festival-Aniversario-EFM-9-780x520.jpg 780w, http:\/\/www.celttv.com.ar\/wp-content\/uploads\/2022\/05\/Festival-Aniversario-EFM-9-768x512.jpg 768w, http:\/\/www.celttv.com.ar\/wp-content\/uploads\/2022\/05\/Festival-Aniversario-EFM-9.jpg 1500w\" alt=\"\" width=\"1024\" height=\"683\" data-id=\"66033\" data-full-url=\"http:\/\/www.celttv.com.ar\/wp-content\/uploads\/2022\/05\/Festival-Aniversario-EFM-9.jpg\" data-link=\"http:\/\/www.celttv.com.ar\/?attachment_id=66033\" \/><\/figure>\n<\/li>\n<li class=\"blocks-gallery-item\">\n<figure><img loading=\"lazy\" class=\"wp-image-66034\" src=\"http:\/\/www.celttv.com.ar\/wp-content\/uploads\/2022\/05\/Festival-Aniversario-EFM-10-1024x683.jpg\" sizes=\"(max-width: 1024px) 100vw, 1024px\" srcset=\"http:\/\/www.celttv.com.ar\/wp-content\/uploads\/2022\/05\/Festival-Aniversario-EFM-10-1024x683.jpg 1024w, http:\/\/www.celttv.com.ar\/wp-content\/uploads\/2022\/05\/Festival-Aniversario-EFM-10-780x520.jpg 780w, http:\/\/www.celttv.com.ar\/wp-content\/uploads\/2022\/05\/Festival-Aniversario-EFM-10-768x512.jpg 768w, http:\/\/www.celttv.com.ar\/wp-content\/uploads\/2022\/05\/Festival-Aniversario-EFM-10.jpg 1500w\" alt=\"\" width=\"1024\" height=\"683\" data-id=\"66034\" data-full-url=\"http:\/\/www.celttv.com.ar\/wp-content\/uploads\/2022\/05\/Festival-Aniversario-EFM-10.jpg\" data-link=\"http:\/\/www.celttv.com.ar\/?attachment_id=66034\" \/><\/figure>\n<\/li>\n<li class=\"blocks-gallery-item\">\n<figure><img loading=\"lazy\" class=\"wp-image-66035\" src=\"http:\/\/www.celttv.com.ar\/wp-content\/uploads\/2022\/05\/Festival-Aniversario-EFM-11-683x1024.jpg\" sizes=\"(max-width: 683px) 100vw, 683px\" srcset=\"http:\/\/www.celttv.com.ar\/wp-content\/uploads\/2022\/05\/Festival-Aniversario-EFM-11-683x1024.jpg 683w, http:\/\/www.celttv.com.ar\/wp-content\/uploads\/2022\/05\/Festival-Aniversario-EFM-11-520x780.jpg 520w, http:\/\/www.celttv.com.ar\/wp-content\/uploads\/2022\/05\/Festival-Aniversario-EFM-11-768x1152.jpg 768w, http:\/\/www.celttv.com.ar\/wp-content\/uploads\/2022\/05\/Festival-Aniversario-EFM-11.jpg 1000w\" alt=\"\" width=\"683\" height=\"1024\" data-id=\"66035\" data-full-url=\"http:\/\/www.celttv.com.ar\/wp-content\/uploads\/2022\/05\/Festival-Aniversario-EFM-11.jpg\" data-link=\"http:\/\/www.celttv.com.ar\/?attachment_id=66035\" \/><\/figure>\n<\/li>\n<li class=\"blocks-gallery-item\">\n<figure><img loading=\"lazy\" class=\"wp-image-66036\" src=\"http:\/\/www.celttv.com.ar\/wp-content\/uploads\/2022\/05\/Festival-Aniversario-EFM-12-1024x683.jpg\" sizes=\"(max-width: 1024px) 100vw, 1024px\" srcset=\"http:\/\/www.celttv.com.ar\/wp-content\/uploads\/2022\/05\/Festival-Aniversario-EFM-12-1024x683.jpg 1024w, http:\/\/www.celttv.com.ar\/wp-content\/uploads\/2022\/05\/Festival-Aniversario-EFM-12-780x520.jpg 780w, http:\/\/www.celttv.com.ar\/wp-content\/uploads\/2022\/05\/Festival-Aniversario-EFM-12-768x512.jpg 768w, http:\/\/www.celttv.com.ar\/wp-content\/uploads\/2022\/05\/Festival-Aniversario-EFM-12.jpg 1500w\" alt=\"\" width=\"1024\" height=\"683\" data-id=\"66036\" data-full-url=\"http:\/\/www.celttv.com.ar\/wp-content\/uploads\/2022\/05\/Festival-Aniversario-EFM-12.jpg\" data-link=\"http:\/\/www.celttv.com.ar\/?attachment_id=66036\" \/><\/figure>\n<\/li>\n<li class=\"blocks-gallery-item\">\n<figure><img loading=\"lazy\" class=\"wp-image-66037\" src=\"http:\/\/www.celttv.com.ar\/wp-content\/uploads\/2022\/05\/Festival-Aniversario-EFM-13-1024x683.jpg\" sizes=\"(max-width: 1024px) 100vw, 1024px\" srcset=\"http:\/\/www.celttv.com.ar\/wp-content\/uploads\/2022\/05\/Festival-Aniversario-EFM-13-1024x683.jpg 1024w, http:\/\/www.celttv.com.ar\/wp-content\/uploads\/2022\/05\/Festival-Aniversario-EFM-13-780x520.jpg 780w, http:\/\/www.celttv.com.ar\/wp-content\/uploads\/2022\/05\/Festival-Aniversario-EFM-13-768x512.jpg 768w, http:\/\/www.celttv.com.ar\/wp-content\/uploads\/2022\/05\/Festival-Aniversario-EFM-13.jpg 1500w\" alt=\"\" width=\"1024\" height=\"683\" data-id=\"66037\" data-full-url=\"http:\/\/www.celttv.com.ar\/wp-content\/uploads\/2022\/05\/Festival-Aniversario-EFM-13.jpg\" data-link=\"http:\/\/www.celttv.com.ar\/?attachment_id=66037\" \/><\/figure>\n<\/li>\n<\/ul>\n<\/figure>\n<\/div>","protected":false},"excerpt":{"rendered":"<p>La Escuela Fokl\u00f3rica Municipal (EFM) de Tornquist brill\u00f3 en la noche de este viernes en su tradicional Festival Aniversario, en el marco de sus 35 a\u00f1os, en el Teatro Municipal \u2018Rodolfo Funke\u2019. Sobre el escenario se presentaron todos los cuerpos de baile de la EFM, desde iniciaci\u00f3n, infantiles avanzados hasta adultos, y un cierre estelar [&hellip;]<\/p>\n","protected":false},"author":2,"featured_media":6300,"comment_status":"open","ping_status":"open","sticky":false,"template":"","format":"standard","meta":[],"categories":[18,43,45,20,46],"tags":[1416],"_links":{"self":[{"href":"https:\/\/observadorserrano.com.ar\/index.php?rest_route=\/wp\/v2\/posts\/6299"}],"collection":[{"href":"https:\/\/observadorserrano.com.ar\/index.php?rest_route=\/wp\/v2\/posts"}],"about":[{"href":"https:\/\/observadorserrano.com.ar\/index.php?rest_route=\/wp\/v2\/types\/post"}],"author":[{"embeddable":true,"href":"https:\/\/observadorserrano.com.ar\/index.php?rest_route=\/wp\/v2\/users\/2"}],"replies":[{"embeddable":true,"href":"https:\/\/observadorserrano.com.ar\/index.php?rest_route=%2Fwp%2Fv2%2Fcomments&post=6299"}],"version-history":[{"count":1,"href":"https:\/\/observadorserrano.com.ar\/index.php?rest_route=\/wp\/v2\/posts\/6299\/revisions"}],"predecessor-version":[{"id":6301,"href":"https:\/\/observadorserrano.com.ar\/index.php?rest_route=\/wp\/v2\/posts\/6299\/revisions\/6301"}],"wp:featuredmedia":[{"embeddable":true,"href":"https:\/\/observadorserrano.com.ar\/index.php?rest_route=\/wp\/v2\/media\/6300"}],"wp:attachment":[{"href":"https:\/\/observadorserrano.com.ar\/index.php?rest_route=%2Fwp%2Fv2%2Fmedia&parent=6299"}],"wp:term":[{"taxonomy":"category","embeddable":true,"href":"https:\/\/observadorserrano.com.ar\/index.php?rest_route=%2Fwp%2Fv2%2Fcategories&post=6299"},{"taxonomy":"post_tag","embeddable":true,"href":"https:\/\/observadorserrano.com.ar\/index.php?rest_route=%2Fwp%2Fv2%2Ftags&post=6299"}],"curies":[{"name":"wp","href":"https:\/\/api.w.org\/{rel}","templated":true}]}}