{"id":631,"date":"2020-11-12T12:51:27","date_gmt":"2020-11-12T15:51:27","guid":{"rendered":"https:\/\/observadorserrano.com.ar\/?p=631"},"modified":"2020-11-12T12:52:00","modified_gmt":"2020-11-12T15:52:00","slug":"la-celt-habilita-la-atencion-al-publico-tres-dias-en-la-semana-a-partir-del-lunes-16","status":"publish","type":"post","link":"https:\/\/observadorserrano.com.ar\/?p=631","title":{"rendered":"La CELT. habilita la atenci\u00f3n  al p\u00fablico tres d\u00edas en la semana a partir del lunes 16"},"content":{"rendered":"<div class=\"pf-content\"><p>La Cooperativa El\u00e9ctrica Ltda. deTornquist comunica que a partir del lunes 16 de noviembre los d\u00edas lunes, mi\u00e9rcoles y viernes la administraci\u00f3n atender\u00e1 al p\u00fablico de 10:00 a 12:00 hs.<\/p>\n<p>Para los que as\u00ed lo requieran se continuar\u00e1 con la atenci\u00f3n telef\u00f3nica y\/o correo electr\u00f3nico.<\/p>\n<p>La CELT informa adem\u00e1s que se mantendr\u00e1n las guardias para cada uno de los servicios prestados.<\/p>\n<p>&nbsp;<\/p>\n<p>Cooperativa El\u00e9ctrica Ltda de Tornquist<\/p>\n<\/div>","protected":false},"excerpt":{"rendered":"<p>La Cooperativa El\u00e9ctrica Ltda. deTornquist comunica que a partir del lunes 16 de noviembre los d\u00edas lunes, mi\u00e9rcoles y viernes la administraci\u00f3n atender\u00e1 al p\u00fablico de 10:00 a 12:00 hs. Para los que as\u00ed lo requieran se continuar\u00e1 con la atenci\u00f3n telef\u00f3nica y\/o correo electr\u00f3nico. La CELT informa adem\u00e1s que se mantendr\u00e1n las guardias para [&hellip;]<\/p>\n","protected":false},"author":2,"featured_media":423,"comment_status":"open","ping_status":"open","sticky":false,"template":"","format":"standard","meta":[],"categories":[18],"tags":[],"_links":{"self":[{"href":"https:\/\/observadorserrano.com.ar\/index.php?rest_route=\/wp\/v2\/posts\/631"}],"collection":[{"href":"https:\/\/observadorserrano.com.ar\/index.php?rest_route=\/wp\/v2\/posts"}],"about":[{"href":"https:\/\/observadorserrano.com.ar\/index.php?rest_route=\/wp\/v2\/types\/post"}],"author":[{"embeddable":true,"href":"https:\/\/observadorserrano.com.ar\/index.php?rest_route=\/wp\/v2\/users\/2"}],"replies":[{"embeddable":true,"href":"https:\/\/observadorserrano.com.ar\/index.php?rest_route=%2Fwp%2Fv2%2Fcomments&post=631"}],"version-history":[{"count":1,"href":"https:\/\/observadorserrano.com.ar\/index.php?rest_route=\/wp\/v2\/posts\/631\/revisions"}],"predecessor-version":[{"id":632,"href":"https:\/\/observadorserrano.com.ar\/index.php?rest_route=\/wp\/v2\/posts\/631\/revisions\/632"}],"wp:featuredmedia":[{"embeddable":true,"href":"https:\/\/observadorserrano.com.ar\/index.php?rest_route=\/wp\/v2\/media\/423"}],"wp:attachment":[{"href":"https:\/\/observadorserrano.com.ar\/index.php?rest_route=%2Fwp%2Fv2%2Fmedia&parent=631"}],"wp:term":[{"taxonomy":"category","embeddable":true,"href":"https:\/\/observadorserrano.com.ar\/index.php?rest_route=%2Fwp%2Fv2%2Fcategories&post=631"},{"taxonomy":"post_tag","embeddable":true,"href":"https:\/\/observadorserrano.com.ar\/index.php?rest_route=%2Fwp%2Fv2%2Ftags&post=631"}],"curies":[{"name":"wp","href":"https:\/\/api.w.org\/{rel}","templated":true}]}}