{"id":633,"date":"2020-11-12T15:28:32","date_gmt":"2020-11-12T18:28:32","guid":{"rendered":"https:\/\/observadorserrano.com.ar\/?p=633"},"modified":"2020-11-12T15:28:32","modified_gmt":"2020-11-12T18:28:32","slug":"movilidad-jubilatoria-con-dictamen-aprobado","status":"publish","type":"post","link":"https:\/\/observadorserrano.com.ar\/?p=633","title":{"rendered":"MOVILIDAD JUBILATORIA CON DICTAMEN APROBADO"},"content":{"rendered":"<div class=\"pf-content\"><p style=\"font-weight: 400;\">La Comisi\u00f3n Bicameral Mixta de Movilidad Previsional dio dictamen hoy a la nueva f\u00f3rmula jubilatoria en la C\u00e1mara de Diputados de la Naci\u00f3n.<\/p>\n<p style=\"font-weight: 400;\">La presentaci\u00f3n de la propuesta estuvo a cargo de la directora ejecutiva de la ANSES,<strong>\u00a0Fernanda Raverta<\/strong>, quien destac\u00f3 que\u00a0<em>\u201clos jubilados contar\u00e1n con una f\u00f3rmula que vaya aumentando sus haberes semestralmente, con mejor poder adquisitivo y capacidad de consumo, tal como se comprometi\u00f3 el Presidente\u00a0<strong>Alberto Fern\u00e1ndez<\/strong>\u201d<\/em>.<\/p>\n<p style=\"font-weight: 400;\">Asimismo, la titular del organismo previsional detall\u00f3 que, a partir de 2009, los jubilados y las jubiladas contaron con una f\u00f3rmula previsible y sustentable en el gobierno de la expresidenta y actual vicepresidenta de la Naci\u00f3n,\u00a0<strong>Cristina Fern\u00e1ndez<\/strong>, que permiti\u00f3 un aumento real del 25,8 por ciento en sus haberes; mientras que en el gobierno del expresidente\u00a0<strong>Mauricio Macri<\/strong>\u00a0hizo que perdieran un 19,5 por ciento.<\/p>\n<p style=\"font-weight: 400;\">\u201c<em>Ten\u00edamos tiempo hasta el 31 de diciembre para presentar este proyecto, que nos remite a un tiempo donde los n\u00fameros cerraban con la gente adentro y a un modelo econ\u00f3mico que crece. Escuchamos a m\u00e1s de 20 especialistas y tomamos nota para construir una propuesta que tuviera consenso<\/em>\u201d, agreg\u00f3\u00a0<strong>Raverta\u00a0<\/strong>durante su exposici\u00f3n.<\/p>\n<p style=\"font-weight: 400;\">Acompa\u00f1aron la propuesta con perspectiva federal, mediante videoconferencia, varios referentes del sector:\u00a0<strong>Carlos Valle<\/strong>\u00a0(Confederaci\u00f3n General de Jubilados, Retirados, Pensionados y Adultos Mayores de la Argentina);\u00a0<strong>Graciela Pamp\u00edn<\/strong>\u00a0(Federaci\u00f3n Solidaria de Organizaciones de<\/p>\n<p style=\"font-weight: 400;\">Jubilados y Pensionados de la Rep\u00fablica Argentina &#8211; Casa Eva Per\u00f3n);\u00a0<strong>Alberto \u201cCoco\u201d Meneces<\/strong>\u00a0(Federaci\u00f3n Fuerza y Voluntad Transformadora);\u00a0<strong>Nelly Zelaray\u00e1n<\/strong>\u00a0(Centro de Jubilados y Pensionados Nueva Esperanza Mosconi de Salta);<strong>\u00a0Rosa del Valle Soria<\/strong>\u00a0(Federaci\u00f3n Provincial de Jubilados y Pensionados de Santiago del Estero);\u00a0<strong>Jos\u00e9 L\u00e1zaro<\/strong>\u00a0(Federaci\u00f3n de Centros de Jubilados y Pensionados de Chubut Sur);\u00a0<strong>Berta del Carmen L\u00f3pez<\/strong>\u00a0(Federaci\u00f3n de Entidades de Jubilados, Pensionados y Retirados de Catamarca);\u00a0<strong>Juli\u00e1n Maldonado<\/strong>\u00a0(Centro de Jubilados y Pensionados De\u00e1n Funes de C\u00f3rdoba);\u00a0<strong>Ra\u00fal Carrizo<\/strong>\u00a0(Federaci\u00f3n Regional del Sur de Buenos Aires de Jubilados y Pensionados);\u00a0<strong>Graciela Balestra<\/strong>\u00a0(Puerta Abierta a la Diversidad, CABA).<\/p>\n<p>&nbsp;<\/p>\n<p><a href=\"https:\/\/observadorserrano.com.ar\/wp-content\/uploads\/2020\/11\/Foirmula-movilidad.pdf\">Formula movilidad<\/a> <img loading=\"lazy\" class=\"alignnone size-medium wp-image-635\" src=\"https:\/\/observadorserrano.com.ar\/wp-content\/uploads\/2020\/11\/movilidad-jubilatoria-300x220.jpg\" alt=\"\" width=\"300\" height=\"220\" srcset=\"https:\/\/observadorserrano.com.ar\/wp-content\/uploads\/2020\/11\/movilidad-jubilatoria-300x220.jpg 300w, https:\/\/observadorserrano.com.ar\/wp-content\/uploads\/2020\/11\/movilidad-jubilatoria-1024x750.jpg 1024w, https:\/\/observadorserrano.com.ar\/wp-content\/uploads\/2020\/11\/movilidad-jubilatoria-768x563.jpg 768w, https:\/\/observadorserrano.com.ar\/wp-content\/uploads\/2020\/11\/movilidad-jubilatoria-1536x1126.jpg 1536w, https:\/\/observadorserrano.com.ar\/wp-content\/uploads\/2020\/11\/movilidad-jubilatoria-2048x1501.jpg 2048w, https:\/\/observadorserrano.com.ar\/wp-content\/uploads\/2020\/11\/movilidad-jubilatoria-409x300.jpg 409w, https:\/\/observadorserrano.com.ar\/wp-content\/uploads\/2020\/11\/movilidad-jubilatoria-750x550.jpg 750w, https:\/\/observadorserrano.com.ar\/wp-content\/uploads\/2020\/11\/movilidad-jubilatoria-1140x835.jpg 1140w\" sizes=\"(max-width: 300px) 100vw, 300px\" \/><\/p>\n<p>&nbsp;<\/p>\n<p>&nbsp;<\/p>\n<\/div>","protected":false},"excerpt":{"rendered":"<p>La Comisi\u00f3n Bicameral Mixta de Movilidad Previsional dio dictamen hoy a la nueva f\u00f3rmula jubilatoria en la C\u00e1mara de Diputados de la Naci\u00f3n. La presentaci\u00f3n de la propuesta estuvo a cargo de la directora ejecutiva de la ANSES,\u00a0Fernanda Raverta, quien destac\u00f3 que\u00a0\u201clos jubilados contar\u00e1n con una f\u00f3rmula que vaya aumentando sus haberes semestralmente, con mejor [&hellip;]<\/p>\n","protected":false},"author":2,"featured_media":635,"comment_status":"open","ping_status":"open","sticky":false,"template":"","format":"standard","meta":[],"categories":[18,43],"tags":[],"_links":{"self":[{"href":"https:\/\/observadorserrano.com.ar\/index.php?rest_route=\/wp\/v2\/posts\/633"}],"collection":[{"href":"https:\/\/observadorserrano.com.ar\/index.php?rest_route=\/wp\/v2\/posts"}],"about":[{"href":"https:\/\/observadorserrano.com.ar\/index.php?rest_route=\/wp\/v2\/types\/post"}],"author":[{"embeddable":true,"href":"https:\/\/observadorserrano.com.ar\/index.php?rest_route=\/wp\/v2\/users\/2"}],"replies":[{"embeddable":true,"href":"https:\/\/observadorserrano.com.ar\/index.php?rest_route=%2Fwp%2Fv2%2Fcomments&post=633"}],"version-history":[{"count":1,"href":"https:\/\/observadorserrano.com.ar\/index.php?rest_route=\/wp\/v2\/posts\/633\/revisions"}],"predecessor-version":[{"id":636,"href":"https:\/\/observadorserrano.com.ar\/index.php?rest_route=\/wp\/v2\/posts\/633\/revisions\/636"}],"wp:featuredmedia":[{"embeddable":true,"href":"https:\/\/observadorserrano.com.ar\/index.php?rest_route=\/wp\/v2\/media\/635"}],"wp:attachment":[{"href":"https:\/\/observadorserrano.com.ar\/index.php?rest_route=%2Fwp%2Fv2%2Fmedia&parent=633"}],"wp:term":[{"taxonomy":"category","embeddable":true,"href":"https:\/\/observadorserrano.com.ar\/index.php?rest_route=%2Fwp%2Fv2%2Fcategories&post=633"},{"taxonomy":"post_tag","embeddable":true,"href":"https:\/\/observadorserrano.com.ar\/index.php?rest_route=%2Fwp%2Fv2%2Ftags&post=633"}],"curies":[{"name":"wp","href":"https:\/\/api.w.org\/{rel}","templated":true}]}}