{"id":6356,"date":"2022-05-23T16:15:44","date_gmt":"2022-05-23T19:15:44","guid":{"rendered":"https:\/\/observadorserrano.com.ar\/?p=6356"},"modified":"2022-05-23T16:15:44","modified_gmt":"2022-05-23T19:15:44","slug":"mirta-del-carmen-caldentey-viuda-de-luna-q-e-p-d-fallecio-en-tornquist-el-23-de-mayo-de-2022-a-los-76-anos-de-edad","status":"publish","type":"post","link":"https:\/\/observadorserrano.com.ar\/?p=6356","title":{"rendered":"Mirta del Carmen CALDENTEY viuda de LUNA &#8211;Q.E.P.D.&#8211;: Falleci\u00f3 en Tornquist el 23 de Mayo de 2022 a los 76 a\u00f1os de edad"},"content":{"rendered":"<div class=\"pf-content\"><p><span lang=\"ES-TRAD\">Mirta del Carmen CALDENTEY viuda de LUNA &#8212;<\/span><span lang=\"ES-TRAD\">Q.E.P.D.&#8211;: Falleci\u00f3 en Tornquist el 23 de Mayo de 2022 a los 76 a\u00f1os de edad. Sus hijos Eleazar Ricardo y Nancy Edith LUNA. Sus hijos pol\u00edticos Karina TRUJILLO y Luis SEP\u00daLVEDA. Sus nietos Dar\u00edo, Mat\u00edas, Daiana, Melany y Nadine. Sus nietos pol\u00edticos Dar\u00edo, Bruno y Martina. Sus bisnietos Agust\u00edn y Valentino. Su hermano Miguel CALDENTEY. Sus hermanos pol\u00edticos Delma, Oscar y Estela. Su hijo del coraz\u00f3n Jorge. Sus sobrinos, primos, amistades y dem\u00e1s deudos participan su deceso y comunican que sus restos ser\u00e1n inhumados hoy a las 17.00 horas en la necr\u00f3polis de Tornquist. Casa velatoria G\u00fcemes 236, Tornquist. Casa de duelo Avenida Alem 194, Tornquist. Servicio a cargo de\u00a0<u><\/u>la Cooperativa El\u00e9ctrica<u><\/u>\u00a0Limitada de Tornquist.<u><\/u>\u00a0<\/span><\/p>\n<\/div>","protected":false},"excerpt":{"rendered":"<p>Mirta del Carmen CALDENTEY viuda de LUNA &#8212;Q.E.P.D.&#8211;: Falleci\u00f3 en Tornquist el 23 de Mayo de 2022 a los 76 a\u00f1os de edad. Sus hijos Eleazar Ricardo y Nancy Edith LUNA. Sus hijos pol\u00edticos Karina TRUJILLO y Luis SEP\u00daLVEDA. Sus nietos Dar\u00edo, Mat\u00edas, Daiana, Melany y Nadine. Sus nietos pol\u00edticos Dar\u00edo, Bruno y Martina. Sus [&hellip;]<\/p>\n","protected":false},"author":2,"featured_media":5691,"comment_status":"open","ping_status":"open","sticky":false,"template":"","format":"standard","meta":[],"categories":[44],"tags":[147],"_links":{"self":[{"href":"https:\/\/observadorserrano.com.ar\/index.php?rest_route=\/wp\/v2\/posts\/6356"}],"collection":[{"href":"https:\/\/observadorserrano.com.ar\/index.php?rest_route=\/wp\/v2\/posts"}],"about":[{"href":"https:\/\/observadorserrano.com.ar\/index.php?rest_route=\/wp\/v2\/types\/post"}],"author":[{"embeddable":true,"href":"https:\/\/observadorserrano.com.ar\/index.php?rest_route=\/wp\/v2\/users\/2"}],"replies":[{"embeddable":true,"href":"https:\/\/observadorserrano.com.ar\/index.php?rest_route=%2Fwp%2Fv2%2Fcomments&post=6356"}],"version-history":[{"count":1,"href":"https:\/\/observadorserrano.com.ar\/index.php?rest_route=\/wp\/v2\/posts\/6356\/revisions"}],"predecessor-version":[{"id":6357,"href":"https:\/\/observadorserrano.com.ar\/index.php?rest_route=\/wp\/v2\/posts\/6356\/revisions\/6357"}],"wp:featuredmedia":[{"embeddable":true,"href":"https:\/\/observadorserrano.com.ar\/index.php?rest_route=\/wp\/v2\/media\/5691"}],"wp:attachment":[{"href":"https:\/\/observadorserrano.com.ar\/index.php?rest_route=%2Fwp%2Fv2%2Fmedia&parent=6356"}],"wp:term":[{"taxonomy":"category","embeddable":true,"href":"https:\/\/observadorserrano.com.ar\/index.php?rest_route=%2Fwp%2Fv2%2Fcategories&post=6356"},{"taxonomy":"post_tag","embeddable":true,"href":"https:\/\/observadorserrano.com.ar\/index.php?rest_route=%2Fwp%2Fv2%2Ftags&post=6356"}],"curies":[{"name":"wp","href":"https:\/\/api.w.org\/{rel}","templated":true}]}}