{"id":6366,"date":"2022-05-23T22:16:37","date_gmt":"2022-05-24T01:16:37","guid":{"rendered":"https:\/\/observadorserrano.com.ar\/?p=6366"},"modified":"2022-05-23T23:16:42","modified_gmt":"2022-05-24T02:16:42","slug":"mabel-marta-tumini-viuda-de-parodi-q-e-p-d-fallecio-en-tornquist-el-23-de-mayo-de-2022-a-los-90-anos-de-edad","status":"publish","type":"post","link":"https:\/\/observadorserrano.com.ar\/?p=6366","title":{"rendered":"Mabel Martha TUMINI viuda de PARODI &#8211;Q.E.P.D.&#8211;: Falleci\u00f3 en Tornquist el 23 de Mayo de 2022 a los 90 a\u00f1os de edad"},"content":{"rendered":"<div class=\"pf-content\"><p><span lang=\"ES-TRAD\">Mabel Martha TUMINI viuda de PARODI &#8212;<\/span><span lang=\"ES-TRAD\">Q.E.P.D.&#8211;: Falleci\u00f3 en Tornquist el 23 de Mayo de 2022 a los 90 a\u00f1os de edad. Sus hijos Rub\u00e9n Antonio y Carlos Mart\u00edn PARODI. Sus hijas pol\u00edticas, nietos, nietos pol\u00edticos y bisnietos. Su hermana Teresa TUMINI. Sobrinos, amistades y dem\u00e1s deudos participan su deceso y comunican que sus restos fueron inhumados en la necr\u00f3polis de Tornquist. Casa de duelo Hip\u00f3lito Yrigoyen 252 4\u00b0 \u201cD\u201d de Bah\u00eda Blanca. Servicio a cargo de\u00a0<u><\/u>la Cooperativa El\u00e9ctrica<u><\/u>\u00a0Limitada de Tornquist.<u><\/u>\u00a0<\/span><\/p>\n<\/div>","protected":false},"excerpt":{"rendered":"<p>Mabel Martha TUMINI viuda de PARODI &#8212;Q.E.P.D.&#8211;: Falleci\u00f3 en Tornquist el 23 de Mayo de 2022 a los 90 a\u00f1os de edad. Sus hijos Rub\u00e9n Antonio y Carlos Mart\u00edn PARODI. Sus hijas pol\u00edticas, nietos, nietos pol\u00edticos y bisnietos. Su hermana Teresa TUMINI. Sobrinos, amistades y dem\u00e1s deudos participan su deceso y comunican que sus restos [&hellip;]<\/p>\n","protected":false},"author":2,"featured_media":5691,"comment_status":"open","ping_status":"open","sticky":false,"template":"","format":"standard","meta":[],"categories":[44],"tags":[147],"_links":{"self":[{"href":"https:\/\/observadorserrano.com.ar\/index.php?rest_route=\/wp\/v2\/posts\/6366"}],"collection":[{"href":"https:\/\/observadorserrano.com.ar\/index.php?rest_route=\/wp\/v2\/posts"}],"about":[{"href":"https:\/\/observadorserrano.com.ar\/index.php?rest_route=\/wp\/v2\/types\/post"}],"author":[{"embeddable":true,"href":"https:\/\/observadorserrano.com.ar\/index.php?rest_route=\/wp\/v2\/users\/2"}],"replies":[{"embeddable":true,"href":"https:\/\/observadorserrano.com.ar\/index.php?rest_route=%2Fwp%2Fv2%2Fcomments&post=6366"}],"version-history":[{"count":2,"href":"https:\/\/observadorserrano.com.ar\/index.php?rest_route=\/wp\/v2\/posts\/6366\/revisions"}],"predecessor-version":[{"id":6370,"href":"https:\/\/observadorserrano.com.ar\/index.php?rest_route=\/wp\/v2\/posts\/6366\/revisions\/6370"}],"wp:featuredmedia":[{"embeddable":true,"href":"https:\/\/observadorserrano.com.ar\/index.php?rest_route=\/wp\/v2\/media\/5691"}],"wp:attachment":[{"href":"https:\/\/observadorserrano.com.ar\/index.php?rest_route=%2Fwp%2Fv2%2Fmedia&parent=6366"}],"wp:term":[{"taxonomy":"category","embeddable":true,"href":"https:\/\/observadorserrano.com.ar\/index.php?rest_route=%2Fwp%2Fv2%2Fcategories&post=6366"},{"taxonomy":"post_tag","embeddable":true,"href":"https:\/\/observadorserrano.com.ar\/index.php?rest_route=%2Fwp%2Fv2%2Ftags&post=6366"}],"curies":[{"name":"wp","href":"https:\/\/api.w.org\/{rel}","templated":true}]}}