{"id":6368,"date":"2022-05-23T22:24:33","date_gmt":"2022-05-24T01:24:33","guid":{"rendered":"https:\/\/observadorserrano.com.ar\/?p=6368"},"modified":"2022-05-23T22:24:33","modified_gmt":"2022-05-24T01:24:33","slug":"adolfo-ruben-busi-q-e-p-d-fallecio-en-tornquist-el-23-de-mayo-de-2022-a-los-84-anos-de-edad","status":"publish","type":"post","link":"https:\/\/observadorserrano.com.ar\/?p=6368","title":{"rendered":"Adolfo Rub\u00e9n BUSI &#8211;Q.E.P.D.&#8211;: Falleci\u00f3 en Tornquist el 23 de Mayo de 2022 a los 84 a\u00f1os de edad"},"content":{"rendered":"<div class=\"pf-content\"><p><span lang=\"ES-TRAD\">Adolfo Rub\u00e9n BUSI &#8212;<\/span><span lang=\"ES-TRAD\">Q.E.P.D.&#8211;: Falleci\u00f3 en Tornquist el 23 de Mayo de 2022 a los 84 a\u00f1os de edad. Sus amigos Luciana y Esteban, familiares y dem\u00e1s deudos participan su deceso y comunican que sus restos ser\u00e1n inhumados ma\u00f1ana (24\/05\/2022) a las 09.00 horas en la necr\u00f3polis de nuestra localidad. Casa de duelo avenida Alem 145, Tornquist. Servicio a cargo de <u><\/u>la Cooperativa El\u00e9ctrica<u><\/u>\u00a0Limitada de Tornquist.<u><\/u>\u00a0<u><\/u><\/span><\/p>\n<\/div>","protected":false},"excerpt":{"rendered":"<p>Adolfo Rub\u00e9n BUSI &#8212;Q.E.P.D.&#8211;: Falleci\u00f3 en Tornquist el 23 de Mayo de 2022 a los 84 a\u00f1os de edad. Sus amigos Luciana y Esteban, familiares y dem\u00e1s deudos participan su deceso y comunican que sus restos ser\u00e1n inhumados ma\u00f1ana (24\/05\/2022) a las 09.00 horas en la necr\u00f3polis de nuestra localidad. Casa de duelo avenida Alem [&hellip;]<\/p>\n","protected":false},"author":2,"featured_media":5691,"comment_status":"open","ping_status":"open","sticky":false,"template":"","format":"standard","meta":[],"categories":[44],"tags":[147],"_links":{"self":[{"href":"https:\/\/observadorserrano.com.ar\/index.php?rest_route=\/wp\/v2\/posts\/6368"}],"collection":[{"href":"https:\/\/observadorserrano.com.ar\/index.php?rest_route=\/wp\/v2\/posts"}],"about":[{"href":"https:\/\/observadorserrano.com.ar\/index.php?rest_route=\/wp\/v2\/types\/post"}],"author":[{"embeddable":true,"href":"https:\/\/observadorserrano.com.ar\/index.php?rest_route=\/wp\/v2\/users\/2"}],"replies":[{"embeddable":true,"href":"https:\/\/observadorserrano.com.ar\/index.php?rest_route=%2Fwp%2Fv2%2Fcomments&post=6368"}],"version-history":[{"count":1,"href":"https:\/\/observadorserrano.com.ar\/index.php?rest_route=\/wp\/v2\/posts\/6368\/revisions"}],"predecessor-version":[{"id":6369,"href":"https:\/\/observadorserrano.com.ar\/index.php?rest_route=\/wp\/v2\/posts\/6368\/revisions\/6369"}],"wp:featuredmedia":[{"embeddable":true,"href":"https:\/\/observadorserrano.com.ar\/index.php?rest_route=\/wp\/v2\/media\/5691"}],"wp:attachment":[{"href":"https:\/\/observadorserrano.com.ar\/index.php?rest_route=%2Fwp%2Fv2%2Fmedia&parent=6368"}],"wp:term":[{"taxonomy":"category","embeddable":true,"href":"https:\/\/observadorserrano.com.ar\/index.php?rest_route=%2Fwp%2Fv2%2Fcategories&post=6368"},{"taxonomy":"post_tag","embeddable":true,"href":"https:\/\/observadorserrano.com.ar\/index.php?rest_route=%2Fwp%2Fv2%2Ftags&post=6368"}],"curies":[{"name":"wp","href":"https:\/\/api.w.org\/{rel}","templated":true}]}}