{"id":6395,"date":"2022-05-25T11:56:01","date_gmt":"2022-05-25T14:56:01","guid":{"rendered":"https:\/\/observadorserrano.com.ar\/?p=6395"},"modified":"2022-05-25T11:56:01","modified_gmt":"2022-05-25T14:56:01","slug":"se-conmemoro-el-212o-aniversario-de-la-revolucion-de-mayo-fotos-y-videos","status":"publish","type":"post","link":"https:\/\/observadorserrano.com.ar\/?p=6395","title":{"rendered":"Se conmemor\u00f3 el 212\u00ba aniversario de la Revoluci\u00f3n de Mayo (fotos y videos)"},"content":{"rendered":"<div class=\"pf-content\"><blockquote class=\"wp-embedded-content\" data-secret=\"lMN0dDxgk6\"><p><a href=\"http:\/\/www.celttv.com.ar\/?p=66400\">Se conmemor\u00f3 el 212\u00ba aniversario de la Revoluci\u00f3n de Mayo (fotos y videos)<\/a><\/p><\/blockquote>\n<p><iframe class=\"wp-embedded-content\" sandbox=\"allow-scripts\" security=\"restricted\" style=\"position: absolute; clip: rect(1px, 1px, 1px, 1px);\" title=\"\u00abSe conmemor\u00f3 el 212\u00ba aniversario de la Revoluci\u00f3n de Mayo (fotos y videos)\u00bb \u2014 CELT TV Noticias\" src=\"http:\/\/www.celttv.com.ar\/?p=66400&#038;embed=true#?secret=lMN0dDxgk6\" data-secret=\"lMN0dDxgk6\" width=\"500\" height=\"282\" frameborder=\"0\" marginwidth=\"0\" marginheight=\"0\" scrolling=\"no\"><\/iframe><\/p>\n<p>Con el ingreso de las banderas de ceremonias, se dio inicio pasadas las 9.30hs al acto oficial por la Revoluci\u00f3n de Mayo, en el Teatro Rodolfo Funke.<\/p>\n<p>Encabezado por el Secretario de Gobierno y Seguridad, Ezequiel Gabella; se conmemor\u00f3 un nuevo aniversario del primer gobierno patrio argentino.<\/p>\n<p>El funcionario municipal fue el encargado de las palabras alusivas a la fecha, en las que llam\u00f3 a todos los ciudadanos a ser revolucionarios, a hacer peque\u00f1as revoluciones, cosas sencillas que cambien el sistema, para ser mejores personas principalmente con nosotros mismos.<\/p>\n<p>\u201cPorque en tiempos donde parece estar todo perdido y que no hay nada por hacer, empezar a hacer las cosas bien, pensando en el otro tambi\u00e9n, \u00a1la pucha..! \u00a1\u00a1Que ser\u00eda revolucionario!!, expres\u00f3.<\/p>\n<p>M\u00e1s tarde fue el turno de la Escuela Folkl\u00f3rica Municipal de subir al escenario y lucirse con una danza alusiva a la fecha.<\/p>\n<p>Estuvieron presentes el Secretario de Obras y Servicios P\u00fablicos, Bruno P\u00e1ez; el Secretario de Producci\u00f3n, V\u00edctor Ant\u00f3n; el Secretario de Turismo, Gustavo Sandobal; la Subsecretaria de Desarrollo Social, Maria Graciela Musso; la Subsecretaria de Cultura, Luc\u00eda Urriaga; la Subsecretar\u00eda de Juventudes, Pol\u00edticas de G\u00e9nero y Diversidades, Daniela Aguilar; el Director de Asuntos Legales, Andres Buschi; \u00a0la Directora de Medio Ambiente, Melisa Herrada, el delegado municipal Eugenio Rosetti, la Presidente del Honorable Concejo, Sandra Kifer y la Jefa Distrital, Marcela Gimenez.<\/p>\n<figure class=\"wp-block-embed is-type-video is-provider-youtube wp-block-embed-youtube wp-embed-aspect-16-9 wp-has-aspect-ratio\">\n<div class=\"wp-block-embed__wrapper\"><iframe loading=\"lazy\" title=\"2022 05 25 ACTO REVOLUCION DE MAYO 1 EZEQUIEL GABELLA\" src=\"https:\/\/www.youtube.com\/embed\/ISCL9FU1oaE?feature=oembed\" width=\"870\" height=\"489\" frameborder=\"0\" allowfullscreen=\"allowfullscreen\" data-mce-fragment=\"1\"><\/iframe><\/div>\n<\/figure>\n<figure class=\"wp-block-gallery columns-3 is-cropped\">\n<ul class=\"blocks-gallery-grid\">\n<li class=\"blocks-gallery-item\">\n<figure><img loading=\"lazy\" class=\"wp-image-66401\" src=\"http:\/\/www.celttv.com.ar\/wp-content\/uploads\/2022\/05\/25-de-mayo-1-1024x768.jpeg\" sizes=\"(max-width: 1024px) 100vw, 1024px\" srcset=\"http:\/\/www.celttv.com.ar\/wp-content\/uploads\/2022\/05\/25-de-mayo-1-1024x768.jpeg 1024w, http:\/\/www.celttv.com.ar\/wp-content\/uploads\/2022\/05\/25-de-mayo-1-780x585.jpeg 780w, http:\/\/www.celttv.com.ar\/wp-content\/uploads\/2022\/05\/25-de-mayo-1-768x576.jpeg 768w, http:\/\/www.celttv.com.ar\/wp-content\/uploads\/2022\/05\/25-de-mayo-1-1536x1152.jpeg 1536w, http:\/\/www.celttv.com.ar\/wp-content\/uploads\/2022\/05\/25-de-mayo-1.jpeg 1600w\" alt=\"\" width=\"1024\" height=\"768\" data-id=\"66401\" data-full-url=\"http:\/\/www.celttv.com.ar\/wp-content\/uploads\/2022\/05\/25-de-mayo-1.jpeg\" data-link=\"http:\/\/www.celttv.com.ar\/?attachment_id=66401\" \/><\/figure>\n<\/li>\n<li class=\"blocks-gallery-item\">\n<figure><img loading=\"lazy\" class=\"wp-image-66402\" src=\"http:\/\/www.celttv.com.ar\/wp-content\/uploads\/2022\/05\/25-de-mayo-2-1024x768.jpeg\" sizes=\"(max-width: 1024px) 100vw, 1024px\" srcset=\"http:\/\/www.celttv.com.ar\/wp-content\/uploads\/2022\/05\/25-de-mayo-2-1024x768.jpeg 1024w, http:\/\/www.celttv.com.ar\/wp-content\/uploads\/2022\/05\/25-de-mayo-2-780x585.jpeg 780w, http:\/\/www.celttv.com.ar\/wp-content\/uploads\/2022\/05\/25-de-mayo-2-768x576.jpeg 768w, http:\/\/www.celttv.com.ar\/wp-content\/uploads\/2022\/05\/25-de-mayo-2-1536x1152.jpeg 1536w, http:\/\/www.celttv.com.ar\/wp-content\/uploads\/2022\/05\/25-de-mayo-2.jpeg 1600w\" alt=\"\" width=\"1024\" height=\"768\" data-id=\"66402\" data-full-url=\"http:\/\/www.celttv.com.ar\/wp-content\/uploads\/2022\/05\/25-de-mayo-2.jpeg\" data-link=\"http:\/\/www.celttv.com.ar\/?attachment_id=66402\" \/><\/figure>\n<\/li>\n<li class=\"blocks-gallery-item\">\n<figure><img loading=\"lazy\" class=\"wp-image-66403\" src=\"http:\/\/www.celttv.com.ar\/wp-content\/uploads\/2022\/05\/25-de-mayo-3-1024x768.jpeg\" sizes=\"(max-width: 1024px) 100vw, 1024px\" srcset=\"http:\/\/www.celttv.com.ar\/wp-content\/uploads\/2022\/05\/25-de-mayo-3-1024x768.jpeg 1024w, http:\/\/www.celttv.com.ar\/wp-content\/uploads\/2022\/05\/25-de-mayo-3-780x585.jpeg 780w, http:\/\/www.celttv.com.ar\/wp-content\/uploads\/2022\/05\/25-de-mayo-3-768x576.jpeg 768w, http:\/\/www.celttv.com.ar\/wp-content\/uploads\/2022\/05\/25-de-mayo-3-1536x1152.jpeg 1536w, http:\/\/www.celttv.com.ar\/wp-content\/uploads\/2022\/05\/25-de-mayo-3.jpeg 1600w\" alt=\"\" width=\"1024\" height=\"768\" data-id=\"66403\" data-full-url=\"http:\/\/www.celttv.com.ar\/wp-content\/uploads\/2022\/05\/25-de-mayo-3.jpeg\" data-link=\"http:\/\/www.celttv.com.ar\/?attachment_id=66403\" \/><\/figure>\n<\/li>\n<li class=\"blocks-gallery-item\">\n<figure><img loading=\"lazy\" class=\"wp-image-66404\" src=\"http:\/\/www.celttv.com.ar\/wp-content\/uploads\/2022\/05\/25-de-mayo-4-1024x768.jpeg\" sizes=\"(max-width: 1024px) 100vw, 1024px\" srcset=\"http:\/\/www.celttv.com.ar\/wp-content\/uploads\/2022\/05\/25-de-mayo-4-1024x768.jpeg 1024w, http:\/\/www.celttv.com.ar\/wp-content\/uploads\/2022\/05\/25-de-mayo-4-780x585.jpeg 780w, http:\/\/www.celttv.com.ar\/wp-content\/uploads\/2022\/05\/25-de-mayo-4-768x576.jpeg 768w, http:\/\/www.celttv.com.ar\/wp-content\/uploads\/2022\/05\/25-de-mayo-4-1536x1152.jpeg 1536w, http:\/\/www.celttv.com.ar\/wp-content\/uploads\/2022\/05\/25-de-mayo-4.jpeg 1600w\" alt=\"\" width=\"1024\" height=\"768\" data-id=\"66404\" data-full-url=\"http:\/\/www.celttv.com.ar\/wp-content\/uploads\/2022\/05\/25-de-mayo-4.jpeg\" data-link=\"http:\/\/www.celttv.com.ar\/?attachment_id=66404\" \/><\/figure>\n<\/li>\n<li class=\"blocks-gallery-item\">\n<figure><img loading=\"lazy\" class=\"wp-image-66405\" src=\"http:\/\/www.celttv.com.ar\/wp-content\/uploads\/2022\/05\/25-de-mayo-1024x768.jpeg\" sizes=\"(max-width: 1024px) 100vw, 1024px\" srcset=\"http:\/\/www.celttv.com.ar\/wp-content\/uploads\/2022\/05\/25-de-mayo-1024x768.jpeg 1024w, http:\/\/www.celttv.com.ar\/wp-content\/uploads\/2022\/05\/25-de-mayo-780x585.jpeg 780w, http:\/\/www.celttv.com.ar\/wp-content\/uploads\/2022\/05\/25-de-mayo-768x576.jpeg 768w, http:\/\/www.celttv.com.ar\/wp-content\/uploads\/2022\/05\/25-de-mayo-1536x1152.jpeg 1536w, http:\/\/www.celttv.com.ar\/wp-content\/uploads\/2022\/05\/25-de-mayo.jpeg 1600w\" alt=\"\" width=\"1024\" height=\"768\" data-id=\"66405\" data-full-url=\"http:\/\/www.celttv.com.ar\/wp-content\/uploads\/2022\/05\/25-de-mayo.jpeg\" data-link=\"http:\/\/www.celttv.com.ar\/?attachment_id=66405\" \/><\/figure>\n<\/li>\n<\/ul>\n<\/figure>\n<div><\/div>\n<\/div>","protected":false},"excerpt":{"rendered":"<p>Se conmemor\u00f3 el 212\u00ba aniversario de la Revoluci\u00f3n de Mayo (fotos y videos) Con el ingreso de las banderas de ceremonias, se dio inicio pasadas las 9.30hs al acto oficial por la Revoluci\u00f3n de Mayo, en el Teatro Rodolfo Funke. Encabezado por el Secretario de Gobierno y Seguridad, Ezequiel Gabella; se conmemor\u00f3 un nuevo aniversario [&hellip;]<\/p>\n","protected":false},"author":2,"featured_media":6396,"comment_status":"open","ping_status":"open","sticky":false,"template":"","format":"standard","meta":[],"categories":[18,19,43,45],"tags":[1441],"_links":{"self":[{"href":"https:\/\/observadorserrano.com.ar\/index.php?rest_route=\/wp\/v2\/posts\/6395"}],"collection":[{"href":"https:\/\/observadorserrano.com.ar\/index.php?rest_route=\/wp\/v2\/posts"}],"about":[{"href":"https:\/\/observadorserrano.com.ar\/index.php?rest_route=\/wp\/v2\/types\/post"}],"author":[{"embeddable":true,"href":"https:\/\/observadorserrano.com.ar\/index.php?rest_route=\/wp\/v2\/users\/2"}],"replies":[{"embeddable":true,"href":"https:\/\/observadorserrano.com.ar\/index.php?rest_route=%2Fwp%2Fv2%2Fcomments&post=6395"}],"version-history":[{"count":1,"href":"https:\/\/observadorserrano.com.ar\/index.php?rest_route=\/wp\/v2\/posts\/6395\/revisions"}],"predecessor-version":[{"id":6397,"href":"https:\/\/observadorserrano.com.ar\/index.php?rest_route=\/wp\/v2\/posts\/6395\/revisions\/6397"}],"wp:featuredmedia":[{"embeddable":true,"href":"https:\/\/observadorserrano.com.ar\/index.php?rest_route=\/wp\/v2\/media\/6396"}],"wp:attachment":[{"href":"https:\/\/observadorserrano.com.ar\/index.php?rest_route=%2Fwp%2Fv2%2Fmedia&parent=6395"}],"wp:term":[{"taxonomy":"category","embeddable":true,"href":"https:\/\/observadorserrano.com.ar\/index.php?rest_route=%2Fwp%2Fv2%2Fcategories&post=6395"},{"taxonomy":"post_tag","embeddable":true,"href":"https:\/\/observadorserrano.com.ar\/index.php?rest_route=%2Fwp%2Fv2%2Ftags&post=6395"}],"curies":[{"name":"wp","href":"https:\/\/api.w.org\/{rel}","templated":true}]}}