{"id":640,"date":"2020-11-13T10:21:45","date_gmt":"2020-11-13T13:21:45","guid":{"rendered":"https:\/\/observadorserrano.com.ar\/?p=640"},"modified":"2020-11-13T10:21:45","modified_gmt":"2020-11-13T13:21:45","slug":"reportan-cuatro-nuevos-casos-de-covid-en-el-distrito","status":"publish","type":"post","link":"https:\/\/observadorserrano.com.ar\/?p=640","title":{"rendered":"Reportan cuatro nuevos casos de COVID en el distrito"},"content":{"rendered":"<div class=\"pf-content\"><p>La Secretar\u00eda de Salud report\u00f3 esta ma\u00f1ana 4 nuevos casos positivos de covid en el distrito de Tornquist (2 en Tornquist y 2 en Sierra de la Ventana).<\/p>\n<p>Ahora suman 428 los casos confirmados, hay 3 recuperados, 9 se mantienen activos, son 411 los recuperados y 4 sospechosos.<\/p>\n<p>447 es el total de descatados, son 147 las personas aisladas preventivamente y 8 fallecidos.<\/p>\n<p><a href=\"http:\/\/www.celttv.com.ar\/?attachment_id=53332\" rel=\"attachment wp-att-53332\"><img loading=\"lazy\" class=\"alignleft size-full wp-image-53332\" src=\"http:\/\/www.celttv.com.ar\/wp-content\/uploads\/2020\/11\/140.jpg\" alt=\"\" width=\"1080\" height=\"1080\" \/><\/a><\/p>\n<p>&nbsp;<\/p>\n<\/div>","protected":false},"excerpt":{"rendered":"<p>La Secretar\u00eda de Salud report\u00f3 esta ma\u00f1ana 4 nuevos casos positivos de covid en el distrito de Tornquist (2 en Tornquist y 2 en Sierra de la Ventana). Ahora suman 428 los casos confirmados, hay 3 recuperados, 9 se mantienen activos, son 411 los recuperados y 4 sospechosos. 447 es el total de descatados, son [&hellip;]<\/p>\n","protected":false},"author":2,"featured_media":641,"comment_status":"open","ping_status":"open","sticky":false,"template":"","format":"standard","meta":[],"categories":[43],"tags":[],"_links":{"self":[{"href":"https:\/\/observadorserrano.com.ar\/index.php?rest_route=\/wp\/v2\/posts\/640"}],"collection":[{"href":"https:\/\/observadorserrano.com.ar\/index.php?rest_route=\/wp\/v2\/posts"}],"about":[{"href":"https:\/\/observadorserrano.com.ar\/index.php?rest_route=\/wp\/v2\/types\/post"}],"author":[{"embeddable":true,"href":"https:\/\/observadorserrano.com.ar\/index.php?rest_route=\/wp\/v2\/users\/2"}],"replies":[{"embeddable":true,"href":"https:\/\/observadorserrano.com.ar\/index.php?rest_route=%2Fwp%2Fv2%2Fcomments&post=640"}],"version-history":[{"count":1,"href":"https:\/\/observadorserrano.com.ar\/index.php?rest_route=\/wp\/v2\/posts\/640\/revisions"}],"predecessor-version":[{"id":642,"href":"https:\/\/observadorserrano.com.ar\/index.php?rest_route=\/wp\/v2\/posts\/640\/revisions\/642"}],"wp:featuredmedia":[{"embeddable":true,"href":"https:\/\/observadorserrano.com.ar\/index.php?rest_route=\/wp\/v2\/media\/641"}],"wp:attachment":[{"href":"https:\/\/observadorserrano.com.ar\/index.php?rest_route=%2Fwp%2Fv2%2Fmedia&parent=640"}],"wp:term":[{"taxonomy":"category","embeddable":true,"href":"https:\/\/observadorserrano.com.ar\/index.php?rest_route=%2Fwp%2Fv2%2Fcategories&post=640"},{"taxonomy":"post_tag","embeddable":true,"href":"https:\/\/observadorserrano.com.ar\/index.php?rest_route=%2Fwp%2Fv2%2Ftags&post=640"}],"curies":[{"name":"wp","href":"https:\/\/api.w.org\/{rel}","templated":true}]}}