{"id":643,"date":"2020-11-13T10:26:25","date_gmt":"2020-11-13T13:26:25","guid":{"rendered":"https:\/\/observadorserrano.com.ar\/?p=643"},"modified":"2020-11-13T10:26:25","modified_gmt":"2020-11-13T13:26:25","slug":"el-gobierno-lanzo-el-repro-ii-que-pagara-9-000-por-trabajador","status":"publish","type":"post","link":"https:\/\/observadorserrano.com.ar\/?p=643","title":{"rendered":"El Gobierno lanz\u00f3 el Repro II, que pagar\u00e1 $ 9.000 por trabajador"},"content":{"rendered":"<div class=\"pf-content\"><p>El Gobierno cre\u00f3 el Programa de Recuperaci\u00f3n Productiva II (Repro II) para sostener el empleo, el cual estar\u00e1 a cargo del Ministerio de Trabajo, y pagar\u00e1 a los trabajadores y las trabajadoras de las empresas adheridas una suma a cuenta de sus correspondientes remuneraciones de hasta $ 9.000 mensuales.<\/p>\n<p>Lo hizo a trav\u00e9s de la Resoluci\u00f3n 938\/2020 publicada hoy en el Bolet\u00edn Oficial, que precisa que, en el caso que la remuneraci\u00f3n neta percibida por el trabajador o la trabajadora sea menor a $ 9.000, el subsidio ser\u00e1 igual a la remuneraci\u00f3n neta.<\/p>\n<p>Adem\u00e1s, la norma indica que el beneficio se extender\u00e1 por dos meses, aunque la inscripci\u00f3n ser\u00e1 mensual, y las empresas a las que alcanzar\u00e1 \u201cse determinar\u00e1 considerando la cantidad de empleadoras y empleadores postulantes, la situaci\u00f3n econ\u00f3mica, patrimonial y financiera de los mismos, las condiciones imperantes de la econom\u00eda nacional y el presupuesto asignado al Programa\u201d.<\/p>\n<p>Para acceder al Programa las empresas deber\u00e1n postularse a trav\u00e9s del servicio ATP disponible en la web de la Administraci\u00f3n Federal de Ingresos P\u00fablicos (AFIP) y tendr\u00e1n que presentar la informaci\u00f3n solicitada por ese programa, es decir, n\u00f3mina de personal dependiente, incluyendo la remuneraci\u00f3n total y clave bancaria uniforme (CBU), adem\u00e1s del Balance del Ejercicio 2019 certificado por el Colegio de Profesionales de Ciencias Econ\u00f3micas.<\/p>\n<p>Adem\u00e1s tendr\u00e1n que presentar una planilla electr\u00f3nica con un conjunto de indicadores econ\u00f3micos, patrimoniales y financieros, que deber\u00e1 estar firmada por un o una profesional contable.<\/p>\n<p>Tambi\u00e9n habr\u00e1 una serie de criterios de preselecci\u00f3n y selecci\u00f3n para acceder al beneficio, como que la actividad principal del empleador o empleadora debe encuadrarse dentro de las no cr\u00edticas incluidas en el Programa de Asistencia de Emergencia al Trabajo y la Producci\u00f3n (ATP) y registrar una variaci\u00f3n interanual de la facturaci\u00f3n negativa.<\/p>\n<p>Asimismo, se har\u00e1 una evaluaci\u00f3n de un conjunto de indicadores econ\u00f3micos, financieros y laborales, calculados para los \u00faltimos tres meses desde la fecha de inscripci\u00f3n y para los mismos meses del a\u00f1o anterior, entre los que se encuentran la variaci\u00f3n porcentual de la facturaci\u00f3n y del IVA compras, el endeudamiento en 2020 y la liquidez corriente, entre otros.<\/p>\n<p>La norma publicada hoy en el Bolet\u00edn Oficial con la firma del ministro de Trabajo, Claudio Moroni, establece que el Repro II ser\u00e1 incompatible con el Salario Complementario del ATP, los cr\u00e9ditos a Tasa Subsidiada del ATP, el Programa de Recuperaci\u00f3n Productiva (REPRO) establecido en septiembre de 2018 y el Programa de Inserci\u00f3n Laboral (PIL).<\/p>\n<p>La liquidaci\u00f3n del subsidio estar\u00e1 a cargo de la Anses y se transferir\u00e1 directamente a los CBU declarados en el sistema por cada trabajador y trabajadora, se indic\u00f3.<\/p>\n<p>(Telam)<\/p>\n<\/div>","protected":false},"excerpt":{"rendered":"<p>El Gobierno cre\u00f3 el Programa de Recuperaci\u00f3n Productiva II (Repro II) para sostener el empleo, el cual estar\u00e1 a cargo del Ministerio de Trabajo, y pagar\u00e1 a los trabajadores y las trabajadoras de las empresas adheridas una suma a cuenta de sus correspondientes remuneraciones de hasta $ 9.000 mensuales. Lo hizo a trav\u00e9s de la [&hellip;]<\/p>\n","protected":false},"author":2,"featured_media":644,"comment_status":"open","ping_status":"open","sticky":false,"template":"","format":"standard","meta":[],"categories":[8],"tags":[],"_links":{"self":[{"href":"https:\/\/observadorserrano.com.ar\/index.php?rest_route=\/wp\/v2\/posts\/643"}],"collection":[{"href":"https:\/\/observadorserrano.com.ar\/index.php?rest_route=\/wp\/v2\/posts"}],"about":[{"href":"https:\/\/observadorserrano.com.ar\/index.php?rest_route=\/wp\/v2\/types\/post"}],"author":[{"embeddable":true,"href":"https:\/\/observadorserrano.com.ar\/index.php?rest_route=\/wp\/v2\/users\/2"}],"replies":[{"embeddable":true,"href":"https:\/\/observadorserrano.com.ar\/index.php?rest_route=%2Fwp%2Fv2%2Fcomments&post=643"}],"version-history":[{"count":1,"href":"https:\/\/observadorserrano.com.ar\/index.php?rest_route=\/wp\/v2\/posts\/643\/revisions"}],"predecessor-version":[{"id":645,"href":"https:\/\/observadorserrano.com.ar\/index.php?rest_route=\/wp\/v2\/posts\/643\/revisions\/645"}],"wp:featuredmedia":[{"embeddable":true,"href":"https:\/\/observadorserrano.com.ar\/index.php?rest_route=\/wp\/v2\/media\/644"}],"wp:attachment":[{"href":"https:\/\/observadorserrano.com.ar\/index.php?rest_route=%2Fwp%2Fv2%2Fmedia&parent=643"}],"wp:term":[{"taxonomy":"category","embeddable":true,"href":"https:\/\/observadorserrano.com.ar\/index.php?rest_route=%2Fwp%2Fv2%2Fcategories&post=643"},{"taxonomy":"post_tag","embeddable":true,"href":"https:\/\/observadorserrano.com.ar\/index.php?rest_route=%2Fwp%2Fv2%2Ftags&post=643"}],"curies":[{"name":"wp","href":"https:\/\/api.w.org\/{rel}","templated":true}]}}