{"id":6468,"date":"2022-06-04T12:36:54","date_gmt":"2022-06-04T15:36:54","guid":{"rendered":"https:\/\/observadorserrano.com.ar\/?p=6468"},"modified":"2022-06-04T12:37:24","modified_gmt":"2022-06-04T15:37:24","slug":"en-sierra-de-la-ventana-la-primera-ministra-de-la-mujer","status":"publish","type":"post","link":"https:\/\/observadorserrano.com.ar\/?p=6468","title":{"rendered":"EN SIERRA DE LA VENTANA\u2026 LA PRIMERA MINISTRA DE LA MUJER"},"content":{"rendered":"<div class=\"pf-content\"><blockquote class=\"wp-embedded-content\" data-secret=\"75xf6BS5if\"><p><a href=\"http:\/\/www.celttv.com.ar\/?p=66683\">EN SIERRA DE LA VENTANA&#8230; LA PRIMERA MINISTRA DE LA MUJER<\/a><\/p><\/blockquote>\n<p><iframe class=\"wp-embedded-content\" sandbox=\"allow-scripts\" security=\"restricted\" style=\"position: absolute; clip: rect(1px, 1px, 1px, 1px);\" title=\"\u00abEN SIERRA DE LA VENTANA&#8230; LA PRIMERA MINISTRA DE LA MUJER\u00bb \u2014 CELT TV Noticias\" src=\"http:\/\/www.celttv.com.ar\/?p=66683&#038;embed=true#?secret=75xf6BS5if\" data-secret=\"75xf6BS5if\" width=\"500\" height=\"282\" frameborder=\"0\" marginwidth=\"0\" marginheight=\"0\" scrolling=\"no\"><\/iframe><\/p>\n<p>El\u00a0mi\u00e9rcoles 1 de junio la Ministra de las Mujeres,\u00a0Pol\u00edticas de G\u00e9nero y Diversidad Sexual, Estela D\u00edaz,\u00a0visit\u00f3 nuestra localidad y, en el Centro Cultural \u00a0junto con un nutrido n\u00famero de asistentes, tuvimos ocasi\u00f3n de \u00a0escuchar sus palabras relatando como, desde el ministerio\u00a0se\u00a0traducen\u00a0los ideales en pol\u00edticas p\u00fablicas que ayudan a dar respuesta frente a las situaciones de violencia.<\/p>\n<p>Nosotras -desde el Consejo de las Mujeres Tornquist-, valoramos especialmente esta visita \u00a0porque se trata de la primera ministra de las mujeres de la provincia de Buenos Aires y porque nuestra compa\u00f1era Silvia Zaballa \u00a0forma parte del ministerio aportando a su construcci\u00f3n como directora regional.<\/p>\n<p>M\u00e1s tarde celebramos la visita y el hecho hist\u00f3rico de que el \u00e1rea de g\u00e9nero tenga su propio ministerio, compartiendo una cena con la Ministra y su equipo.<\/p>\n<figure class=\"wp-block-image size-large\"><img loading=\"lazy\" class=\"wp-image-66684\" src=\"http:\/\/www.celttv.com.ar\/wp-content\/uploads\/2022\/06\/primera-ministra-d-elamujer.jpg\" sizes=\"(max-width: 988px) 100vw, 988px\" srcset=\"http:\/\/www.celttv.com.ar\/wp-content\/uploads\/2022\/06\/primera-ministra-d-elamujer.jpg 988w, http:\/\/www.celttv.com.ar\/wp-content\/uploads\/2022\/06\/primera-ministra-d-elamujer-780x373.jpg 780w, http:\/\/www.celttv.com.ar\/wp-content\/uploads\/2022\/06\/primera-ministra-d-elamujer-768x368.jpg 768w\" alt=\"\" width=\"988\" height=\"473\" \/><\/figure>\n<\/div>","protected":false},"excerpt":{"rendered":"<p>EN SIERRA DE LA VENTANA&#8230; LA PRIMERA MINISTRA DE LA MUJER El\u00a0mi\u00e9rcoles 1 de junio la Ministra de las Mujeres,\u00a0Pol\u00edticas de G\u00e9nero y Diversidad Sexual, Estela D\u00edaz,\u00a0visit\u00f3 nuestra localidad y, en el Centro Cultural \u00a0junto con un nutrido n\u00famero de asistentes, tuvimos ocasi\u00f3n de \u00a0escuchar sus palabras relatando como, desde el ministerio\u00a0se\u00a0traducen\u00a0los ideales en pol\u00edticas [&hellip;]<\/p>\n","protected":false},"author":2,"featured_media":6469,"comment_status":"open","ping_status":"open","sticky":false,"template":"","format":"standard","meta":[],"categories":[18,43,45],"tags":[1459],"_links":{"self":[{"href":"https:\/\/observadorserrano.com.ar\/index.php?rest_route=\/wp\/v2\/posts\/6468"}],"collection":[{"href":"https:\/\/observadorserrano.com.ar\/index.php?rest_route=\/wp\/v2\/posts"}],"about":[{"href":"https:\/\/observadorserrano.com.ar\/index.php?rest_route=\/wp\/v2\/types\/post"}],"author":[{"embeddable":true,"href":"https:\/\/observadorserrano.com.ar\/index.php?rest_route=\/wp\/v2\/users\/2"}],"replies":[{"embeddable":true,"href":"https:\/\/observadorserrano.com.ar\/index.php?rest_route=%2Fwp%2Fv2%2Fcomments&post=6468"}],"version-history":[{"count":1,"href":"https:\/\/observadorserrano.com.ar\/index.php?rest_route=\/wp\/v2\/posts\/6468\/revisions"}],"predecessor-version":[{"id":6470,"href":"https:\/\/observadorserrano.com.ar\/index.php?rest_route=\/wp\/v2\/posts\/6468\/revisions\/6470"}],"wp:featuredmedia":[{"embeddable":true,"href":"https:\/\/observadorserrano.com.ar\/index.php?rest_route=\/wp\/v2\/media\/6469"}],"wp:attachment":[{"href":"https:\/\/observadorserrano.com.ar\/index.php?rest_route=%2Fwp%2Fv2%2Fmedia&parent=6468"}],"wp:term":[{"taxonomy":"category","embeddable":true,"href":"https:\/\/observadorserrano.com.ar\/index.php?rest_route=%2Fwp%2Fv2%2Fcategories&post=6468"},{"taxonomy":"post_tag","embeddable":true,"href":"https:\/\/observadorserrano.com.ar\/index.php?rest_route=%2Fwp%2Fv2%2Ftags&post=6468"}],"curies":[{"name":"wp","href":"https:\/\/api.w.org\/{rel}","templated":true}]}}