{"id":6499,"date":"2022-06-06T23:50:39","date_gmt":"2022-06-07T02:50:39","guid":{"rendered":"https:\/\/observadorserrano.com.ar\/?p=6499"},"modified":"2022-06-06T23:50:39","modified_gmt":"2022-06-07T02:50:39","slug":"no-estas-sola-el-mediometraje-que-sensibiliza-hasta-el-mas-indiferente","status":"publish","type":"post","link":"https:\/\/observadorserrano.com.ar\/?p=6499","title":{"rendered":"\u201cNo estas Sola\u201d, el mediometraje que sensibiliza hasta el m\u00e1s indiferente"},"content":{"rendered":"<div class=\"pf-content\"><blockquote class=\"wp-embedded-content\" data-secret=\"0mYLNpwyff\"><p><a href=\"http:\/\/www.celttv.com.ar\/?p=66737\">&#8220;No estas Sola&#8221;, el mediometraje que sensibiliza hasta el m\u00e1s indiferente<\/a><\/p><\/blockquote>\n<p><iframe class=\"wp-embedded-content\" sandbox=\"allow-scripts\" security=\"restricted\" style=\"position: absolute; clip: rect(1px, 1px, 1px, 1px);\" title=\"\u00ab&#8220;No estas Sola&#8221;, el mediometraje que sensibiliza hasta el m\u00e1s indiferente\u00bb \u2014 CELT TV Noticias\" src=\"http:\/\/www.celttv.com.ar\/?p=66737&#038;embed=true#?secret=0mYLNpwyff\" data-secret=\"0mYLNpwyff\" width=\"500\" height=\"282\" frameborder=\"0\" marginwidth=\"0\" marginheight=\"0\" scrolling=\"no\"><\/iframe><\/p>\n<p>La actividad programada para conmemorar un nuevo #NiUnaMenos se desarroll\u00f3 el pasado viernes en el Teatro Funke con una sala colmada y dio inicio con la charla de @evangelinamcastro, Delegada de la Sexta Secci\u00f3n de la Direcci\u00f3n operativa del Comit\u00e9 Nacional contra la Trata de Personas.<\/p>\n<p>Luego se proyect\u00f3 el medio metraje \u201cNo estas Sola\u201d.<\/p>\n<p>Con textos de Julieta Braun, de la mano de Ciancia Producciones y un estupendo trabajo que logr\u00f3 el gran objetivo de dejar un mensaje capaz de sensibilizar hasta el m\u00e1s indiferente.<\/p>\n<p>Tita Musso y Ruben Panzitta, sumado a \u201cJoselito\u201d Torres y Cintia Caporicci, como los principales protagonistas y un elenco, algunos con m\u00e1s experiencia teatral, que no desenton\u00f3 en ning\u00fan momento.<\/p>\n<p>Una propuesta buscando crear espacios de reflexi\u00f3n y ayuda para identificar situaciones de violencia de g\u00e9nero y el renovado compromiso de continuar trabajando en pol\u00edticas que den contenci\u00f3n y acompa\u00f1amiento a las v\u00edctimas de violencia.<\/p>\n<p>Florencia Gim\u00e9nez junto a Nicol\u00e1s Marzialeti y el \u201cPuma\u201d Zarich cerraron el evento con la canci\u00f3n Creo.<\/p>\n<p><strong>NOTAS DE CELTTV NOTICIAS LUEGO DE LA PRESENTACION DEL CORTOMETRAJE \u201cNO ESTAS SOLA\u201d<\/strong><\/p>\n<figure class=\"wp-block-embed is-type-video is-provider-youtube wp-block-embed-youtube wp-embed-aspect-16-9 wp-has-aspect-ratio\">\n<div class=\"wp-block-embed__wrapper\"><iframe loading=\"lazy\" title=\"2022 06 06 PRESENTACION CORTOMETRAJE NO ESTAS SOLA 1 JULIETA BRAUN Y MATIAS CIANCIA\" src=\"https:\/\/www.youtube.com\/embed\/7N4AJZaecFQ?feature=oembed\" width=\"870\" height=\"489\" frameborder=\"0\" allowfullscreen=\"allowfullscreen\" data-mce-fragment=\"1\"><\/iframe><\/div>\n<\/figure>\n<figure class=\"wp-block-embed is-type-video is-provider-youtube wp-block-embed-youtube wp-embed-aspect-16-9 wp-has-aspect-ratio\">\n<div class=\"wp-block-embed__wrapper\"><iframe loading=\"lazy\" title=\"2022 06 06 PRESENTACION CORTOMETRAJE NO ESTAS SOLA 2 RUBEN PANZITTA Y TITA MUSSO\" src=\"https:\/\/www.youtube.com\/embed\/PrSGHw-TB0g?feature=oembed\" width=\"870\" height=\"489\" frameborder=\"0\" allowfullscreen=\"allowfullscreen\" data-mce-fragment=\"1\"><\/iframe><\/div>\n<\/figure>\n<figure class=\"wp-block-embed is-type-video is-provider-youtube wp-block-embed-youtube wp-embed-aspect-16-9 wp-has-aspect-ratio\">\n<div class=\"wp-block-embed__wrapper\"><iframe loading=\"lazy\" title=\"2022 06 06 PRESENTACION CORTOMETRAJE NO ESTAS SOLA 4 JOSE TORRES\" src=\"https:\/\/www.youtube.com\/embed\/CYbLUAgPTdQ?feature=oembed\" width=\"870\" height=\"489\" frameborder=\"0\" allowfullscreen=\"allowfullscreen\" data-mce-fragment=\"1\"><\/iframe><\/div>\n<\/figure>\n<figure class=\"wp-block-embed is-type-video is-provider-youtube wp-block-embed-youtube wp-embed-aspect-16-9 wp-has-aspect-ratio\">\n<div class=\"wp-block-embed__wrapper\"><iframe loading=\"lazy\" title=\"2022 06 06 PRESENTACION CORTOMETRAJE NO ESTAS SOLA 5 CINTIA CAPORICCI\" src=\"https:\/\/www.youtube.com\/embed\/p6NCjkx0r5A?feature=oembed\" width=\"870\" height=\"489\" frameborder=\"0\" allowfullscreen=\"allowfullscreen\" data-mce-fragment=\"1\"><\/iframe><\/div>\n<\/figure>\n<figure class=\"wp-block-embed is-type-video is-provider-youtube wp-block-embed-youtube wp-embed-aspect-16-9 wp-has-aspect-ratio\">\n<div class=\"wp-block-embed__wrapper\"><iframe loading=\"lazy\" title=\"2022 06 06 PRESENTACION CORTOMETRAJE NO ESTAS SOLA 3 DANIELA AGUILAR\" src=\"https:\/\/www.youtube.com\/embed\/K3doL3rwQto?feature=oembed\" width=\"870\" height=\"489\" frameborder=\"0\" allowfullscreen=\"allowfullscreen\" data-mce-fragment=\"1\"><\/iframe><\/div>\n<\/figure>\n<figure class=\"wp-block-embed is-type-video is-provider-youtube wp-block-embed-youtube wp-embed-aspect-16-9 wp-has-aspect-ratio\">\n<div class=\"wp-block-embed__wrapper\"><iframe loading=\"lazy\" title=\"2022 06 06 PRESENTACION CORTOMETRAJE NO ESTAS SOLA 6 LUCIA URRIAGA\" src=\"https:\/\/www.youtube.com\/embed\/m4kUuNRqkuo?feature=oembed\" width=\"870\" height=\"489\" frameborder=\"0\" allowfullscreen=\"allowfullscreen\" data-mce-fragment=\"1\"><\/iframe><\/div>\n<\/figure>\n<figure class=\"wp-block-embed is-type-video is-provider-youtube wp-block-embed-youtube wp-embed-aspect-16-9 wp-has-aspect-ratio\">\n<div class=\"wp-block-embed__wrapper\"><iframe loading=\"lazy\" title=\"2022 06 06 PRESENTACION CORTOMETRAJE NO ESTAS SOLA 7 TEMA FLOPI GIMENEZ\" src=\"https:\/\/www.youtube.com\/embed\/b5sL3LqPgEM?feature=oembed\" width=\"870\" height=\"489\" frameborder=\"0\" allowfullscreen=\"allowfullscreen\" data-mce-fragment=\"1\"><\/iframe><\/div>\n<\/figure>\n<p>&nbsp;<\/p>\n<\/div>","protected":false},"excerpt":{"rendered":"<p>&#8220;No estas Sola&#8221;, el mediometraje que sensibiliza hasta el m\u00e1s indiferente La actividad programada para conmemorar un nuevo #NiUnaMenos se desarroll\u00f3 el pasado viernes en el Teatro Funke con una sala colmada y dio inicio con la charla de @evangelinamcastro, Delegada de la Sexta Secci\u00f3n de la Direcci\u00f3n operativa del Comit\u00e9 Nacional contra la Trata [&hellip;]<\/p>\n","protected":false},"author":2,"featured_media":6500,"comment_status":"open","ping_status":"open","sticky":false,"template":"","format":"standard","meta":[],"categories":[18,19,43,45,46],"tags":[1467,1468],"_links":{"self":[{"href":"https:\/\/observadorserrano.com.ar\/index.php?rest_route=\/wp\/v2\/posts\/6499"}],"collection":[{"href":"https:\/\/observadorserrano.com.ar\/index.php?rest_route=\/wp\/v2\/posts"}],"about":[{"href":"https:\/\/observadorserrano.com.ar\/index.php?rest_route=\/wp\/v2\/types\/post"}],"author":[{"embeddable":true,"href":"https:\/\/observadorserrano.com.ar\/index.php?rest_route=\/wp\/v2\/users\/2"}],"replies":[{"embeddable":true,"href":"https:\/\/observadorserrano.com.ar\/index.php?rest_route=%2Fwp%2Fv2%2Fcomments&post=6499"}],"version-history":[{"count":1,"href":"https:\/\/observadorserrano.com.ar\/index.php?rest_route=\/wp\/v2\/posts\/6499\/revisions"}],"predecessor-version":[{"id":6501,"href":"https:\/\/observadorserrano.com.ar\/index.php?rest_route=\/wp\/v2\/posts\/6499\/revisions\/6501"}],"wp:featuredmedia":[{"embeddable":true,"href":"https:\/\/observadorserrano.com.ar\/index.php?rest_route=\/wp\/v2\/media\/6500"}],"wp:attachment":[{"href":"https:\/\/observadorserrano.com.ar\/index.php?rest_route=%2Fwp%2Fv2%2Fmedia&parent=6499"}],"wp:term":[{"taxonomy":"category","embeddable":true,"href":"https:\/\/observadorserrano.com.ar\/index.php?rest_route=%2Fwp%2Fv2%2Fcategories&post=6499"},{"taxonomy":"post_tag","embeddable":true,"href":"https:\/\/observadorserrano.com.ar\/index.php?rest_route=%2Fwp%2Fv2%2Ftags&post=6499"}],"curies":[{"name":"wp","href":"https:\/\/api.w.org\/{rel}","templated":true}]}}