{"id":6551,"date":"2022-06-17T17:50:06","date_gmt":"2022-06-17T20:50:06","guid":{"rendered":"https:\/\/observadorserrano.com.ar\/?p=6551"},"modified":"2022-06-17T17:50:06","modified_gmt":"2022-06-17T20:50:06","slug":"el-domingo-vuelve-el-turf-a-tornquist-video-y-programa","status":"publish","type":"post","link":"https:\/\/observadorserrano.com.ar\/?p=6551","title":{"rendered":"El domingo vuelve el turf a Tornquist (Video y programa)"},"content":{"rendered":"<div class=\"pf-content\"><blockquote class=\"wp-embedded-content\" data-secret=\"qBT66rPaw1\"><p><a href=\"http:\/\/www.celttv.com.ar\/?p=67032\">El domingo vuelve el turf a Tornquist (Video)<\/a><\/p><\/blockquote>\n<p><iframe class=\"wp-embedded-content\" sandbox=\"allow-scripts\" security=\"restricted\" style=\"position: absolute; clip: rect(1px, 1px, 1px, 1px);\" title=\"\u00abEl domingo vuelve el turf a Tornquist (Video)\u00bb \u2014 CELT TV Noticias\" src=\"http:\/\/www.celttv.com.ar\/?p=67032&#038;embed=true#?secret=qBT66rPaw1\" data-secret=\"qBT66rPaw1\" width=\"500\" height=\"282\" frameborder=\"0\" marginwidth=\"0\" marginheight=\"0\" scrolling=\"no\"><\/iframe><\/p>\n<p>El Club H\u00edpico y Social Las Sierras organiza para este domingo 19 de Junio una jornada h\u00edpica con 15 carreras.<\/p>\n<p>El presidente del Club H\u00edpico, Omar Vittori, di\u00f3 detalles de la actividad que comenzar\u00e1 a partir de las 9, con dos importantes cl\u00e1sicos y un buen servicio de cantina.<\/p>\n<figure class=\"wp-block-embed is-type-video is-provider-youtube wp-block-embed-youtube wp-embed-aspect-16-9 wp-has-aspect-ratio\">\n<div class=\"wp-block-embed__wrapper\"><iframe loading=\"lazy\" title=\"2022 06 17 NOTA A OMAR VITTORI - TURF EN TORNQUIST -\" src=\"https:\/\/www.youtube.com\/embed\/CRfP6NDHd1U?feature=oembed\" width=\"870\" height=\"489\" frameborder=\"0\" allowfullscreen=\"allowfullscreen\" data-mce-fragment=\"1\"><\/iframe><\/div>\n<\/figure>\n<figure class=\"wp-block-image size-large\"><img loading=\"lazy\" class=\"wp-image-67033\" src=\"http:\/\/www.celttv.com.ar\/wp-content\/uploads\/2022\/06\/tapa.jpg_637.jpg\" sizes=\"(max-width: 637px) 100vw, 637px\" srcset=\"http:\/\/www.celttv.com.ar\/wp-content\/uploads\/2022\/06\/tapa.jpg_637.jpg 637w, http:\/\/www.celttv.com.ar\/wp-content\/uploads\/2022\/06\/tapa.jpg_637-610x780.jpg 610w\" alt=\"\" width=\"637\" height=\"814\" \/><\/figure>\n<figure class=\"wp-block-image size-large\"><img loading=\"lazy\" class=\"wp-image-67034\" src=\"http:\/\/www.celttv.com.ar\/wp-content\/uploads\/2022\/06\/parte-1.jpg_431.jpg\" sizes=\"(max-width: 431px) 100vw, 431px\" srcset=\"http:\/\/www.celttv.com.ar\/wp-content\/uploads\/2022\/06\/parte-1.jpg_431.jpg 431w, http:\/\/www.celttv.com.ar\/wp-content\/uploads\/2022\/06\/parte-1.jpg_431-420x780.jpg 420w\" alt=\"\" width=\"431\" height=\"801\" \/><\/figure>\n<figure class=\"wp-block-image size-large\"><img loading=\"lazy\" class=\"wp-image-67035\" src=\"http:\/\/www.celttv.com.ar\/wp-content\/uploads\/2022\/06\/parte-2.jpg_426.jpg\" sizes=\"(max-width: 426px) 100vw, 426px\" srcset=\"http:\/\/www.celttv.com.ar\/wp-content\/uploads\/2022\/06\/parte-2.jpg_426.jpg 426w, http:\/\/www.celttv.com.ar\/wp-content\/uploads\/2022\/06\/parte-2.jpg_426-413x780.jpg 413w\" alt=\"\" width=\"426\" height=\"805\" \/><\/figure>\n<figure class=\"wp-block-image size-large\"><img loading=\"lazy\" class=\"wp-image-67036\" src=\"http:\/\/www.celttv.com.ar\/wp-content\/uploads\/2022\/06\/parte-3.jpg_406.jpg\" sizes=\"(max-width: 406px) 100vw, 406px\" srcset=\"http:\/\/www.celttv.com.ar\/wp-content\/uploads\/2022\/06\/parte-3.jpg_406.jpg 406w, http:\/\/www.celttv.com.ar\/wp-content\/uploads\/2022\/06\/parte-3.jpg_406-392x780.jpg 392w\" alt=\"\" width=\"406\" height=\"808\" \/><\/figure>\n<figure class=\"wp-block-image size-large\"><img loading=\"lazy\" class=\"wp-image-67037\" src=\"http:\/\/www.celttv.com.ar\/wp-content\/uploads\/2022\/06\/contratapa.jpg_631.jpg\" sizes=\"(max-width: 631px) 100vw, 631px\" srcset=\"http:\/\/www.celttv.com.ar\/wp-content\/uploads\/2022\/06\/contratapa.jpg_631.jpg 631w, http:\/\/www.celttv.com.ar\/wp-content\/uploads\/2022\/06\/contratapa.jpg_631-605x780.jpg 605w\" alt=\"\" width=\"631\" height=\"813\" \/><\/figure>\n<\/div>","protected":false},"excerpt":{"rendered":"<p>El domingo vuelve el turf a Tornquist (Video) El Club H\u00edpico y Social Las Sierras organiza para este domingo 19 de Junio una jornada h\u00edpica con 15 carreras. El presidente del Club H\u00edpico, Omar Vittori, di\u00f3 detalles de la actividad que comenzar\u00e1 a partir de las 9, con dos importantes cl\u00e1sicos y un buen servicio [&hellip;]<\/p>\n","protected":false},"author":2,"featured_media":6552,"comment_status":"open","ping_status":"open","sticky":false,"template":"","format":"standard","meta":[],"categories":[18,21,43],"tags":[1485],"_links":{"self":[{"href":"https:\/\/observadorserrano.com.ar\/index.php?rest_route=\/wp\/v2\/posts\/6551"}],"collection":[{"href":"https:\/\/observadorserrano.com.ar\/index.php?rest_route=\/wp\/v2\/posts"}],"about":[{"href":"https:\/\/observadorserrano.com.ar\/index.php?rest_route=\/wp\/v2\/types\/post"}],"author":[{"embeddable":true,"href":"https:\/\/observadorserrano.com.ar\/index.php?rest_route=\/wp\/v2\/users\/2"}],"replies":[{"embeddable":true,"href":"https:\/\/observadorserrano.com.ar\/index.php?rest_route=%2Fwp%2Fv2%2Fcomments&post=6551"}],"version-history":[{"count":1,"href":"https:\/\/observadorserrano.com.ar\/index.php?rest_route=\/wp\/v2\/posts\/6551\/revisions"}],"predecessor-version":[{"id":6553,"href":"https:\/\/observadorserrano.com.ar\/index.php?rest_route=\/wp\/v2\/posts\/6551\/revisions\/6553"}],"wp:featuredmedia":[{"embeddable":true,"href":"https:\/\/observadorserrano.com.ar\/index.php?rest_route=\/wp\/v2\/media\/6552"}],"wp:attachment":[{"href":"https:\/\/observadorserrano.com.ar\/index.php?rest_route=%2Fwp%2Fv2%2Fmedia&parent=6551"}],"wp:term":[{"taxonomy":"category","embeddable":true,"href":"https:\/\/observadorserrano.com.ar\/index.php?rest_route=%2Fwp%2Fv2%2Fcategories&post=6551"},{"taxonomy":"post_tag","embeddable":true,"href":"https:\/\/observadorserrano.com.ar\/index.php?rest_route=%2Fwp%2Fv2%2Ftags&post=6551"}],"curies":[{"name":"wp","href":"https:\/\/api.w.org\/{rel}","templated":true}]}}