{"id":6620,"date":"2022-06-29T11:00:30","date_gmt":"2022-06-29T14:00:30","guid":{"rendered":"https:\/\/observadorserrano.com.ar\/?p=6620"},"modified":"2022-06-29T11:00:53","modified_gmt":"2022-06-29T14:00:53","slug":"turismo-el-ente-mixto-invita-a-una-charla-a-cargo-de-la-asociacion-amigos-de-la-trochita","status":"publish","type":"post","link":"https:\/\/observadorserrano.com.ar\/?p=6620","title":{"rendered":"Turismo: el Ente Mixto invita a una charla a cargo de la Asociaci\u00f3n Amigos de la Trochita"},"content":{"rendered":"<div class=\"pf-content\"><blockquote class=\"wp-embedded-content\" data-secret=\"BWDNHlCS8w\"><p><a href=\"http:\/\/www.celttv.com.ar\/?p=67275\">Turismo: el Ente Mixto invita a una charla a cargo de la Asociaci\u00f3n Amigos de la Trochita<\/a><\/p><\/blockquote>\n<p><iframe class=\"wp-embedded-content\" sandbox=\"allow-scripts\" security=\"restricted\" style=\"position: absolute; clip: rect(1px, 1px, 1px, 1px);\" title=\"\u00abTurismo: el Ente Mixto invita a una charla a cargo de la Asociaci\u00f3n Amigos de la Trochita\u00bb \u2014 CELT TV Noticias\" src=\"http:\/\/www.celttv.com.ar\/?p=67275&#038;embed=true#?secret=BWDNHlCS8w\" data-secret=\"BWDNHlCS8w\" width=\"500\" height=\"282\" frameborder=\"0\" marginwidth=\"0\" marginheight=\"0\" scrolling=\"no\"><\/iframe><\/p>\n<p>La Secretar\u00eda de Turismo, a trav\u00e9s del Ente Mixto de Turismo invita a los prestadores de la Comarca a participar de una charla a cargo de la Asociaci\u00f3n Amigos de la Trochita, a realizarse el d\u00eda mi\u00e9rcoles 6 de julio a las 14 hs. en el Centro Cultural de Sierra de la Ventana.<\/p>\n<p>En dicha reuni\u00f3n, se expondr\u00e1n no solo sus objetivos como Asociaci\u00f3n, sino tambi\u00e9n todo el trabajo que se viene realizando hasta el momento.<\/p>\n<\/div>","protected":false},"excerpt":{"rendered":"<p>Turismo: el Ente Mixto invita a una charla a cargo de la Asociaci\u00f3n Amigos de la Trochita La Secretar\u00eda de Turismo, a trav\u00e9s del Ente Mixto de Turismo invita a los prestadores de la Comarca a participar de una charla a cargo de la Asociaci\u00f3n Amigos de la Trochita, a realizarse el d\u00eda mi\u00e9rcoles 6 [&hellip;]<\/p>\n","protected":false},"author":2,"featured_media":1357,"comment_status":"open","ping_status":"open","sticky":false,"template":"","format":"standard","meta":[],"categories":[18,43,45,9],"tags":[1506],"_links":{"self":[{"href":"https:\/\/observadorserrano.com.ar\/index.php?rest_route=\/wp\/v2\/posts\/6620"}],"collection":[{"href":"https:\/\/observadorserrano.com.ar\/index.php?rest_route=\/wp\/v2\/posts"}],"about":[{"href":"https:\/\/observadorserrano.com.ar\/index.php?rest_route=\/wp\/v2\/types\/post"}],"author":[{"embeddable":true,"href":"https:\/\/observadorserrano.com.ar\/index.php?rest_route=\/wp\/v2\/users\/2"}],"replies":[{"embeddable":true,"href":"https:\/\/observadorserrano.com.ar\/index.php?rest_route=%2Fwp%2Fv2%2Fcomments&post=6620"}],"version-history":[{"count":1,"href":"https:\/\/observadorserrano.com.ar\/index.php?rest_route=\/wp\/v2\/posts\/6620\/revisions"}],"predecessor-version":[{"id":6621,"href":"https:\/\/observadorserrano.com.ar\/index.php?rest_route=\/wp\/v2\/posts\/6620\/revisions\/6621"}],"wp:featuredmedia":[{"embeddable":true,"href":"https:\/\/observadorserrano.com.ar\/index.php?rest_route=\/wp\/v2\/media\/1357"}],"wp:attachment":[{"href":"https:\/\/observadorserrano.com.ar\/index.php?rest_route=%2Fwp%2Fv2%2Fmedia&parent=6620"}],"wp:term":[{"taxonomy":"category","embeddable":true,"href":"https:\/\/observadorserrano.com.ar\/index.php?rest_route=%2Fwp%2Fv2%2Fcategories&post=6620"},{"taxonomy":"post_tag","embeddable":true,"href":"https:\/\/observadorserrano.com.ar\/index.php?rest_route=%2Fwp%2Fv2%2Ftags&post=6620"}],"curies":[{"name":"wp","href":"https:\/\/api.w.org\/{rel}","templated":true}]}}