{"id":6624,"date":"2022-06-30T10:32:34","date_gmt":"2022-06-30T13:32:34","guid":{"rendered":"https:\/\/observadorserrano.com.ar\/?p=6624"},"modified":"2022-06-30T10:32:34","modified_gmt":"2022-06-30T13:32:34","slug":"pedro-simon-berezaga-pino-q-e-p-d-fallecio-en-tornquist-el-29-de-junio-de-2022-a-los-77-anos-de-edad","status":"publish","type":"post","link":"https:\/\/observadorserrano.com.ar\/?p=6624","title":{"rendered":"Pedro Sim\u00f3n BEREZAGA (\u201cPino\u201d) &#8211;Q.E.P.D.&#8211;: Falleci\u00f3 en Tornquist el 29 de Junio de 2022 a los 77 a\u00f1os de edad"},"content":{"rendered":"<div class=\"pf-content\"><blockquote class=\"wp-embedded-content\" data-secret=\"NVXzDepqJM\"><p><a href=\"http:\/\/www.celttv.com.ar\/?p=67322\">Pedro Sim\u00f3n BEREZAGA (\u201cPino\u201d) &#8211;Q.E.P.D.&#8211;: Falleci\u00f3 en Tornquist el 29 de Junio de 2022 a los 77 a\u00f1os de edad<\/a><\/p><\/blockquote>\n<p><iframe class=\"wp-embedded-content\" sandbox=\"allow-scripts\" security=\"restricted\" style=\"position: absolute; clip: rect(1px, 1px, 1px, 1px);\" title=\"\u00abPedro Sim\u00f3n BEREZAGA (\u201cPino\u201d) &#8211;Q.E.P.D.&#8211;: Falleci\u00f3 en Tornquist el 29 de Junio de 2022 a los 77 a\u00f1os de edad\u00bb \u2014 CELT TV Noticias\" src=\"http:\/\/www.celttv.com.ar\/?p=67322&#038;embed=true#?secret=NVXzDepqJM\" data-secret=\"NVXzDepqJM\" width=\"500\" height=\"282\" frameborder=\"0\" marginwidth=\"0\" marginheight=\"0\" scrolling=\"no\"><\/iframe><\/p>\n<p><span lang=\"ES-TRAD\">Pedro Sim\u00f3n BEREZAGA (\u201cPino\u201d) &#8212;<\/span><span lang=\"ES-TRAD\">Q.E.P.D.&#8211;: Falleci\u00f3 en Tornquist el 29 de Junio de 2022 a los 77 a\u00f1os de edad. Sus hijos Ver\u00f3nica, Paula y Mauro BEREZAGA. Sus hijos pol\u00edticos Fabio TOLOSA, Diego LORENZO y Anabella CATANI. Sus nietos Sof\u00eda, Agust\u00edn, Amparo y Brunella. Sus nietos pol\u00edticos, hermanos, hermanos pol\u00edticos, t\u00edos, sobrinos, primos, amistades y dem\u00e1s deudos participan su deceso y comunican que sus restos ser\u00e1n inhumados ma\u00f1ana (jueves 30\/6\/2022) a las 12.00 horas en la necr\u00f3polis de nuestra localidad. Casa velatoria G\u00fcemes 236, Tornquist. Casa de duelo Espa\u00f1a 886 de Tornquist. Servicio a cargo de\u00a0<u><\/u>la Cooperativa El\u00e9ctrica<u><\/u>\u00a0Limitada de Tornquist.<u><\/u>\u00a0<\/span><\/p>\n<\/div>","protected":false},"excerpt":{"rendered":"<p>Pedro Sim\u00f3n BEREZAGA (\u201cPino\u201d) &#8211;Q.E.P.D.&#8211;: Falleci\u00f3 en Tornquist el 29 de Junio de 2022 a los 77 a\u00f1os de edad Pedro Sim\u00f3n BEREZAGA (\u201cPino\u201d) &#8212;Q.E.P.D.&#8211;: Falleci\u00f3 en Tornquist el 29 de Junio de 2022 a los 77 a\u00f1os de edad. Sus hijos Ver\u00f3nica, Paula y Mauro BEREZAGA. Sus hijos pol\u00edticos Fabio TOLOSA, Diego LORENZO y [&hellip;]<\/p>\n","protected":false},"author":2,"featured_media":5691,"comment_status":"open","ping_status":"open","sticky":false,"template":"","format":"standard","meta":[],"categories":[44],"tags":[147],"_links":{"self":[{"href":"https:\/\/observadorserrano.com.ar\/index.php?rest_route=\/wp\/v2\/posts\/6624"}],"collection":[{"href":"https:\/\/observadorserrano.com.ar\/index.php?rest_route=\/wp\/v2\/posts"}],"about":[{"href":"https:\/\/observadorserrano.com.ar\/index.php?rest_route=\/wp\/v2\/types\/post"}],"author":[{"embeddable":true,"href":"https:\/\/observadorserrano.com.ar\/index.php?rest_route=\/wp\/v2\/users\/2"}],"replies":[{"embeddable":true,"href":"https:\/\/observadorserrano.com.ar\/index.php?rest_route=%2Fwp%2Fv2%2Fcomments&post=6624"}],"version-history":[{"count":1,"href":"https:\/\/observadorserrano.com.ar\/index.php?rest_route=\/wp\/v2\/posts\/6624\/revisions"}],"predecessor-version":[{"id":6625,"href":"https:\/\/observadorserrano.com.ar\/index.php?rest_route=\/wp\/v2\/posts\/6624\/revisions\/6625"}],"wp:featuredmedia":[{"embeddable":true,"href":"https:\/\/observadorserrano.com.ar\/index.php?rest_route=\/wp\/v2\/media\/5691"}],"wp:attachment":[{"href":"https:\/\/observadorserrano.com.ar\/index.php?rest_route=%2Fwp%2Fv2%2Fmedia&parent=6624"}],"wp:term":[{"taxonomy":"category","embeddable":true,"href":"https:\/\/observadorserrano.com.ar\/index.php?rest_route=%2Fwp%2Fv2%2Fcategories&post=6624"},{"taxonomy":"post_tag","embeddable":true,"href":"https:\/\/observadorserrano.com.ar\/index.php?rest_route=%2Fwp%2Fv2%2Ftags&post=6624"}],"curies":[{"name":"wp","href":"https:\/\/api.w.org\/{rel}","templated":true}]}}