{"id":6724,"date":"2022-07-19T16:28:39","date_gmt":"2022-07-19T19:28:39","guid":{"rendered":"https:\/\/observadorserrano.com.ar\/?p=6724"},"modified":"2022-07-19T16:28:39","modified_gmt":"2022-07-19T19:28:39","slug":"tornquist-participo-de-una-jornada-de-capacitacion-sobre-la-intervencion-del-arbolado-publico","status":"publish","type":"post","link":"https:\/\/observadorserrano.com.ar\/?p=6724","title":{"rendered":"Tornquist particip\u00f3 de una jornada de capacitaci\u00f3n sobre la intervenci\u00f3n del arbolado p\u00fablico"},"content":{"rendered":"<div class=\"pf-content\"><blockquote class=\"wp-embedded-content\" data-secret=\"2qS7vPLcw3\"><p><a href=\"http:\/\/www.celttv.com.ar\/?p=67860\">Tornquist particip\u00f3 de una jornada de capacitaci\u00f3n sobre la intervenci\u00f3n del arbolado p\u00fablico<\/a><\/p><\/blockquote>\n<p><iframe class=\"wp-embedded-content\" sandbox=\"allow-scripts\" security=\"restricted\" style=\"position: absolute; clip: rect(1px, 1px, 1px, 1px);\" title=\"\u00abTornquist particip\u00f3 de una jornada de capacitaci\u00f3n sobre la intervenci\u00f3n del arbolado p\u00fablico\u00bb \u2014 CELT TV Noticias\" src=\"http:\/\/www.celttv.com.ar\/?p=67860&#038;embed=true#?secret=2qS7vPLcw3\" data-secret=\"2qS7vPLcw3\" width=\"500\" height=\"282\" frameborder=\"0\" marginwidth=\"0\" marginheight=\"0\" scrolling=\"no\"><\/iframe><\/p>\n<p>El pasado jueves, la responsable t\u00e9cnica del \u00e1rea de Arbolado P\u00fablico Lucila Heit y el equipo de la dependencia, participaron de una capacitaci\u00f3n, dictada en la Chacra Experimental Napost\u00e1, sobre Intervenciones sobre los Bosques Urbanos \u2013 Criterios de Manejo y Poda.<\/p>\n<p>En la jornada, organizada por la Direcci\u00f3n Forestal del Ministerio de Desarrollo Agrario de la provincia de Buenos Aires, se trabaj\u00f3 y analiz\u00f3 la Ley Provincial de Arbolado P\u00fablico y se brindaron t\u00e9cnicas pr\u00e1cticas para intervenci\u00f3n del mismo.<\/p>\n<p>Asimismo, se convers\u00f3 sobre los lineamientos de poda, y la ejecuci\u00f3n que debe realizarse en cada uno de los distritos.<\/p>\n<p>Estuvieron presentes, los equipos de Villarino, Patagones, Coronel Rosales, Monte Hermoso y P\u00faan.<\/p>\n<figure class=\"wp-block-gallery columns-2 is-cropped\">\n<ul class=\"blocks-gallery-grid\">\n<li class=\"blocks-gallery-item\">\n<figure><img loading=\"lazy\" class=\"wp-image-67861\" src=\"http:\/\/www.celttv.com.ar\/wp-content\/uploads\/2022\/07\/capacitacion-1024x460.jpeg\" sizes=\"(max-width: 1024px) 100vw, 1024px\" srcset=\"http:\/\/www.celttv.com.ar\/wp-content\/uploads\/2022\/07\/capacitacion-1024x460.jpeg 1024w, http:\/\/www.celttv.com.ar\/wp-content\/uploads\/2022\/07\/capacitacion-780x351.jpeg 780w, http:\/\/www.celttv.com.ar\/wp-content\/uploads\/2022\/07\/capacitacion-768x345.jpeg 768w, http:\/\/www.celttv.com.ar\/wp-content\/uploads\/2022\/07\/capacitacion-1536x690.jpeg 1536w, http:\/\/www.celttv.com.ar\/wp-content\/uploads\/2022\/07\/capacitacion.jpeg 1600w\" alt=\"\" width=\"1024\" height=\"460\" data-id=\"67861\" data-full-url=\"http:\/\/www.celttv.com.ar\/wp-content\/uploads\/2022\/07\/capacitacion.jpeg\" data-link=\"http:\/\/www.celttv.com.ar\/?attachment_id=67861\" \/><\/figure>\n<\/li>\n<li class=\"blocks-gallery-item\">\n<figure><img loading=\"lazy\" class=\"wp-image-67862\" src=\"http:\/\/www.celttv.com.ar\/wp-content\/uploads\/2022\/07\/capacitacion1-461x1024.jpeg\" sizes=\"(max-width: 461px) 100vw, 461px\" srcset=\"http:\/\/www.celttv.com.ar\/wp-content\/uploads\/2022\/07\/capacitacion1-461x1024.jpeg 461w, http:\/\/www.celttv.com.ar\/wp-content\/uploads\/2022\/07\/capacitacion1-351x780.jpeg 351w, http:\/\/www.celttv.com.ar\/wp-content\/uploads\/2022\/07\/capacitacion1.jpeg 576w\" alt=\"\" width=\"461\" height=\"1024\" data-id=\"67862\" data-full-url=\"http:\/\/www.celttv.com.ar\/wp-content\/uploads\/2022\/07\/capacitacion1.jpeg\" data-link=\"http:\/\/www.celttv.com.ar\/?attachment_id=67862\" \/><\/figure>\n<\/li>\n<\/ul>\n<\/figure>\n<p>&nbsp;<\/p>\n<\/div>","protected":false},"excerpt":{"rendered":"<p>Tornquist particip\u00f3 de una jornada de capacitaci\u00f3n sobre la intervenci\u00f3n del arbolado p\u00fablico El pasado jueves, la responsable t\u00e9cnica del \u00e1rea de Arbolado P\u00fablico Lucila Heit y el equipo de la dependencia, participaron de una capacitaci\u00f3n, dictada en la Chacra Experimental Napost\u00e1, sobre Intervenciones sobre los Bosques Urbanos \u2013 Criterios de Manejo y Poda. En [&hellip;]<\/p>\n","protected":false},"author":2,"featured_media":6725,"comment_status":"open","ping_status":"open","sticky":false,"template":"","format":"standard","meta":[],"categories":[18,43,519,45],"tags":[1534],"_links":{"self":[{"href":"https:\/\/observadorserrano.com.ar\/index.php?rest_route=\/wp\/v2\/posts\/6724"}],"collection":[{"href":"https:\/\/observadorserrano.com.ar\/index.php?rest_route=\/wp\/v2\/posts"}],"about":[{"href":"https:\/\/observadorserrano.com.ar\/index.php?rest_route=\/wp\/v2\/types\/post"}],"author":[{"embeddable":true,"href":"https:\/\/observadorserrano.com.ar\/index.php?rest_route=\/wp\/v2\/users\/2"}],"replies":[{"embeddable":true,"href":"https:\/\/observadorserrano.com.ar\/index.php?rest_route=%2Fwp%2Fv2%2Fcomments&post=6724"}],"version-history":[{"count":1,"href":"https:\/\/observadorserrano.com.ar\/index.php?rest_route=\/wp\/v2\/posts\/6724\/revisions"}],"predecessor-version":[{"id":6726,"href":"https:\/\/observadorserrano.com.ar\/index.php?rest_route=\/wp\/v2\/posts\/6724\/revisions\/6726"}],"wp:featuredmedia":[{"embeddable":true,"href":"https:\/\/observadorserrano.com.ar\/index.php?rest_route=\/wp\/v2\/media\/6725"}],"wp:attachment":[{"href":"https:\/\/observadorserrano.com.ar\/index.php?rest_route=%2Fwp%2Fv2%2Fmedia&parent=6724"}],"wp:term":[{"taxonomy":"category","embeddable":true,"href":"https:\/\/observadorserrano.com.ar\/index.php?rest_route=%2Fwp%2Fv2%2Fcategories&post=6724"},{"taxonomy":"post_tag","embeddable":true,"href":"https:\/\/observadorserrano.com.ar\/index.php?rest_route=%2Fwp%2Fv2%2Ftags&post=6724"}],"curies":[{"name":"wp","href":"https:\/\/api.w.org\/{rel}","templated":true}]}}