{"id":6782,"date":"2022-07-28T16:29:40","date_gmt":"2022-07-28T19:29:40","guid":{"rendered":"https:\/\/observadorserrano.com.ar\/?p=6782"},"modified":"2022-07-28T16:29:40","modified_gmt":"2022-07-28T19:29:40","slug":"alejandro-dante-musso-q-e-p-d-fallecio-en-tornquist-el-28-de-julio-de-2022-a-los-50-anos-de-edad","status":"publish","type":"post","link":"https:\/\/observadorserrano.com.ar\/?p=6782","title":{"rendered":"Alejandro Dante MUSSO &#8211;Q.E.P.D.&#8211;: Falleci\u00f3 en Tornquist el 28 de Julio de 2022 a los 50 a\u00f1os de edad."},"content":{"rendered":"<div class=\"pf-content\"><blockquote class=\"wp-embedded-content\" data-secret=\"lJ4s2H6Z0W\"><p><a href=\"http:\/\/www.celttv.com.ar\/?p=68104\">Alejandro Dante MUSSO &#8211;Q.E.P.D.&#8211;: Falleci\u00f3 en Tornquist el 28 de Julio de 2022 a los 50 a\u00f1os de edad.<\/a><\/p><\/blockquote>\n<p><iframe class=\"wp-embedded-content\" sandbox=\"allow-scripts\" security=\"restricted\" style=\"position: absolute; clip: rect(1px, 1px, 1px, 1px);\" title=\"\u00abAlejandro Dante MUSSO &#8211;Q.E.P.D.&#8211;: Falleci\u00f3 en Tornquist el 28 de Julio de 2022 a los 50 a\u00f1os de edad.\u00bb \u2014 CELT TV Noticias\" src=\"http:\/\/www.celttv.com.ar\/?p=68104&#038;embed=true#?secret=lJ4s2H6Z0W\" data-secret=\"lJ4s2H6Z0W\" width=\"500\" height=\"282\" frameborder=\"0\" marginwidth=\"0\" marginheight=\"0\" scrolling=\"no\"><\/iframe><\/p>\n<p><span lang=\"ES-TRAD\">Alejandro Dante MUSSO &#8212;<\/span><span lang=\"ES-TRAD\">Q.E.P.D.&#8211;: Falleci\u00f3 en Tornquist el 28 de Julio de 2022 a los 50 a\u00f1os de edad. Sus hermanos Ricardo, Guillermo, Aquiles, \u201cTita\u201d y Eugenia MUSSO. Sus hermanos pol\u00edticos Miriam BATTELLOCCHI, Marilina MUTTI, Ver\u00f3nica PELTA y Carlos QUIROZ. Sus sobrinos Lucas, Gisela, Trinidad, Dana, Valent\u00edn, Luisina, Andr\u00e9s, Eliana y Juliana. Sus sobrinos pol\u00edticos, sobrinos nietos y primos. Su familia del coraz\u00f3n del Hogar de D\u00eda y Centro de Noche de Tornquist. Amistades y dem\u00e1s deudos participan su deceso y comunican que sus restos ser\u00e1n inhumados hoy a las 17.00 horas en la necr\u00f3polis de nuestra localidad. Casa velatoria G\u00fcemes 236, Tornquist. Casa de duelo avenida Florentino Ameghino 163, Tornquist. Servicio a cargo de\u00a0<u><\/u>la Cooperativa El\u00e9ctrica<u><\/u>\u00a0Limitada de Tornquist.<u><\/u>\u00a0<u><\/u><\/span><\/p>\n<p>&nbsp;<\/p>\n<\/div>","protected":false},"excerpt":{"rendered":"<p>Alejandro Dante MUSSO &#8211;Q.E.P.D.&#8211;: Falleci\u00f3 en Tornquist el 28 de Julio de 2022 a los 50 a\u00f1os de edad. Alejandro Dante MUSSO &#8212;Q.E.P.D.&#8211;: Falleci\u00f3 en Tornquist el 28 de Julio de 2022 a los 50 a\u00f1os de edad. Sus hermanos Ricardo, Guillermo, Aquiles, \u201cTita\u201d y Eugenia MUSSO. Sus hermanos pol\u00edticos Miriam BATTELLOCCHI, Marilina MUTTI, Ver\u00f3nica [&hellip;]<\/p>\n","protected":false},"author":2,"featured_media":5691,"comment_status":"open","ping_status":"open","sticky":false,"template":"","format":"standard","meta":[],"categories":[44],"tags":[147],"_links":{"self":[{"href":"https:\/\/observadorserrano.com.ar\/index.php?rest_route=\/wp\/v2\/posts\/6782"}],"collection":[{"href":"https:\/\/observadorserrano.com.ar\/index.php?rest_route=\/wp\/v2\/posts"}],"about":[{"href":"https:\/\/observadorserrano.com.ar\/index.php?rest_route=\/wp\/v2\/types\/post"}],"author":[{"embeddable":true,"href":"https:\/\/observadorserrano.com.ar\/index.php?rest_route=\/wp\/v2\/users\/2"}],"replies":[{"embeddable":true,"href":"https:\/\/observadorserrano.com.ar\/index.php?rest_route=%2Fwp%2Fv2%2Fcomments&post=6782"}],"version-history":[{"count":1,"href":"https:\/\/observadorserrano.com.ar\/index.php?rest_route=\/wp\/v2\/posts\/6782\/revisions"}],"predecessor-version":[{"id":6783,"href":"https:\/\/observadorserrano.com.ar\/index.php?rest_route=\/wp\/v2\/posts\/6782\/revisions\/6783"}],"wp:featuredmedia":[{"embeddable":true,"href":"https:\/\/observadorserrano.com.ar\/index.php?rest_route=\/wp\/v2\/media\/5691"}],"wp:attachment":[{"href":"https:\/\/observadorserrano.com.ar\/index.php?rest_route=%2Fwp%2Fv2%2Fmedia&parent=6782"}],"wp:term":[{"taxonomy":"category","embeddable":true,"href":"https:\/\/observadorserrano.com.ar\/index.php?rest_route=%2Fwp%2Fv2%2Fcategories&post=6782"},{"taxonomy":"post_tag","embeddable":true,"href":"https:\/\/observadorserrano.com.ar\/index.php?rest_route=%2Fwp%2Fv2%2Ftags&post=6782"}],"curies":[{"name":"wp","href":"https:\/\/api.w.org\/{rel}","templated":true}]}}