{"id":6927,"date":"2022-08-31T16:53:35","date_gmt":"2022-08-31T19:53:35","guid":{"rendered":"https:\/\/observadorserrano.com.ar\/?p=6927"},"modified":"2022-08-31T16:53:35","modified_gmt":"2022-08-31T19:53:35","slug":"la-ucr-invita-a-una-charla-abierta-sobre-desarrollo-local","status":"publish","type":"post","link":"https:\/\/observadorserrano.com.ar\/?p=6927","title":{"rendered":"La UCR. invita a una charla abierta sobre desarrollo local"},"content":{"rendered":"<div class=\"pf-content\"><blockquote class=\"wp-embedded-content\" data-secret=\"PFtH6dWJrD\"><p><a href=\"http:\/\/www.celttv.com.ar\/?p=68927\">La UCR.  invita a una charla abierta sobre desarrollo local<\/a><\/p><\/blockquote>\n<p><iframe class=\"wp-embedded-content\" sandbox=\"allow-scripts\" security=\"restricted\" style=\"position: absolute; clip: rect(1px, 1px, 1px, 1px);\" title=\"\u00abLa UCR.  invita a una charla abierta sobre desarrollo local\u00bb \u2014 CELT TV Noticias\" src=\"http:\/\/www.celttv.com.ar\/?p=68927&#038;embed=true#?secret=eOBidCa71D#?secret=PFtH6dWJrD\" data-secret=\"PFtH6dWJrD\" width=\"500\" height=\"282\" frameborder=\"0\" marginwidth=\"0\" marginheight=\"0\" scrolling=\"no\"><\/iframe><\/p>\n<p>El Comit\u00e9 de la Uni\u00f3n C\u00edvica Radical de Tornquist en conjunto con la Fundaci\u00f3n Poder Buenos Aires y la Fundaci\u00f3n Alem, ambas pertenecientes al partido centenario, invitan a la comunidad a una charla abierta sobre desarrollo local a cargo del Diputado Nacional Fabio Quetglas, especialista en la materia.<\/p>\n<p><img loading=\"lazy\" class=\"alignnone size-medium wp-image-68928\" src=\"http:\/\/www.celttv.com.ar\/wp-content\/uploads\/2022\/08\/desarrollo-como-ofuturo-780x780.jpg\" sizes=\"(max-width: 780px) 100vw, 780px\" srcset=\"http:\/\/www.celttv.com.ar\/wp-content\/uploads\/2022\/08\/desarrollo-como-ofuturo-780x780.jpg 780w, http:\/\/www.celttv.com.ar\/wp-content\/uploads\/2022\/08\/desarrollo-como-ofuturo-1024x1024.jpg 1024w, http:\/\/www.celttv.com.ar\/wp-content\/uploads\/2022\/08\/desarrollo-como-ofuturo-250x250.jpg 250w, http:\/\/www.celttv.com.ar\/wp-content\/uploads\/2022\/08\/desarrollo-como-ofuturo-768x768.jpg 768w, http:\/\/www.celttv.com.ar\/wp-content\/uploads\/2022\/08\/desarrollo-como-ofuturo-150x150.jpg 150w, http:\/\/www.celttv.com.ar\/wp-content\/uploads\/2022\/08\/desarrollo-como-ofuturo-75x75.jpg 75w, http:\/\/www.celttv.com.ar\/wp-content\/uploads\/2022\/08\/desarrollo-como-ofuturo-444x444.jpg 444w, http:\/\/www.celttv.com.ar\/wp-content\/uploads\/2022\/08\/desarrollo-como-ofuturo.jpg 1280w\" alt=\"\" width=\"780\" height=\"780\" \/><\/p>\n<p>&nbsp;<\/p>\n<\/div>","protected":false},"excerpt":{"rendered":"<p>La UCR. invita a una charla abierta sobre desarrollo local El Comit\u00e9 de la Uni\u00f3n C\u00edvica Radical de Tornquist en conjunto con la Fundaci\u00f3n Poder Buenos Aires y la Fundaci\u00f3n Alem, ambas pertenecientes al partido centenario, invitan a la comunidad a una charla abierta sobre desarrollo local a cargo del Diputado Nacional Fabio Quetglas, especialista [&hellip;]<\/p>\n","protected":false},"author":2,"featured_media":6928,"comment_status":"open","ping_status":"open","sticky":false,"template":"","format":"standard","meta":[],"categories":[43,11],"tags":[1599],"_links":{"self":[{"href":"https:\/\/observadorserrano.com.ar\/index.php?rest_route=\/wp\/v2\/posts\/6927"}],"collection":[{"href":"https:\/\/observadorserrano.com.ar\/index.php?rest_route=\/wp\/v2\/posts"}],"about":[{"href":"https:\/\/observadorserrano.com.ar\/index.php?rest_route=\/wp\/v2\/types\/post"}],"author":[{"embeddable":true,"href":"https:\/\/observadorserrano.com.ar\/index.php?rest_route=\/wp\/v2\/users\/2"}],"replies":[{"embeddable":true,"href":"https:\/\/observadorserrano.com.ar\/index.php?rest_route=%2Fwp%2Fv2%2Fcomments&post=6927"}],"version-history":[{"count":1,"href":"https:\/\/observadorserrano.com.ar\/index.php?rest_route=\/wp\/v2\/posts\/6927\/revisions"}],"predecessor-version":[{"id":6929,"href":"https:\/\/observadorserrano.com.ar\/index.php?rest_route=\/wp\/v2\/posts\/6927\/revisions\/6929"}],"wp:featuredmedia":[{"embeddable":true,"href":"https:\/\/observadorserrano.com.ar\/index.php?rest_route=\/wp\/v2\/media\/6928"}],"wp:attachment":[{"href":"https:\/\/observadorserrano.com.ar\/index.php?rest_route=%2Fwp%2Fv2%2Fmedia&parent=6927"}],"wp:term":[{"taxonomy":"category","embeddable":true,"href":"https:\/\/observadorserrano.com.ar\/index.php?rest_route=%2Fwp%2Fv2%2Fcategories&post=6927"},{"taxonomy":"post_tag","embeddable":true,"href":"https:\/\/observadorserrano.com.ar\/index.php?rest_route=%2Fwp%2Fv2%2Ftags&post=6927"}],"curies":[{"name":"wp","href":"https:\/\/api.w.org\/{rel}","templated":true}]}}