{"id":7021,"date":"2022-09-24T10:49:50","date_gmt":"2022-09-24T13:49:50","guid":{"rendered":"https:\/\/observadorserrano.com.ar\/?p=7021"},"modified":"2022-09-24T10:49:50","modified_gmt":"2022-09-24T13:49:50","slug":"tornquist-ya-cuenta-con-una-oficina-de-acceso-y-derecho-a-la-salud","status":"publish","type":"post","link":"https:\/\/observadorserrano.com.ar\/?p=7021","title":{"rendered":"Tornquist ya cuenta con una Oficina de Acceso y Derecho a la Salud"},"content":{"rendered":"<div class=\"pf-content\"><blockquote class=\"wp-embedded-content\" data-secret=\"927rdMGSHa\"><p><a href=\"http:\/\/www.celttv.com.ar\/index.php\/2022\/09\/24\/tornquist-ya-cuenta-con-una-oficina-de-acceso-y-derecho-a-la-salud\/\">Tornquist ya cuenta con una Oficina de Acceso y Derecho a la Salud<\/a><\/p><\/blockquote>\n<p><iframe class=\"wp-embedded-content\" sandbox=\"allow-scripts\" security=\"restricted\" style=\"position: absolute; clip: rect(1px, 1px, 1px, 1px);\" title=\"\u00abTornquist ya cuenta con una Oficina de Acceso y Derecho a la Salud\u00bb \u2014 CELTTV\" src=\"http:\/\/www.celttv.com.ar\/index.php\/2022\/09\/24\/tornquist-ya-cuenta-con-una-oficina-de-acceso-y-derecho-a-la-salud\/embed\/#?secret=R8mzZcv9c5#?secret=927rdMGSHa\" data-secret=\"927rdMGSHa\" width=\"500\" height=\"282\" frameborder=\"0\" marginwidth=\"0\" marginheight=\"0\" scrolling=\"no\"><\/iframe><\/p>\n<div class=\"jeg_featured featured_image\">\n<div class=\"thumbnail-container animate-lazy\"><img loading=\"lazy\" class=\"attachment-jnews-1140x570 size-jnews-1140x570 wp-post-image lazyautosizes lazyloaded\" src=\"http:\/\/www.celttv.com.ar\/wp-content\/uploads\/2022\/09\/Inauguracion-OADS-4-1140x570.jpeg\" sizes=\"768px\" srcset=\"http:\/\/www.celttv.com.ar\/wp-content\/uploads\/2022\/09\/Inauguracion-OADS-4-1140x570.jpeg 1140w, http:\/\/www.celttv.com.ar\/wp-content\/uploads\/2022\/09\/Inauguracion-OADS-4-360x180.jpeg 360w, http:\/\/www.celttv.com.ar\/wp-content\/uploads\/2022\/09\/Inauguracion-OADS-4-750x375.jpeg 750w\" alt=\"Tornquist ya cuenta con una Oficina de Acceso y Derecho a la Salud\" width=\"1140\" height=\"570\" data-src=\"http:\/\/www.celttv.com.ar\/wp-content\/uploads\/2022\/09\/Inauguracion-OADS-4-1140x570.jpeg\" data-sizes=\"auto\" data-srcset=\"http:\/\/www.celttv.com.ar\/wp-content\/uploads\/2022\/09\/Inauguracion-OADS-4-1140x570.jpeg 1140w, http:\/\/www.celttv.com.ar\/wp-content\/uploads\/2022\/09\/Inauguracion-OADS-4-360x180.jpeg 360w, http:\/\/www.celttv.com.ar\/wp-content\/uploads\/2022\/09\/Inauguracion-OADS-4-750x375.jpeg 750w\" data-expand=\"700\" \/><\/div>\n<\/div>\n<div class=\"jeg_share_top_container\"><\/div>\n<div class=\"entry-content no-share\">\n<div class=\"jeg_share_button share-float jeg_sticky_share clearfix share-monocrhome\">\n<div class=\"jegStickyHolder\">\n<div class=\"theiaStickySidebar\">\n<div class=\"jeg_share_float_container\"><\/div>\n<\/div>\n<\/div>\n<\/div>\n<div class=\"content-inner \">\n<p>Este viernes fue inaugurada en Tornquist una Oficina de Acceso y Derecho a la Salud (OADS), impulsada por el Ministerio de Salud de la Provincia de Buenos Aires, con el acompa\u00f1amiento de la Secretar\u00eda de Salud municipal.<\/p>\n<p>Se trata de un espacio creado para garantizar derechos y facilitar el acceso a la pol\u00edtica p\u00fablica en salud a las personas con discapacidad.<\/p>\n<div class=\"jnews_inline_related_post_wrapper left\">\n<div class=\"jnews_inline_related_post\">\n<div class=\"jeg_postblock_21 jeg_postblock jeg_module_hook jeg_pagination_nextprev jeg_col_2o3 jnews_module_69662_0_632f09ae3957f   \" data-unique=\"jnews_module_69662_0_632f09ae3957f\">\n<div class=\"jeg_block_navigation\">\n<div class=\"jeg_block_nav \"><i class=\"fa fa-angle-left\"><\/i>\u00a0En el acto estuvieron presentes el Secretario de Gobierno y Seguridad, Ezequiel Gabella, en representaci\u00f3n del intendente Sergio Bordoni; la Secretaria de Salud, Noelia Baier; el titular de Regi\u00f3n Sanitaria I, LaurianoAlimenti; la Directora Provincial de Acceso e Inclusi\u00f3n a la Salud, Lourdes Farias; y la Directora de Acceso y Promoci\u00f3n del Derecho a la Salud, Paula Tosi.<\/div>\n<\/div>\n<\/div>\n<\/div>\n<\/div>\n<p>La OADS local fue instalada en el edificio municipal ubicado frente al Hospital \u2018Dr. Alberto Castro\u2019 (Lavalle 300), y tiene como funci\u00f3n atender demandas que van desde solicitud de medicamentos, suplementos nutricionales y pr\u00f3tesis; a prestaciones espec\u00edficas como la gesti\u00f3n de Acompa\u00f1antes Terap\u00e9uticos e internaci\u00f3n domiciliaria; entre otras.<\/p>\n<p>De la jornada tambi\u00e9n participaron el Subsecretario Administrativo de Salud, Mariano Balbiano; la Directora M\u00e9dica, Cecilia Conti; y la Subdirectora de Discapacidad y Tercera Edad, Liliana Lugones.<\/p>\n<p><img loading=\"lazy\" class=\"alignnone size-full wp-image-7022\" src=\"https:\/\/observadorserrano.com.ar\/wp-content\/uploads\/2022\/09\/Inauguracion-OADS-1.jpeg\" alt=\"\" width=\"1599\" height=\"1066\" srcset=\"https:\/\/observadorserrano.com.ar\/wp-content\/uploads\/2022\/09\/Inauguracion-OADS-1.jpeg 1599w, https:\/\/observadorserrano.com.ar\/wp-content\/uploads\/2022\/09\/Inauguracion-OADS-1-300x200.jpeg 300w, https:\/\/observadorserrano.com.ar\/wp-content\/uploads\/2022\/09\/Inauguracion-OADS-1-768x512.jpeg 768w, https:\/\/observadorserrano.com.ar\/wp-content\/uploads\/2022\/09\/Inauguracion-OADS-1-1024x683.jpeg 1024w, https:\/\/observadorserrano.com.ar\/wp-content\/uploads\/2022\/09\/Inauguracion-OADS-1-1536x1024.jpeg 1536w, https:\/\/observadorserrano.com.ar\/wp-content\/uploads\/2022\/09\/Inauguracion-OADS-1-525x350.jpeg 525w, https:\/\/observadorserrano.com.ar\/wp-content\/uploads\/2022\/09\/Inauguracion-OADS-1-450x300.jpeg 450w, https:\/\/observadorserrano.com.ar\/wp-content\/uploads\/2022\/09\/Inauguracion-OADS-1-750x500.jpeg 750w, https:\/\/observadorserrano.com.ar\/wp-content\/uploads\/2022\/09\/Inauguracion-OADS-1-1140x760.jpeg 1140w\" sizes=\"(max-width: 1599px) 100vw, 1599px\" \/> <img loading=\"lazy\" class=\"alignnone size-noticia-750\u00d7350-recortada wp-image-7023\" src=\"https:\/\/observadorserrano.com.ar\/wp-content\/uploads\/2022\/09\/Inauguracion-OADS-2.jpeg\" alt=\"\" width=\"1599\" height=\"1066\" srcset=\"https:\/\/observadorserrano.com.ar\/wp-content\/uploads\/2022\/09\/Inauguracion-OADS-2.jpeg 1599w, https:\/\/observadorserrano.com.ar\/wp-content\/uploads\/2022\/09\/Inauguracion-OADS-2-300x200.jpeg 300w, https:\/\/observadorserrano.com.ar\/wp-content\/uploads\/2022\/09\/Inauguracion-OADS-2-768x512.jpeg 768w, https:\/\/observadorserrano.com.ar\/wp-content\/uploads\/2022\/09\/Inauguracion-OADS-2-1024x683.jpeg 1024w, https:\/\/observadorserrano.com.ar\/wp-content\/uploads\/2022\/09\/Inauguracion-OADS-2-1536x1024.jpeg 1536w, https:\/\/observadorserrano.com.ar\/wp-content\/uploads\/2022\/09\/Inauguracion-OADS-2-525x350.jpeg 525w, https:\/\/observadorserrano.com.ar\/wp-content\/uploads\/2022\/09\/Inauguracion-OADS-2-450x300.jpeg 450w, https:\/\/observadorserrano.com.ar\/wp-content\/uploads\/2022\/09\/Inauguracion-OADS-2-750x500.jpeg 750w, https:\/\/observadorserrano.com.ar\/wp-content\/uploads\/2022\/09\/Inauguracion-OADS-2-1140x760.jpeg 1140w\" sizes=\"(max-width: 1599px) 100vw, 1599px\" \/> <img loading=\"lazy\" class=\"alignnone size-noticia-750\u00d7350-recortada wp-image-7024\" src=\"https:\/\/observadorserrano.com.ar\/wp-content\/uploads\/2022\/09\/Inauguracion-OADS-3.jpeg\" alt=\"\" width=\"1599\" height=\"1066\" srcset=\"https:\/\/observadorserrano.com.ar\/wp-content\/uploads\/2022\/09\/Inauguracion-OADS-3.jpeg 1599w, https:\/\/observadorserrano.com.ar\/wp-content\/uploads\/2022\/09\/Inauguracion-OADS-3-300x200.jpeg 300w, https:\/\/observadorserrano.com.ar\/wp-content\/uploads\/2022\/09\/Inauguracion-OADS-3-768x512.jpeg 768w, https:\/\/observadorserrano.com.ar\/wp-content\/uploads\/2022\/09\/Inauguracion-OADS-3-1024x683.jpeg 1024w, https:\/\/observadorserrano.com.ar\/wp-content\/uploads\/2022\/09\/Inauguracion-OADS-3-1536x1024.jpeg 1536w, https:\/\/observadorserrano.com.ar\/wp-content\/uploads\/2022\/09\/Inauguracion-OADS-3-525x350.jpeg 525w, https:\/\/observadorserrano.com.ar\/wp-content\/uploads\/2022\/09\/Inauguracion-OADS-3-450x300.jpeg 450w, https:\/\/observadorserrano.com.ar\/wp-content\/uploads\/2022\/09\/Inauguracion-OADS-3-750x500.jpeg 750w, https:\/\/observadorserrano.com.ar\/wp-content\/uploads\/2022\/09\/Inauguracion-OADS-3-1140x760.jpeg 1140w\" sizes=\"(max-width: 1599px) 100vw, 1599px\" \/> <img loading=\"lazy\" class=\"alignnone size-noticia-750\u00d7350-recortada wp-image-7025\" src=\"https:\/\/observadorserrano.com.ar\/wp-content\/uploads\/2022\/09\/Inauguracion-OADS-4.jpeg\" alt=\"\" width=\"1599\" height=\"1066\" srcset=\"https:\/\/observadorserrano.com.ar\/wp-content\/uploads\/2022\/09\/Inauguracion-OADS-4.jpeg 1599w, https:\/\/observadorserrano.com.ar\/wp-content\/uploads\/2022\/09\/Inauguracion-OADS-4-300x200.jpeg 300w, https:\/\/observadorserrano.com.ar\/wp-content\/uploads\/2022\/09\/Inauguracion-OADS-4-768x512.jpeg 768w, https:\/\/observadorserrano.com.ar\/wp-content\/uploads\/2022\/09\/Inauguracion-OADS-4-1024x683.jpeg 1024w, https:\/\/observadorserrano.com.ar\/wp-content\/uploads\/2022\/09\/Inauguracion-OADS-4-1536x1024.jpeg 1536w, https:\/\/observadorserrano.com.ar\/wp-content\/uploads\/2022\/09\/Inauguracion-OADS-4-525x350.jpeg 525w, https:\/\/observadorserrano.com.ar\/wp-content\/uploads\/2022\/09\/Inauguracion-OADS-4-450x300.jpeg 450w, https:\/\/observadorserrano.com.ar\/wp-content\/uploads\/2022\/09\/Inauguracion-OADS-4-750x500.jpeg 750w, https:\/\/observadorserrano.com.ar\/wp-content\/uploads\/2022\/09\/Inauguracion-OADS-4-1140x760.jpeg 1140w\" sizes=\"(max-width: 1599px) 100vw, 1599px\" \/> <img loading=\"lazy\" class=\"alignnone size-noticia-750\u00d7350-recortada wp-image-7026\" src=\"https:\/\/observadorserrano.com.ar\/wp-content\/uploads\/2022\/09\/Inauguracion-OADS-5.jpeg\" alt=\"\" width=\"1599\" height=\"1066\" srcset=\"https:\/\/observadorserrano.com.ar\/wp-content\/uploads\/2022\/09\/Inauguracion-OADS-5.jpeg 1599w, https:\/\/observadorserrano.com.ar\/wp-content\/uploads\/2022\/09\/Inauguracion-OADS-5-300x200.jpeg 300w, https:\/\/observadorserrano.com.ar\/wp-content\/uploads\/2022\/09\/Inauguracion-OADS-5-768x512.jpeg 768w, https:\/\/observadorserrano.com.ar\/wp-content\/uploads\/2022\/09\/Inauguracion-OADS-5-1024x683.jpeg 1024w, https:\/\/observadorserrano.com.ar\/wp-content\/uploads\/2022\/09\/Inauguracion-OADS-5-1536x1024.jpeg 1536w, https:\/\/observadorserrano.com.ar\/wp-content\/uploads\/2022\/09\/Inauguracion-OADS-5-525x350.jpeg 525w, https:\/\/observadorserrano.com.ar\/wp-content\/uploads\/2022\/09\/Inauguracion-OADS-5-450x300.jpeg 450w, https:\/\/observadorserrano.com.ar\/wp-content\/uploads\/2022\/09\/Inauguracion-OADS-5-750x500.jpeg 750w, https:\/\/observadorserrano.com.ar\/wp-content\/uploads\/2022\/09\/Inauguracion-OADS-5-1140x760.jpeg 1140w\" sizes=\"(max-width: 1599px) 100vw, 1599px\" \/> <img loading=\"lazy\" class=\"alignnone size-noticia-750\u00d7350-recortada wp-image-7027\" src=\"https:\/\/observadorserrano.com.ar\/wp-content\/uploads\/2022\/09\/Inauguracion-OADS-6.jpeg\" alt=\"\" width=\"1599\" height=\"1066\" srcset=\"https:\/\/observadorserrano.com.ar\/wp-content\/uploads\/2022\/09\/Inauguracion-OADS-6.jpeg 1599w, https:\/\/observadorserrano.com.ar\/wp-content\/uploads\/2022\/09\/Inauguracion-OADS-6-300x200.jpeg 300w, https:\/\/observadorserrano.com.ar\/wp-content\/uploads\/2022\/09\/Inauguracion-OADS-6-768x512.jpeg 768w, https:\/\/observadorserrano.com.ar\/wp-content\/uploads\/2022\/09\/Inauguracion-OADS-6-1024x683.jpeg 1024w, https:\/\/observadorserrano.com.ar\/wp-content\/uploads\/2022\/09\/Inauguracion-OADS-6-1536x1024.jpeg 1536w, https:\/\/observadorserrano.com.ar\/wp-content\/uploads\/2022\/09\/Inauguracion-OADS-6-525x350.jpeg 525w, https:\/\/observadorserrano.com.ar\/wp-content\/uploads\/2022\/09\/Inauguracion-OADS-6-450x300.jpeg 450w, https:\/\/observadorserrano.com.ar\/wp-content\/uploads\/2022\/09\/Inauguracion-OADS-6-750x500.jpeg 750w, https:\/\/observadorserrano.com.ar\/wp-content\/uploads\/2022\/09\/Inauguracion-OADS-6-1140x760.jpeg 1140w\" sizes=\"(max-width: 1599px) 100vw, 1599px\" \/> <img loading=\"lazy\" class=\"alignnone size-noticia-750\u00d7350-recortada wp-image-7028\" src=\"https:\/\/observadorserrano.com.ar\/wp-content\/uploads\/2022\/09\/Inauguracion-OADS-7.jpeg\" alt=\"\" width=\"1321\" height=\"937\" srcset=\"https:\/\/observadorserrano.com.ar\/wp-content\/uploads\/2022\/09\/Inauguracion-OADS-7.jpeg 1321w, https:\/\/observadorserrano.com.ar\/wp-content\/uploads\/2022\/09\/Inauguracion-OADS-7-300x213.jpeg 300w, https:\/\/observadorserrano.com.ar\/wp-content\/uploads\/2022\/09\/Inauguracion-OADS-7-768x545.jpeg 768w, https:\/\/observadorserrano.com.ar\/wp-content\/uploads\/2022\/09\/Inauguracion-OADS-7-1024x726.jpeg 1024w, https:\/\/observadorserrano.com.ar\/wp-content\/uploads\/2022\/09\/Inauguracion-OADS-7-493x350.jpeg 493w, https:\/\/observadorserrano.com.ar\/wp-content\/uploads\/2022\/09\/Inauguracion-OADS-7-423x300.jpeg 423w, https:\/\/observadorserrano.com.ar\/wp-content\/uploads\/2022\/09\/Inauguracion-OADS-7-150x105.jpeg 150w, https:\/\/observadorserrano.com.ar\/wp-content\/uploads\/2022\/09\/Inauguracion-OADS-7-120x86.jpeg 120w, https:\/\/observadorserrano.com.ar\/wp-content\/uploads\/2022\/09\/Inauguracion-OADS-7-750x532.jpeg 750w, https:\/\/observadorserrano.com.ar\/wp-content\/uploads\/2022\/09\/Inauguracion-OADS-7-1140x809.jpeg 1140w\" sizes=\"(max-width: 1321px) 100vw, 1321px\" \/> <img loading=\"lazy\" class=\"alignnone size-noticia-750\u00d7350-recortada wp-image-7029\" src=\"https:\/\/observadorserrano.com.ar\/wp-content\/uploads\/2022\/09\/Inauguracion-OADS-8.jpeg\" alt=\"\" width=\"1599\" height=\"1066\" srcset=\"https:\/\/observadorserrano.com.ar\/wp-content\/uploads\/2022\/09\/Inauguracion-OADS-8.jpeg 1599w, https:\/\/observadorserrano.com.ar\/wp-content\/uploads\/2022\/09\/Inauguracion-OADS-8-300x200.jpeg 300w, https:\/\/observadorserrano.com.ar\/wp-content\/uploads\/2022\/09\/Inauguracion-OADS-8-768x512.jpeg 768w, https:\/\/observadorserrano.com.ar\/wp-content\/uploads\/2022\/09\/Inauguracion-OADS-8-1024x683.jpeg 1024w, https:\/\/observadorserrano.com.ar\/wp-content\/uploads\/2022\/09\/Inauguracion-OADS-8-1536x1024.jpeg 1536w, https:\/\/observadorserrano.com.ar\/wp-content\/uploads\/2022\/09\/Inauguracion-OADS-8-525x350.jpeg 525w, https:\/\/observadorserrano.com.ar\/wp-content\/uploads\/2022\/09\/Inauguracion-OADS-8-450x300.jpeg 450w, https:\/\/observadorserrano.com.ar\/wp-content\/uploads\/2022\/09\/Inauguracion-OADS-8-750x500.jpeg 750w, https:\/\/observadorserrano.com.ar\/wp-content\/uploads\/2022\/09\/Inauguracion-OADS-8-1140x760.jpeg 1140w\" sizes=\"(max-width: 1599px) 100vw, 1599px\" \/> <img loading=\"lazy\" class=\"alignnone size-noticia-750\u00d7350-recortada wp-image-7030\" src=\"https:\/\/observadorserrano.com.ar\/wp-content\/uploads\/2022\/09\/Inauguracion-OADS-9.jpeg\" alt=\"\" width=\"1599\" height=\"1066\" srcset=\"https:\/\/observadorserrano.com.ar\/wp-content\/uploads\/2022\/09\/Inauguracion-OADS-9.jpeg 1599w, https:\/\/observadorserrano.com.ar\/wp-content\/uploads\/2022\/09\/Inauguracion-OADS-9-300x200.jpeg 300w, https:\/\/observadorserrano.com.ar\/wp-content\/uploads\/2022\/09\/Inauguracion-OADS-9-768x512.jpeg 768w, https:\/\/observadorserrano.com.ar\/wp-content\/uploads\/2022\/09\/Inauguracion-OADS-9-1024x683.jpeg 1024w, https:\/\/observadorserrano.com.ar\/wp-content\/uploads\/2022\/09\/Inauguracion-OADS-9-1536x1024.jpeg 1536w, https:\/\/observadorserrano.com.ar\/wp-content\/uploads\/2022\/09\/Inauguracion-OADS-9-525x350.jpeg 525w, https:\/\/observadorserrano.com.ar\/wp-content\/uploads\/2022\/09\/Inauguracion-OADS-9-450x300.jpeg 450w, https:\/\/observadorserrano.com.ar\/wp-content\/uploads\/2022\/09\/Inauguracion-OADS-9-750x500.jpeg 750w, https:\/\/observadorserrano.com.ar\/wp-content\/uploads\/2022\/09\/Inauguracion-OADS-9-1140x760.jpeg 1140w\" sizes=\"(max-width: 1599px) 100vw, 1599px\" \/> <img loading=\"lazy\" class=\"alignnone size-noticia-750\u00d7350-recortada wp-image-7031\" src=\"https:\/\/observadorserrano.com.ar\/wp-content\/uploads\/2022\/09\/Inauguracion-OADS-10.jpeg\" alt=\"\" width=\"1599\" height=\"1066\" srcset=\"https:\/\/observadorserrano.com.ar\/wp-content\/uploads\/2022\/09\/Inauguracion-OADS-10.jpeg 1599w, https:\/\/observadorserrano.com.ar\/wp-content\/uploads\/2022\/09\/Inauguracion-OADS-10-300x200.jpeg 300w, https:\/\/observadorserrano.com.ar\/wp-content\/uploads\/2022\/09\/Inauguracion-OADS-10-768x512.jpeg 768w, https:\/\/observadorserrano.com.ar\/wp-content\/uploads\/2022\/09\/Inauguracion-OADS-10-1024x683.jpeg 1024w, https:\/\/observadorserrano.com.ar\/wp-content\/uploads\/2022\/09\/Inauguracion-OADS-10-1536x1024.jpeg 1536w, https:\/\/observadorserrano.com.ar\/wp-content\/uploads\/2022\/09\/Inauguracion-OADS-10-525x350.jpeg 525w, https:\/\/observadorserrano.com.ar\/wp-content\/uploads\/2022\/09\/Inauguracion-OADS-10-450x300.jpeg 450w, https:\/\/observadorserrano.com.ar\/wp-content\/uploads\/2022\/09\/Inauguracion-OADS-10-750x500.jpeg 750w, https:\/\/observadorserrano.com.ar\/wp-content\/uploads\/2022\/09\/Inauguracion-OADS-10-1140x760.jpeg 1140w\" sizes=\"(max-width: 1599px) 100vw, 1599px\" \/><\/p>\n<\/div>\n<\/div>\n<p>&nbsp;<\/p>\n<\/div>","protected":false},"excerpt":{"rendered":"<p>Tornquist ya cuenta con una Oficina de Acceso y Derecho a la Salud Este viernes fue inaugurada en Tornquist una Oficina de Acceso y Derecho a la Salud (OADS), impulsada por el Ministerio de Salud de la Provincia de Buenos Aires, con el acompa\u00f1amiento de la Secretar\u00eda de Salud municipal. Se trata de un espacio [&hellip;]<\/p>\n","protected":false},"author":2,"featured_media":7025,"comment_status":"open","ping_status":"open","sticky":false,"template":"","format":"standard","meta":[],"categories":[43,45,518],"tags":[1626],"_links":{"self":[{"href":"https:\/\/observadorserrano.com.ar\/index.php?rest_route=\/wp\/v2\/posts\/7021"}],"collection":[{"href":"https:\/\/observadorserrano.com.ar\/index.php?rest_route=\/wp\/v2\/posts"}],"about":[{"href":"https:\/\/observadorserrano.com.ar\/index.php?rest_route=\/wp\/v2\/types\/post"}],"author":[{"embeddable":true,"href":"https:\/\/observadorserrano.com.ar\/index.php?rest_route=\/wp\/v2\/users\/2"}],"replies":[{"embeddable":true,"href":"https:\/\/observadorserrano.com.ar\/index.php?rest_route=%2Fwp%2Fv2%2Fcomments&post=7021"}],"version-history":[{"count":1,"href":"https:\/\/observadorserrano.com.ar\/index.php?rest_route=\/wp\/v2\/posts\/7021\/revisions"}],"predecessor-version":[{"id":7032,"href":"https:\/\/observadorserrano.com.ar\/index.php?rest_route=\/wp\/v2\/posts\/7021\/revisions\/7032"}],"wp:featuredmedia":[{"embeddable":true,"href":"https:\/\/observadorserrano.com.ar\/index.php?rest_route=\/wp\/v2\/media\/7025"}],"wp:attachment":[{"href":"https:\/\/observadorserrano.com.ar\/index.php?rest_route=%2Fwp%2Fv2%2Fmedia&parent=7021"}],"wp:term":[{"taxonomy":"category","embeddable":true,"href":"https:\/\/observadorserrano.com.ar\/index.php?rest_route=%2Fwp%2Fv2%2Fcategories&post=7021"},{"taxonomy":"post_tag","embeddable":true,"href":"https:\/\/observadorserrano.com.ar\/index.php?rest_route=%2Fwp%2Fv2%2Ftags&post=7021"}],"curies":[{"name":"wp","href":"https:\/\/api.w.org\/{rel}","templated":true}]}}