{"id":7180,"date":"2022-10-05T20:21:33","date_gmt":"2022-10-05T23:21:33","guid":{"rendered":"https:\/\/observadorserrano.com.ar\/?p=7180"},"modified":"2022-10-05T20:21:33","modified_gmt":"2022-10-05T23:21:33","slug":"se-consolida-el-proyecto-de-erradicacion-del-basurero-a-cielo-abierto","status":"publish","type":"post","link":"https:\/\/observadorserrano.com.ar\/?p=7180","title":{"rendered":"Se consolida el proyecto de erradicaci\u00f3n del basurero a cielo abierto"},"content":{"rendered":"<div class=\"pf-content\"><blockquote class=\"wp-embedded-content\" data-secret=\"XoJwQofmsc\"><p><a href=\"http:\/\/www.celttv.com.ar\/index.php\/2022\/10\/05\/se-consolida-el-proyecto-de-erradicacion-del-basurero-a-cielo-abierto\/\">Se consolida el proyecto de erradicaci\u00f3n del basurero a cielo abierto<\/a><\/p><\/blockquote>\n<p><iframe class=\"wp-embedded-content\" sandbox=\"allow-scripts\" security=\"restricted\" style=\"position: absolute; clip: rect(1px, 1px, 1px, 1px);\" title=\"\u00abSe consolida el proyecto de erradicaci\u00f3n del basurero a cielo abierto\u00bb \u2014 CELTTV\" src=\"http:\/\/www.celttv.com.ar\/index.php\/2022\/10\/05\/se-consolida-el-proyecto-de-erradicacion-del-basurero-a-cielo-abierto\/embed\/#?secret=uSKOhS5v5G#?secret=XoJwQofmsc\" data-secret=\"XoJwQofmsc\" width=\"500\" height=\"282\" frameborder=\"0\" marginwidth=\"0\" marginheight=\"0\" scrolling=\"no\"><\/iframe><\/p>\n<p>&nbsp;<\/p>\n<p><strong>Se consolida el proyecto de erradicaci\u00f3n del basurero a cielo abierto<\/strong><\/p>\n<p>Avanzando con las gestiones en materia ambiental, el intendente municipal Sergio Bordoni participo este martes, de una reuni\u00f3n virtual, con el objetivo de consolidar y sellar el compromiso del proyecto de la erradicaci\u00f3n de los basurales a cielo abierto.<\/p>\n<p>El Vice Ministro de Ambiente de la Naci\u00f3n, Sergio Federovisky; presidi\u00f3 el encuentro, acompa\u00f1ado de la Ministra de Ambiente de la Provincia de Buenos Aires, Daniela Vilar;del que participaron t\u00e9cnicos de ambos ministerios, y los intendentes de Saavedr\u00e1-Pig\u00fce, Coronel Suarez, Guamin\u00ed, junto a sus equipos de ambiente.<\/p>\n<p>El ante proyecto presentado, busca regionalizar la gesti\u00f3n integral de los residuos, entendiendo que no solo es la soluci\u00f3n posible para erradicar los basureros a cielo abierto de cuatro municipios, sino tambi\u00e9n una herramienta para potenciar y fortalecer la econom\u00eda circular.<\/p>\n<p>Es importante resaltar, que el proyectoes avalado por las m\u00e1ximas autoridades tanto provinciales como nacionales; y tiene como objetivo reducir el impacto ambiental y sanitario negativo sobre las comunidades, erradicando ocho basurales a cielo abierto, uno de los ejes centrales de las pol\u00edticas p\u00fablicas de los ministerios y los municipios.<\/p>\n<p>La inversi\u00f3n de este proyecto es de aproximadamente 28 millones de d\u00f3lares, que ser\u00e1n financiados mediante un cr\u00e9dito del Banco Interamericano de Desarrollo (BID), y contempla la obra civil del relleno sanitario en la ciudad cabecera del distrito y la construcci\u00f3n de cinco centros de transferencia en localidades de los municipios que son parte de la iniciativa.<\/p>\n<p>La pr\u00f3xima instancia ser\u00e1 la de presentaci\u00f3n del anteproyecto en cada uno de los distritos, entendiendo la importancia de poner en conocimiento a los vecinos sobre los procesos que se ejecutaran en cada municipio.<\/p>\n<p>&nbsp;<\/p>\n<p><img loading=\"lazy\" class=\"alignnone size-full wp-image-7181\" src=\"https:\/\/observadorserrano.com.ar\/wp-content\/uploads\/2022\/10\/erradicacionbasurero-2.jpeg\" alt=\"\" width=\"1274\" height=\"565\" srcset=\"https:\/\/observadorserrano.com.ar\/wp-content\/uploads\/2022\/10\/erradicacionbasurero-2.jpeg 1274w, https:\/\/observadorserrano.com.ar\/wp-content\/uploads\/2022\/10\/erradicacionbasurero-2-300x133.jpeg 300w, https:\/\/observadorserrano.com.ar\/wp-content\/uploads\/2022\/10\/erradicacionbasurero-2-768x341.jpeg 768w, https:\/\/observadorserrano.com.ar\/wp-content\/uploads\/2022\/10\/erradicacionbasurero-2-1024x454.jpeg 1024w, https:\/\/observadorserrano.com.ar\/wp-content\/uploads\/2022\/10\/erradicacionbasurero-2-750x333.jpeg 750w, https:\/\/observadorserrano.com.ar\/wp-content\/uploads\/2022\/10\/erradicacionbasurero-2-650x288.jpeg 650w, https:\/\/observadorserrano.com.ar\/wp-content\/uploads\/2022\/10\/erradicacionbasurero-2-1140x506.jpeg 1140w\" sizes=\"(max-width: 1274px) 100vw, 1274px\" \/><\/p>\n<\/div>","protected":false},"excerpt":{"rendered":"<p>Se consolida el proyecto de erradicaci\u00f3n del basurero a cielo abierto &nbsp; Se consolida el proyecto de erradicaci\u00f3n del basurero a cielo abierto Avanzando con las gestiones en materia ambiental, el intendente municipal Sergio Bordoni participo este martes, de una reuni\u00f3n virtual, con el objetivo de consolidar y sellar el compromiso del proyecto de la [&hellip;]<\/p>\n","protected":false},"author":2,"featured_media":7181,"comment_status":"open","ping_status":"open","sticky":false,"template":"","format":"standard","meta":[],"categories":[18,43,519,45],"tags":[1653],"_links":{"self":[{"href":"https:\/\/observadorserrano.com.ar\/index.php?rest_route=\/wp\/v2\/posts\/7180"}],"collection":[{"href":"https:\/\/observadorserrano.com.ar\/index.php?rest_route=\/wp\/v2\/posts"}],"about":[{"href":"https:\/\/observadorserrano.com.ar\/index.php?rest_route=\/wp\/v2\/types\/post"}],"author":[{"embeddable":true,"href":"https:\/\/observadorserrano.com.ar\/index.php?rest_route=\/wp\/v2\/users\/2"}],"replies":[{"embeddable":true,"href":"https:\/\/observadorserrano.com.ar\/index.php?rest_route=%2Fwp%2Fv2%2Fcomments&post=7180"}],"version-history":[{"count":1,"href":"https:\/\/observadorserrano.com.ar\/index.php?rest_route=\/wp\/v2\/posts\/7180\/revisions"}],"predecessor-version":[{"id":7182,"href":"https:\/\/observadorserrano.com.ar\/index.php?rest_route=\/wp\/v2\/posts\/7180\/revisions\/7182"}],"wp:featuredmedia":[{"embeddable":true,"href":"https:\/\/observadorserrano.com.ar\/index.php?rest_route=\/wp\/v2\/media\/7181"}],"wp:attachment":[{"href":"https:\/\/observadorserrano.com.ar\/index.php?rest_route=%2Fwp%2Fv2%2Fmedia&parent=7180"}],"wp:term":[{"taxonomy":"category","embeddable":true,"href":"https:\/\/observadorserrano.com.ar\/index.php?rest_route=%2Fwp%2Fv2%2Fcategories&post=7180"},{"taxonomy":"post_tag","embeddable":true,"href":"https:\/\/observadorserrano.com.ar\/index.php?rest_route=%2Fwp%2Fv2%2Ftags&post=7180"}],"curies":[{"name":"wp","href":"https:\/\/api.w.org\/{rel}","templated":true}]}}