{"id":7360,"date":"2022-10-25T19:06:35","date_gmt":"2022-10-25T22:06:35","guid":{"rendered":"https:\/\/observadorserrano.com.ar\/?p=7360"},"modified":"2022-10-25T19:06:35","modified_gmt":"2022-10-25T22:06:35","slug":"quedo-formalizado-el-espacio-de-formacion-permanente-de-la-secretaria-de-salud","status":"publish","type":"post","link":"https:\/\/observadorserrano.com.ar\/?p=7360","title":{"rendered":"Qued\u00f3 formalizado el Espacio de Formaci\u00f3n Permanente de la Secretar\u00eda de Salud"},"content":{"rendered":"<div class=\"pf-content\"><blockquote class=\"wp-embedded-content\" data-secret=\"SdoOzOVKq0\"><p><a href=\"http:\/\/www.celttv.com.ar\/index.php\/2022\/10\/25\/quedo-formalizado-el-espacio-de-formacion-permanente-de-la-secretaria-de-salud\/\">Qued\u00f3 formalizado el Espacio de Formaci\u00f3n Permanente de la Secretar\u00eda de Salud<\/a><\/p><\/blockquote>\n<p><iframe class=\"wp-embedded-content\" sandbox=\"allow-scripts\" security=\"restricted\" style=\"position: absolute; clip: rect(1px, 1px, 1px, 1px);\" title=\"\u00abQued\u00f3 formalizado el Espacio de Formaci\u00f3n Permanente de la Secretar\u00eda de Salud\u00bb \u2014 CELTTV\" src=\"http:\/\/www.celttv.com.ar\/index.php\/2022\/10\/25\/quedo-formalizado-el-espacio-de-formacion-permanente-de-la-secretaria-de-salud\/embed\/#?secret=5TcZN0MfUI#?secret=SdoOzOVKq0\" data-secret=\"SdoOzOVKq0\" width=\"500\" height=\"282\" frameborder=\"0\" marginwidth=\"0\" marginheight=\"0\" scrolling=\"no\"><\/iframe><\/p>\n<p><strong>Qued\u00f3 formalizado el Espacio de Formaci\u00f3n Permanente de la Secretar\u00eda de Salud<\/strong><\/p>\n<p>Este martes fue formalizado el Espacio de Formaci\u00f3n Permanente (EFP) de la Secretar\u00eda de Salud de Tornquist Municipio, destinado a la capacitaci\u00f3n de todo el personal del \u00e1rea.<\/p>\n<p>El flamante lugar, ubicado en el nuevo sector de la Secretar\u00eda de Salud frente al Hospital Municipal \u2018Dr. Alberto Castro\u2019, fue generado para que las jornadas y cursos que se ven\u00edan dictando hasta ahora in situ (en el lugar de trabajo), tengan su sala espec\u00edfica, remodelada y equipada para tal fin.<\/p>\n<p>La inauguraci\u00f3n oficial del espacio se dio con la \u2018Jornada de Gases Medicinales, caracter\u00edsticas y aspectos de seguridad\u2019, a cargo del Ing. Carlos Tolcachir, con una duraci\u00f3n de 3 horas y la presencia de unas 30 personas.<\/p>\n<p>El EFP fue creado ante la necesidad de capacitar al personal frente al crecimiento exponencial que tuvo en los \u00faltimos dos a\u00f1os el \u00e1rea de salud, con la ampliaci\u00f3n de las diferentes dependencias y la incorporaci\u00f3n de nuevos servicios y especialidades.<\/p>\n<p>De las diferentes jornadas, participan tanto mucamas como agentes de mantenimiento, enfermeras y enfermeros, administrativos, camilleros, m\u00e9dicos y todos los profesionales que se desempe\u00f1an en los centros de salud<\/p>\n<p><iframe loading=\"lazy\" title=\"2022 10 25 ESPACIO DE FORMACION PERMANENTE 1 NOELIA BAIER\" src=\"https:\/\/www.youtube.com\/embed\/MRvwD1QZ5Zc?feature=oembed\" width=\"500\" height=\"281\" frameborder=\"0\" allowfullscreen=\"allowfullscreen\" data-mce-fragment=\"1\"><\/iframe><\/p>\n<p><iframe loading=\"lazy\" title=\"2022 10 25 ESPACIO DE FORMACION PERMANENTE 2 CARLOS TOLCACHIR\" src=\"https:\/\/www.youtube.com\/embed\/L_7vebfPrrA?feature=oembed\" width=\"500\" height=\"281\" frameborder=\"0\" allowfullscreen=\"allowfullscreen\" data-mce-fragment=\"1\"><\/iframe><\/p>\n<p><iframe loading=\"lazy\" title=\"2022 10 25 ESPACIO DE FORMACION PERMANENTE 3 MARIANO BALBIANO\" src=\"https:\/\/www.youtube.com\/embed\/QJzfoYcVrRo?feature=oembed\" width=\"500\" height=\"281\" frameborder=\"0\" allowfullscreen=\"allowfullscreen\" data-mce-fragment=\"1\"><\/iframe><\/p>\n<p><img loading=\"lazy\" class=\"alignnone size-noticia-750\u00d7350-recortada wp-image-7362\" src=\"https:\/\/observadorserrano.com.ar\/wp-content\/uploads\/2022\/10\/EFP-1.jpg\" alt=\"\" width=\"1800\" height=\"1200\" srcset=\"https:\/\/observadorserrano.com.ar\/wp-content\/uploads\/2022\/10\/EFP-1.jpg 1800w, https:\/\/observadorserrano.com.ar\/wp-content\/uploads\/2022\/10\/EFP-1-300x200.jpg 300w, https:\/\/observadorserrano.com.ar\/wp-content\/uploads\/2022\/10\/EFP-1-768x512.jpg 768w, https:\/\/observadorserrano.com.ar\/wp-content\/uploads\/2022\/10\/EFP-1-1024x683.jpg 1024w, https:\/\/observadorserrano.com.ar\/wp-content\/uploads\/2022\/10\/EFP-1-1536x1024.jpg 1536w, https:\/\/observadorserrano.com.ar\/wp-content\/uploads\/2022\/10\/EFP-1-525x350.jpg 525w, https:\/\/observadorserrano.com.ar\/wp-content\/uploads\/2022\/10\/EFP-1-450x300.jpg 450w, https:\/\/observadorserrano.com.ar\/wp-content\/uploads\/2022\/10\/EFP-1-750x500.jpg 750w, https:\/\/observadorserrano.com.ar\/wp-content\/uploads\/2022\/10\/EFP-1-1140x760.jpg 1140w\" sizes=\"(max-width: 1800px) 100vw, 1800px\" \/> <img loading=\"lazy\" class=\"alignnone size-noticia-750\u00d7350-recortada wp-image-7363\" src=\"https:\/\/observadorserrano.com.ar\/wp-content\/uploads\/2022\/10\/EFP-2.jpg\" alt=\"\" width=\"1800\" height=\"1200\" srcset=\"https:\/\/observadorserrano.com.ar\/wp-content\/uploads\/2022\/10\/EFP-2.jpg 1800w, https:\/\/observadorserrano.com.ar\/wp-content\/uploads\/2022\/10\/EFP-2-300x200.jpg 300w, https:\/\/observadorserrano.com.ar\/wp-content\/uploads\/2022\/10\/EFP-2-768x512.jpg 768w, https:\/\/observadorserrano.com.ar\/wp-content\/uploads\/2022\/10\/EFP-2-1024x683.jpg 1024w, https:\/\/observadorserrano.com.ar\/wp-content\/uploads\/2022\/10\/EFP-2-1536x1024.jpg 1536w, https:\/\/observadorserrano.com.ar\/wp-content\/uploads\/2022\/10\/EFP-2-525x350.jpg 525w, https:\/\/observadorserrano.com.ar\/wp-content\/uploads\/2022\/10\/EFP-2-450x300.jpg 450w, https:\/\/observadorserrano.com.ar\/wp-content\/uploads\/2022\/10\/EFP-2-750x500.jpg 750w, https:\/\/observadorserrano.com.ar\/wp-content\/uploads\/2022\/10\/EFP-2-1140x760.jpg 1140w\" sizes=\"(max-width: 1800px) 100vw, 1800px\" \/> <img loading=\"lazy\" class=\"alignnone size-noticia-750\u00d7350-recortada wp-image-7364\" src=\"https:\/\/observadorserrano.com.ar\/wp-content\/uploads\/2022\/10\/EFP-3.jpg\" alt=\"\" width=\"1800\" height=\"1200\" srcset=\"https:\/\/observadorserrano.com.ar\/wp-content\/uploads\/2022\/10\/EFP-3.jpg 1800w, https:\/\/observadorserrano.com.ar\/wp-content\/uploads\/2022\/10\/EFP-3-300x200.jpg 300w, https:\/\/observadorserrano.com.ar\/wp-content\/uploads\/2022\/10\/EFP-3-768x512.jpg 768w, https:\/\/observadorserrano.com.ar\/wp-content\/uploads\/2022\/10\/EFP-3-1024x683.jpg 1024w, https:\/\/observadorserrano.com.ar\/wp-content\/uploads\/2022\/10\/EFP-3-1536x1024.jpg 1536w, https:\/\/observadorserrano.com.ar\/wp-content\/uploads\/2022\/10\/EFP-3-525x350.jpg 525w, https:\/\/observadorserrano.com.ar\/wp-content\/uploads\/2022\/10\/EFP-3-450x300.jpg 450w, https:\/\/observadorserrano.com.ar\/wp-content\/uploads\/2022\/10\/EFP-3-750x500.jpg 750w, https:\/\/observadorserrano.com.ar\/wp-content\/uploads\/2022\/10\/EFP-3-1140x760.jpg 1140w\" sizes=\"(max-width: 1800px) 100vw, 1800px\" \/> <img loading=\"lazy\" class=\"alignnone size-noticia-750\u00d7350-recortada wp-image-7365\" src=\"https:\/\/observadorserrano.com.ar\/wp-content\/uploads\/2022\/10\/EFP-4.jpg\" alt=\"\" width=\"1800\" height=\"1200\" srcset=\"https:\/\/observadorserrano.com.ar\/wp-content\/uploads\/2022\/10\/EFP-4.jpg 1800w, https:\/\/observadorserrano.com.ar\/wp-content\/uploads\/2022\/10\/EFP-4-300x200.jpg 300w, https:\/\/observadorserrano.com.ar\/wp-content\/uploads\/2022\/10\/EFP-4-768x512.jpg 768w, https:\/\/observadorserrano.com.ar\/wp-content\/uploads\/2022\/10\/EFP-4-1024x683.jpg 1024w, https:\/\/observadorserrano.com.ar\/wp-content\/uploads\/2022\/10\/EFP-4-1536x1024.jpg 1536w, https:\/\/observadorserrano.com.ar\/wp-content\/uploads\/2022\/10\/EFP-4-525x350.jpg 525w, https:\/\/observadorserrano.com.ar\/wp-content\/uploads\/2022\/10\/EFP-4-450x300.jpg 450w, https:\/\/observadorserrano.com.ar\/wp-content\/uploads\/2022\/10\/EFP-4-750x500.jpg 750w, https:\/\/observadorserrano.com.ar\/wp-content\/uploads\/2022\/10\/EFP-4-1140x760.jpg 1140w\" sizes=\"(max-width: 1800px) 100vw, 1800px\" \/> <img loading=\"lazy\" class=\"alignnone size-noticia-750\u00d7350-recortada wp-image-7366\" src=\"https:\/\/observadorserrano.com.ar\/wp-content\/uploads\/2022\/10\/EFP-5-1.jpg\" alt=\"\" width=\"1800\" height=\"1200\" srcset=\"https:\/\/observadorserrano.com.ar\/wp-content\/uploads\/2022\/10\/EFP-5-1.jpg 1800w, https:\/\/observadorserrano.com.ar\/wp-content\/uploads\/2022\/10\/EFP-5-1-300x200.jpg 300w, https:\/\/observadorserrano.com.ar\/wp-content\/uploads\/2022\/10\/EFP-5-1-768x512.jpg 768w, https:\/\/observadorserrano.com.ar\/wp-content\/uploads\/2022\/10\/EFP-5-1-1024x683.jpg 1024w, https:\/\/observadorserrano.com.ar\/wp-content\/uploads\/2022\/10\/EFP-5-1-1536x1024.jpg 1536w, https:\/\/observadorserrano.com.ar\/wp-content\/uploads\/2022\/10\/EFP-5-1-525x350.jpg 525w, https:\/\/observadorserrano.com.ar\/wp-content\/uploads\/2022\/10\/EFP-5-1-450x300.jpg 450w, https:\/\/observadorserrano.com.ar\/wp-content\/uploads\/2022\/10\/EFP-5-1-750x500.jpg 750w, https:\/\/observadorserrano.com.ar\/wp-content\/uploads\/2022\/10\/EFP-5-1-1140x760.jpg 1140w\" sizes=\"(max-width: 1800px) 100vw, 1800px\" \/> <img loading=\"lazy\" class=\"alignnone size-noticia-750\u00d7350-recortada wp-image-7367\" src=\"https:\/\/observadorserrano.com.ar\/wp-content\/uploads\/2022\/10\/EFP-6.jpg\" alt=\"\" width=\"1800\" height=\"1200\" srcset=\"https:\/\/observadorserrano.com.ar\/wp-content\/uploads\/2022\/10\/EFP-6.jpg 1800w, https:\/\/observadorserrano.com.ar\/wp-content\/uploads\/2022\/10\/EFP-6-300x200.jpg 300w, https:\/\/observadorserrano.com.ar\/wp-content\/uploads\/2022\/10\/EFP-6-768x512.jpg 768w, https:\/\/observadorserrano.com.ar\/wp-content\/uploads\/2022\/10\/EFP-6-1024x683.jpg 1024w, https:\/\/observadorserrano.com.ar\/wp-content\/uploads\/2022\/10\/EFP-6-1536x1024.jpg 1536w, https:\/\/observadorserrano.com.ar\/wp-content\/uploads\/2022\/10\/EFP-6-525x350.jpg 525w, https:\/\/observadorserrano.com.ar\/wp-content\/uploads\/2022\/10\/EFP-6-450x300.jpg 450w, https:\/\/observadorserrano.com.ar\/wp-content\/uploads\/2022\/10\/EFP-6-750x500.jpg 750w, https:\/\/observadorserrano.com.ar\/wp-content\/uploads\/2022\/10\/EFP-6-1140x760.jpg 1140w\" sizes=\"(max-width: 1800px) 100vw, 1800px\" \/> <img loading=\"lazy\" class=\"alignnone size-noticia-750\u00d7350-recortada wp-image-7368\" src=\"https:\/\/observadorserrano.com.ar\/wp-content\/uploads\/2022\/10\/EFP-7.jpg\" alt=\"\" width=\"1800\" height=\"1200\" srcset=\"https:\/\/observadorserrano.com.ar\/wp-content\/uploads\/2022\/10\/EFP-7.jpg 1800w, https:\/\/observadorserrano.com.ar\/wp-content\/uploads\/2022\/10\/EFP-7-300x200.jpg 300w, https:\/\/observadorserrano.com.ar\/wp-content\/uploads\/2022\/10\/EFP-7-768x512.jpg 768w, https:\/\/observadorserrano.com.ar\/wp-content\/uploads\/2022\/10\/EFP-7-1024x683.jpg 1024w, https:\/\/observadorserrano.com.ar\/wp-content\/uploads\/2022\/10\/EFP-7-1536x1024.jpg 1536w, https:\/\/observadorserrano.com.ar\/wp-content\/uploads\/2022\/10\/EFP-7-525x350.jpg 525w, https:\/\/observadorserrano.com.ar\/wp-content\/uploads\/2022\/10\/EFP-7-450x300.jpg 450w, https:\/\/observadorserrano.com.ar\/wp-content\/uploads\/2022\/10\/EFP-7-750x500.jpg 750w, https:\/\/observadorserrano.com.ar\/wp-content\/uploads\/2022\/10\/EFP-7-1140x760.jpg 1140w\" sizes=\"(max-width: 1800px) 100vw, 1800px\" \/><\/p>\n<\/div>","protected":false},"excerpt":{"rendered":"<p>Qued\u00f3 formalizado el Espacio de Formaci\u00f3n Permanente de la Secretar\u00eda de Salud Qued\u00f3 formalizado el Espacio de Formaci\u00f3n Permanente de la Secretar\u00eda de Salud Este martes fue formalizado el Espacio de Formaci\u00f3n Permanente (EFP) de la Secretar\u00eda de Salud de Tornquist Municipio, destinado a la capacitaci\u00f3n de todo el personal del \u00e1rea. El flamante lugar, [&hellip;]<\/p>\n","protected":false},"author":2,"featured_media":7361,"comment_status":"closed","ping_status":"closed","sticky":false,"template":"","format":"standard","meta":[],"categories":[18,19,43,45,518],"tags":[1690],"_links":{"self":[{"href":"https:\/\/observadorserrano.com.ar\/index.php?rest_route=\/wp\/v2\/posts\/7360"}],"collection":[{"href":"https:\/\/observadorserrano.com.ar\/index.php?rest_route=\/wp\/v2\/posts"}],"about":[{"href":"https:\/\/observadorserrano.com.ar\/index.php?rest_route=\/wp\/v2\/types\/post"}],"author":[{"embeddable":true,"href":"https:\/\/observadorserrano.com.ar\/index.php?rest_route=\/wp\/v2\/users\/2"}],"replies":[{"embeddable":true,"href":"https:\/\/observadorserrano.com.ar\/index.php?rest_route=%2Fwp%2Fv2%2Fcomments&post=7360"}],"version-history":[{"count":1,"href":"https:\/\/observadorserrano.com.ar\/index.php?rest_route=\/wp\/v2\/posts\/7360\/revisions"}],"predecessor-version":[{"id":7369,"href":"https:\/\/observadorserrano.com.ar\/index.php?rest_route=\/wp\/v2\/posts\/7360\/revisions\/7369"}],"wp:featuredmedia":[{"embeddable":true,"href":"https:\/\/observadorserrano.com.ar\/index.php?rest_route=\/wp\/v2\/media\/7361"}],"wp:attachment":[{"href":"https:\/\/observadorserrano.com.ar\/index.php?rest_route=%2Fwp%2Fv2%2Fmedia&parent=7360"}],"wp:term":[{"taxonomy":"category","embeddable":true,"href":"https:\/\/observadorserrano.com.ar\/index.php?rest_route=%2Fwp%2Fv2%2Fcategories&post=7360"},{"taxonomy":"post_tag","embeddable":true,"href":"https:\/\/observadorserrano.com.ar\/index.php?rest_route=%2Fwp%2Fv2%2Ftags&post=7360"}],"curies":[{"name":"wp","href":"https:\/\/api.w.org\/{rel}","templated":true}]}}