{"id":7793,"date":"2022-11-27T23:27:12","date_gmt":"2022-11-28T02:27:12","guid":{"rendered":"https:\/\/observadorserrano.com.ar\/?p=7793"},"modified":"2022-11-27T23:27:12","modified_gmt":"2022-11-28T02:27:12","slug":"se-realizo-el-ii-congreso-de-politicas-publicas-contra-las-violencias-de-genero","status":"publish","type":"post","link":"https:\/\/observadorserrano.com.ar\/?p=7793","title":{"rendered":"Se realiz\u00f3 el II Congreso de Pol\u00edticas P\u00fablicas contra las Violencias de G\u00e9nero"},"content":{"rendered":"<div class=\"pf-content\"><blockquote class=\"wp-embedded-content\" data-secret=\"9t1dL1DAuD\"><p><a href=\"http:\/\/www.celttv.com.ar\/index.php\/2022\/11\/27\/se-realizo-el-ii-congreso-de-politicas-publicas-contra-las-violencias-de-genero\/\">Se realiz\u00f3 el II Congreso de Pol\u00edticas P\u00fablicas contra las Violencias de G\u00e9nero<\/a><\/p><\/blockquote>\n<p><iframe class=\"wp-embedded-content\" sandbox=\"allow-scripts\" security=\"restricted\" style=\"position: absolute; clip: rect(1px, 1px, 1px, 1px);\" title=\"\u00abSe realiz\u00f3 el II Congreso de Pol\u00edticas P\u00fablicas contra las Violencias de G\u00e9nero\u00bb \u2014 CELTTV\" src=\"http:\/\/www.celttv.com.ar\/index.php\/2022\/11\/27\/se-realizo-el-ii-congreso-de-politicas-publicas-contra-las-violencias-de-genero\/embed\/#?secret=42bNTNzxAa#?secret=9t1dL1DAuD\" data-secret=\"9t1dL1DAuD\" width=\"500\" height=\"282\" frameborder=\"0\" marginwidth=\"0\" marginheight=\"0\" scrolling=\"no\"><\/iframe><\/p>\n<p>&nbsp;<\/p>\n<p>&nbsp;<\/p>\n<p>Se realiz\u00f3 el jueves 24 y hasta el viernes 25 en el Auditorium de Mar de Plata enmarcado en el D\u00eda Internacional de la Eliminaci\u00f3n de las Violencias contra las Mujeres.<\/p>\n<p>La apertura estuvo a cargo de la ministra del Ministerio de las Mujeres, G\u00e9neros y Diversidad de la Naci\u00f3n Ayel\u00e9n Mazzina, su par bonaerense, Estela Diaz y la subsecretaria de Pol\u00edticas contra las Violencias por Razones de G\u00e9nero, Flavia Delmas.<\/p>\n<p>El II Congreso es una instancia privilegiada para el debate y la socializaci\u00f3n del conocimiento emergente de los procesos de gesti\u00f3n y planificaci\u00f3n de pol\u00edticas p\u00fablicas destinadas a la prevenci\u00f3n, atenci\u00f3n y salida de las violencias por razones de g\u00e9nero.<\/p>\n<p>En la primera jornada se desarrollaron paneles y 10 mesas tem\u00e1ticas que reunieron a m\u00e1s de 2000 mujeres de distintos puntos de la provincia de Buenos Aires.<\/p>\n<p>La Directora de la regi\u00f3n sexta del MMPGYDS, Silvia Zaballa particip\u00f3 de la ponencia denominada \u201csilencio del r\u00edo\u201d elaborado conjuntamente con la concejala del FDT de Carmen de Patagones, Fabiola Acosta.<\/p>\n<p>Expusieron sobre\u00a0 la necesidad y la importancia de generar pol\u00edticas reparatorias tales como el cambio de denominaci\u00f3n de la escuela de canotaje del Municipio de Patagones.<\/p>\n<p>Tambi\u00e9n expondr\u00e1n el d\u00eda 24 y 25, los municipios regionales de Coronel Su\u00e1rez y Tres Arroyos.<\/p>\n<p>La jornada seguir\u00e1 con m\u00e1s de 200 ponencias en torno a distintos ejes tem\u00e1ticos y se compartir\u00e1n datos y estad\u00edsticas, experiencias de abordaje y se realizar\u00e1n anuncios de pol\u00edticas p\u00fablicas para la prevenci\u00f3n y erradicaci\u00f3n de las violencias.<\/p>\n<p><img loading=\"lazy\" class=\"alignnone size-full wp-image-7794\" src=\"https:\/\/observadorserrano.com.ar\/wp-content\/uploads\/2022\/11\/IMG_4412.jpeg\" alt=\"\" width=\"828\" height=\"543\" srcset=\"https:\/\/observadorserrano.com.ar\/wp-content\/uploads\/2022\/11\/IMG_4412.jpeg 828w, https:\/\/observadorserrano.com.ar\/wp-content\/uploads\/2022\/11\/IMG_4412-300x197.jpeg 300w, https:\/\/observadorserrano.com.ar\/wp-content\/uploads\/2022\/11\/IMG_4412-768x504.jpeg 768w, https:\/\/observadorserrano.com.ar\/wp-content\/uploads\/2022\/11\/IMG_4412-534x350.jpeg 534w, https:\/\/observadorserrano.com.ar\/wp-content\/uploads\/2022\/11\/IMG_4412-457x300.jpeg 457w, https:\/\/observadorserrano.com.ar\/wp-content\/uploads\/2022\/11\/IMG_4412-750x492.jpeg 750w\" sizes=\"(max-width: 828px) 100vw, 828px\" \/> <img loading=\"lazy\" class=\"alignnone size-noticia-750\u00d7350-recortada wp-image-7795\" src=\"https:\/\/observadorserrano.com.ar\/wp-content\/uploads\/2022\/11\/IMG_4413.jpeg\" alt=\"\" width=\"828\" height=\"541\" srcset=\"https:\/\/observadorserrano.com.ar\/wp-content\/uploads\/2022\/11\/IMG_4413.jpeg 828w, https:\/\/observadorserrano.com.ar\/wp-content\/uploads\/2022\/11\/IMG_4413-300x196.jpeg 300w, https:\/\/observadorserrano.com.ar\/wp-content\/uploads\/2022\/11\/IMG_4413-768x502.jpeg 768w, https:\/\/observadorserrano.com.ar\/wp-content\/uploads\/2022\/11\/IMG_4413-536x350.jpeg 536w, https:\/\/observadorserrano.com.ar\/wp-content\/uploads\/2022\/11\/IMG_4413-459x300.jpeg 459w, https:\/\/observadorserrano.com.ar\/wp-content\/uploads\/2022\/11\/IMG_4413-750x490.jpeg 750w\" sizes=\"(max-width: 828px) 100vw, 828px\" \/> <img loading=\"lazy\" class=\"alignnone size-noticia-750\u00d7350-recortada wp-image-7796\" src=\"https:\/\/observadorserrano.com.ar\/wp-content\/uploads\/2022\/11\/IMG_4415.jpeg\" alt=\"\" width=\"828\" height=\"546\" srcset=\"https:\/\/observadorserrano.com.ar\/wp-content\/uploads\/2022\/11\/IMG_4415.jpeg 828w, https:\/\/observadorserrano.com.ar\/wp-content\/uploads\/2022\/11\/IMG_4415-300x198.jpeg 300w, https:\/\/observadorserrano.com.ar\/wp-content\/uploads\/2022\/11\/IMG_4415-768x506.jpeg 768w, https:\/\/observadorserrano.com.ar\/wp-content\/uploads\/2022\/11\/IMG_4415-531x350.jpeg 531w, https:\/\/observadorserrano.com.ar\/wp-content\/uploads\/2022\/11\/IMG_4415-455x300.jpeg 455w, https:\/\/observadorserrano.com.ar\/wp-content\/uploads\/2022\/11\/IMG_4415-750x495.jpeg 750w\" sizes=\"(max-width: 828px) 100vw, 828px\" \/> <img loading=\"lazy\" class=\"alignnone size-noticia-750\u00d7350-recortada wp-image-7797\" src=\"https:\/\/observadorserrano.com.ar\/wp-content\/uploads\/2022\/11\/PHOTO-2022-11-24-16-55-07-1.jpg\" alt=\"\" width=\"1600\" height=\"655\" srcset=\"https:\/\/observadorserrano.com.ar\/wp-content\/uploads\/2022\/11\/PHOTO-2022-11-24-16-55-07-1.jpg 1600w, https:\/\/observadorserrano.com.ar\/wp-content\/uploads\/2022\/11\/PHOTO-2022-11-24-16-55-07-1-300x123.jpg 300w, https:\/\/observadorserrano.com.ar\/wp-content\/uploads\/2022\/11\/PHOTO-2022-11-24-16-55-07-1-768x314.jpg 768w, https:\/\/observadorserrano.com.ar\/wp-content\/uploads\/2022\/11\/PHOTO-2022-11-24-16-55-07-1-1024x419.jpg 1024w, https:\/\/observadorserrano.com.ar\/wp-content\/uploads\/2022\/11\/PHOTO-2022-11-24-16-55-07-1-1536x629.jpg 1536w, https:\/\/observadorserrano.com.ar\/wp-content\/uploads\/2022\/11\/PHOTO-2022-11-24-16-55-07-1-750x307.jpg 750w, https:\/\/observadorserrano.com.ar\/wp-content\/uploads\/2022\/11\/PHOTO-2022-11-24-16-55-07-1-650x266.jpg 650w, https:\/\/observadorserrano.com.ar\/wp-content\/uploads\/2022\/11\/PHOTO-2022-11-24-16-55-07-1-1140x467.jpg 1140w\" sizes=\"(max-width: 1600px) 100vw, 1600px\" \/> <img loading=\"lazy\" class=\"alignnone size-noticia-750\u00d7350-recortada wp-image-7798\" src=\"https:\/\/observadorserrano.com.ar\/wp-content\/uploads\/2022\/11\/PHOTO-2022-11-24-16-55-07.jpg\" alt=\"\" width=\"1600\" height=\"655\" srcset=\"https:\/\/observadorserrano.com.ar\/wp-content\/uploads\/2022\/11\/PHOTO-2022-11-24-16-55-07.jpg 1600w, https:\/\/observadorserrano.com.ar\/wp-content\/uploads\/2022\/11\/PHOTO-2022-11-24-16-55-07-300x123.jpg 300w, https:\/\/observadorserrano.com.ar\/wp-content\/uploads\/2022\/11\/PHOTO-2022-11-24-16-55-07-768x314.jpg 768w, https:\/\/observadorserrano.com.ar\/wp-content\/uploads\/2022\/11\/PHOTO-2022-11-24-16-55-07-1024x419.jpg 1024w, https:\/\/observadorserrano.com.ar\/wp-content\/uploads\/2022\/11\/PHOTO-2022-11-24-16-55-07-1536x629.jpg 1536w, https:\/\/observadorserrano.com.ar\/wp-content\/uploads\/2022\/11\/PHOTO-2022-11-24-16-55-07-750x307.jpg 750w, https:\/\/observadorserrano.com.ar\/wp-content\/uploads\/2022\/11\/PHOTO-2022-11-24-16-55-07-650x266.jpg 650w, https:\/\/observadorserrano.com.ar\/wp-content\/uploads\/2022\/11\/PHOTO-2022-11-24-16-55-07-1140x467.jpg 1140w\" sizes=\"(max-width: 1600px) 100vw, 1600px\" \/> <img loading=\"lazy\" class=\"alignnone size-noticia-750\u00d7350-recortada wp-image-7799\" src=\"https:\/\/observadorserrano.com.ar\/wp-content\/uploads\/2022\/11\/PHOTO-2022-11-24-16-55-08.jpg\" alt=\"\" width=\"1600\" height=\"655\" srcset=\"https:\/\/observadorserrano.com.ar\/wp-content\/uploads\/2022\/11\/PHOTO-2022-11-24-16-55-08.jpg 1600w, https:\/\/observadorserrano.com.ar\/wp-content\/uploads\/2022\/11\/PHOTO-2022-11-24-16-55-08-300x123.jpg 300w, https:\/\/observadorserrano.com.ar\/wp-content\/uploads\/2022\/11\/PHOTO-2022-11-24-16-55-08-768x314.jpg 768w, https:\/\/observadorserrano.com.ar\/wp-content\/uploads\/2022\/11\/PHOTO-2022-11-24-16-55-08-1024x419.jpg 1024w, https:\/\/observadorserrano.com.ar\/wp-content\/uploads\/2022\/11\/PHOTO-2022-11-24-16-55-08-1536x629.jpg 1536w, https:\/\/observadorserrano.com.ar\/wp-content\/uploads\/2022\/11\/PHOTO-2022-11-24-16-55-08-750x307.jpg 750w, https:\/\/observadorserrano.com.ar\/wp-content\/uploads\/2022\/11\/PHOTO-2022-11-24-16-55-08-650x266.jpg 650w, https:\/\/observadorserrano.com.ar\/wp-content\/uploads\/2022\/11\/PHOTO-2022-11-24-16-55-08-1140x467.jpg 1140w\" sizes=\"(max-width: 1600px) 100vw, 1600px\" \/> <img loading=\"lazy\" class=\"alignnone size-noticia-750\u00d7350-recortada wp-image-7800\" src=\"https:\/\/observadorserrano.com.ar\/wp-content\/uploads\/2022\/11\/PHOTO-2022-11-24-16-55-09-1-1.jpg\" alt=\"\" width=\"1200\" height=\"1600\" srcset=\"https:\/\/observadorserrano.com.ar\/wp-content\/uploads\/2022\/11\/PHOTO-2022-11-24-16-55-09-1-1.jpg 1200w, https:\/\/observadorserrano.com.ar\/wp-content\/uploads\/2022\/11\/PHOTO-2022-11-24-16-55-09-1-1-225x300.jpg 225w, https:\/\/observadorserrano.com.ar\/wp-content\/uploads\/2022\/11\/PHOTO-2022-11-24-16-55-09-1-1-768x1024.jpg 768w, https:\/\/observadorserrano.com.ar\/wp-content\/uploads\/2022\/11\/PHOTO-2022-11-24-16-55-09-1-1-1152x1536.jpg 1152w, https:\/\/observadorserrano.com.ar\/wp-content\/uploads\/2022\/11\/PHOTO-2022-11-24-16-55-09-1-1-263x350.jpg 263w, https:\/\/observadorserrano.com.ar\/wp-content\/uploads\/2022\/11\/PHOTO-2022-11-24-16-55-09-1-1-750x1000.jpg 750w, https:\/\/observadorserrano.com.ar\/wp-content\/uploads\/2022\/11\/PHOTO-2022-11-24-16-55-09-1-1-1140x1520.jpg 1140w\" sizes=\"(max-width: 1200px) 100vw, 1200px\" \/> <img loading=\"lazy\" class=\"alignnone size-noticia-750\u00d7350-recortada wp-image-7801\" src=\"https:\/\/observadorserrano.com.ar\/wp-content\/uploads\/2022\/11\/PHOTO-2022-11-24-16-55-09-1.jpg\" alt=\"\" width=\"1200\" height=\"1600\" srcset=\"https:\/\/observadorserrano.com.ar\/wp-content\/uploads\/2022\/11\/PHOTO-2022-11-24-16-55-09-1.jpg 1200w, https:\/\/observadorserrano.com.ar\/wp-content\/uploads\/2022\/11\/PHOTO-2022-11-24-16-55-09-1-225x300.jpg 225w, https:\/\/observadorserrano.com.ar\/wp-content\/uploads\/2022\/11\/PHOTO-2022-11-24-16-55-09-1-768x1024.jpg 768w, https:\/\/observadorserrano.com.ar\/wp-content\/uploads\/2022\/11\/PHOTO-2022-11-24-16-55-09-1-1152x1536.jpg 1152w, https:\/\/observadorserrano.com.ar\/wp-content\/uploads\/2022\/11\/PHOTO-2022-11-24-16-55-09-1-263x350.jpg 263w, https:\/\/observadorserrano.com.ar\/wp-content\/uploads\/2022\/11\/PHOTO-2022-11-24-16-55-09-1-750x1000.jpg 750w, https:\/\/observadorserrano.com.ar\/wp-content\/uploads\/2022\/11\/PHOTO-2022-11-24-16-55-09-1-1140x1520.jpg 1140w\" sizes=\"(max-width: 1200px) 100vw, 1200px\" \/> <img loading=\"lazy\" class=\"alignnone size-noticia-750\u00d7350-recortada wp-image-7802\" src=\"https:\/\/observadorserrano.com.ar\/wp-content\/uploads\/2022\/11\/PHOTO-2022-11-24-16-55-09.jpg\" alt=\"\" width=\"1200\" height=\"1600\" srcset=\"https:\/\/observadorserrano.com.ar\/wp-content\/uploads\/2022\/11\/PHOTO-2022-11-24-16-55-09.jpg 1200w, https:\/\/observadorserrano.com.ar\/wp-content\/uploads\/2022\/11\/PHOTO-2022-11-24-16-55-09-225x300.jpg 225w, https:\/\/observadorserrano.com.ar\/wp-content\/uploads\/2022\/11\/PHOTO-2022-11-24-16-55-09-768x1024.jpg 768w, https:\/\/observadorserrano.com.ar\/wp-content\/uploads\/2022\/11\/PHOTO-2022-11-24-16-55-09-1152x1536.jpg 1152w, https:\/\/observadorserrano.com.ar\/wp-content\/uploads\/2022\/11\/PHOTO-2022-11-24-16-55-09-263x350.jpg 263w, https:\/\/observadorserrano.com.ar\/wp-content\/uploads\/2022\/11\/PHOTO-2022-11-24-16-55-09-750x1000.jpg 750w, https:\/\/observadorserrano.com.ar\/wp-content\/uploads\/2022\/11\/PHOTO-2022-11-24-16-55-09-1140x1520.jpg 1140w\" sizes=\"(max-width: 1200px) 100vw, 1200px\" \/> <img loading=\"lazy\" class=\"alignnone size-noticia-750\u00d7350-recortada wp-image-7803\" src=\"https:\/\/observadorserrano.com.ar\/wp-content\/uploads\/2022\/11\/PHOTO-2022-11-24-16-55-10.jpg\" alt=\"\" width=\"1600\" height=\"655\" srcset=\"https:\/\/observadorserrano.com.ar\/wp-content\/uploads\/2022\/11\/PHOTO-2022-11-24-16-55-10.jpg 1600w, https:\/\/observadorserrano.com.ar\/wp-content\/uploads\/2022\/11\/PHOTO-2022-11-24-16-55-10-300x123.jpg 300w, https:\/\/observadorserrano.com.ar\/wp-content\/uploads\/2022\/11\/PHOTO-2022-11-24-16-55-10-768x314.jpg 768w, https:\/\/observadorserrano.com.ar\/wp-content\/uploads\/2022\/11\/PHOTO-2022-11-24-16-55-10-1024x419.jpg 1024w, https:\/\/observadorserrano.com.ar\/wp-content\/uploads\/2022\/11\/PHOTO-2022-11-24-16-55-10-1536x629.jpg 1536w, https:\/\/observadorserrano.com.ar\/wp-content\/uploads\/2022\/11\/PHOTO-2022-11-24-16-55-10-750x307.jpg 750w, https:\/\/observadorserrano.com.ar\/wp-content\/uploads\/2022\/11\/PHOTO-2022-11-24-16-55-10-650x266.jpg 650w, https:\/\/observadorserrano.com.ar\/wp-content\/uploads\/2022\/11\/PHOTO-2022-11-24-16-55-10-1140x467.jpg 1140w\" sizes=\"(max-width: 1600px) 100vw, 1600px\" \/><\/p>\n<p>&nbsp;<\/p>\n<\/div>","protected":false},"excerpt":{"rendered":"<p>Se realiz\u00f3 el II Congreso de Pol\u00edticas P\u00fablicas contra las Violencias de G\u00e9nero &nbsp; &nbsp; Se realiz\u00f3 el jueves 24 y hasta el viernes 25 en el Auditorium de Mar de Plata enmarcado en el D\u00eda Internacional de la Eliminaci\u00f3n de las Violencias contra las Mujeres. La apertura estuvo a cargo de la ministra del [&hellip;]<\/p>\n","protected":false},"author":2,"featured_media":7798,"comment_status":"closed","ping_status":"closed","sticky":false,"template":"","format":"standard","meta":[],"categories":[18,43],"tags":[1756],"_links":{"self":[{"href":"https:\/\/observadorserrano.com.ar\/index.php?rest_route=\/wp\/v2\/posts\/7793"}],"collection":[{"href":"https:\/\/observadorserrano.com.ar\/index.php?rest_route=\/wp\/v2\/posts"}],"about":[{"href":"https:\/\/observadorserrano.com.ar\/index.php?rest_route=\/wp\/v2\/types\/post"}],"author":[{"embeddable":true,"href":"https:\/\/observadorserrano.com.ar\/index.php?rest_route=\/wp\/v2\/users\/2"}],"replies":[{"embeddable":true,"href":"https:\/\/observadorserrano.com.ar\/index.php?rest_route=%2Fwp%2Fv2%2Fcomments&post=7793"}],"version-history":[{"count":1,"href":"https:\/\/observadorserrano.com.ar\/index.php?rest_route=\/wp\/v2\/posts\/7793\/revisions"}],"predecessor-version":[{"id":7804,"href":"https:\/\/observadorserrano.com.ar\/index.php?rest_route=\/wp\/v2\/posts\/7793\/revisions\/7804"}],"wp:featuredmedia":[{"embeddable":true,"href":"https:\/\/observadorserrano.com.ar\/index.php?rest_route=\/wp\/v2\/media\/7798"}],"wp:attachment":[{"href":"https:\/\/observadorserrano.com.ar\/index.php?rest_route=%2Fwp%2Fv2%2Fmedia&parent=7793"}],"wp:term":[{"taxonomy":"category","embeddable":true,"href":"https:\/\/observadorserrano.com.ar\/index.php?rest_route=%2Fwp%2Fv2%2Fcategories&post=7793"},{"taxonomy":"post_tag","embeddable":true,"href":"https:\/\/observadorserrano.com.ar\/index.php?rest_route=%2Fwp%2Fv2%2Ftags&post=7793"}],"curies":[{"name":"wp","href":"https:\/\/api.w.org\/{rel}","templated":true}]}}