{"id":7805,"date":"2022-11-27T23:48:28","date_gmt":"2022-11-28T02:48:28","guid":{"rendered":"https:\/\/observadorserrano.com.ar\/?p=7805"},"modified":"2022-11-27T23:48:28","modified_gmt":"2022-11-28T02:48:28","slug":"mini-recicladores-pasaron-por-el-galpon-de-reciclado-de-tornquist","status":"publish","type":"post","link":"https:\/\/observadorserrano.com.ar\/?p=7805","title":{"rendered":"\u201cMini Recicladores\u201d, pasaron por el Galp\u00f3n de Reciclado de Tornquist"},"content":{"rendered":"<div class=\"pf-content\"><p>http:\/\/www.celttv.com.ar\/index.php\/2022\/11\/27\/mini-recicladores-pasaron-por-el-galpon-de-reciclado-de-tornquist\/<\/p>\n<p><strong>\u201cMini Recicladores\u201d, pasaron por el Galp\u00f3n de Reciclado de Tornquist<\/strong><\/p>\n<p>La Subsecretaria de Medio Ambiente municipal, comenz\u00f3 con el nuevo proyecto de educaci\u00f3n ambiental, \u201cMini Recicladores\u201d, que involucra a la tercera secci\u00f3n de los jardines del distrito.<\/p>\n<p>D\u00edas pasados, Sala Naranja del Jard\u00edn San Francisco de As\u00eds y Sala Verde del Jard\u00edn n\u00b0907;visitaron el Galp\u00f3n de Reciclado, donde los alumnos pudieron aprender sobre los materiales reciclables, separaci\u00f3n y proceso de reutilizaci\u00f3n de los mismos; as\u00ed como tambi\u00e9n interiorizaron los conceptos de compost y eco botellas.<\/p>\n<p>A trav\u00e9s de juegos, separaron, clasificaron y enfardaron botellas pl\u00e1sticas, para comprender el proceso de reutilizaci\u00f3n de los materiales. Ambas jornadas contaron el show de Mr. Magiko; impulsado por la Secretaria de Cultura.<\/p>\n<p>Los alumnos se llevaron como obsequio una planta, cultivada en la huerta municipal de la Secretaria de Producci\u00f3n, Comercio e Industria, en una maceta pintada por los ni\u00f1os de Envi\u00f3n.<\/p>\n<p>La iniciativa fue coordinada junto a la Subsecretaria de Juventudes, Pol\u00edticas de Genero y Diversidades.<\/p>\n<p>El objetivo de este programa es convertir a los ni\u00f1os y ni\u00f1as en agentes multiplicadores, que gestionen de manera responsable los recursos y residuos eincorporen h\u00e1bitos sustentablesque sirvan para cuidar nuestra casa com\u00fan<\/p>\n<p>Es importante destacar, que el Jard\u00edn n\u00b0905 hizo su paso por el galp\u00f3n de reciclado meses atr\u00e1s; y que pronto lo har\u00e1n el resto de las salas de 5 de la ciudad de Tornquist. El pr\u00f3ximo a\u00f1o, este proyecto tendr\u00e1 continuidad con el resto de las localidades.<\/p>\n<p>La cartera ambiental agradece la predisposici\u00f3n de las instituciones educativas para acercarse a nuestro espacio, y a las docentes de cada una de las salas por su colaboraci\u00f3n en este proyecto.<\/p>\n<p>&nbsp;<\/p>\n<p><img loading=\"lazy\" class=\"alignnone size-full wp-image-7806\" src=\"https:\/\/observadorserrano.com.ar\/wp-content\/uploads\/2022\/11\/image0.jpeg\" alt=\"\" width=\"1040\" height=\"780\" srcset=\"https:\/\/observadorserrano.com.ar\/wp-content\/uploads\/2022\/11\/image0.jpeg 1040w, https:\/\/observadorserrano.com.ar\/wp-content\/uploads\/2022\/11\/image0-300x225.jpeg 300w, https:\/\/observadorserrano.com.ar\/wp-content\/uploads\/2022\/11\/image0-768x576.jpeg 768w, https:\/\/observadorserrano.com.ar\/wp-content\/uploads\/2022\/11\/image0-1024x768.jpeg 1024w, https:\/\/observadorserrano.com.ar\/wp-content\/uploads\/2022\/11\/image0-467x350.jpeg 467w, https:\/\/observadorserrano.com.ar\/wp-content\/uploads\/2022\/11\/image0-400x300.jpeg 400w, https:\/\/observadorserrano.com.ar\/wp-content\/uploads\/2022\/11\/image0-750x563.jpeg 750w\" sizes=\"(max-width: 1040px) 100vw, 1040px\" \/> <img loading=\"lazy\" class=\"alignnone size-noticia-750\u00d7350-recortada wp-image-7807\" src=\"https:\/\/observadorserrano.com.ar\/wp-content\/uploads\/2022\/11\/image3-Medium.jpeg\" alt=\"\" width=\"1024\" height=\"768\" srcset=\"https:\/\/observadorserrano.com.ar\/wp-content\/uploads\/2022\/11\/image3-Medium.jpeg 1024w, https:\/\/observadorserrano.com.ar\/wp-content\/uploads\/2022\/11\/image3-Medium-300x225.jpeg 300w, https:\/\/observadorserrano.com.ar\/wp-content\/uploads\/2022\/11\/image3-Medium-768x576.jpeg 768w, https:\/\/observadorserrano.com.ar\/wp-content\/uploads\/2022\/11\/image3-Medium-467x350.jpeg 467w, https:\/\/observadorserrano.com.ar\/wp-content\/uploads\/2022\/11\/image3-Medium-400x300.jpeg 400w, https:\/\/observadorserrano.com.ar\/wp-content\/uploads\/2022\/11\/image3-Medium-750x563.jpeg 750w\" sizes=\"(max-width: 1024px) 100vw, 1024px\" \/> <img loading=\"lazy\" class=\"alignnone size-noticia-750\u00d7350-recortada wp-image-7808\" src=\"https:\/\/observadorserrano.com.ar\/wp-content\/uploads\/2022\/11\/Recicladores-por-un-dia-1-Medium.jpg\" alt=\"\" width=\"1024\" height=\"768\" srcset=\"https:\/\/observadorserrano.com.ar\/wp-content\/uploads\/2022\/11\/Recicladores-por-un-dia-1-Medium.jpg 1024w, https:\/\/observadorserrano.com.ar\/wp-content\/uploads\/2022\/11\/Recicladores-por-un-dia-1-Medium-300x225.jpg 300w, https:\/\/observadorserrano.com.ar\/wp-content\/uploads\/2022\/11\/Recicladores-por-un-dia-1-Medium-768x576.jpg 768w, https:\/\/observadorserrano.com.ar\/wp-content\/uploads\/2022\/11\/Recicladores-por-un-dia-1-Medium-467x350.jpg 467w, https:\/\/observadorserrano.com.ar\/wp-content\/uploads\/2022\/11\/Recicladores-por-un-dia-1-Medium-400x300.jpg 400w, https:\/\/observadorserrano.com.ar\/wp-content\/uploads\/2022\/11\/Recicladores-por-un-dia-1-Medium-750x563.jpg 750w\" sizes=\"(max-width: 1024px) 100vw, 1024px\" \/> <img loading=\"lazy\" class=\"alignnone size-noticia-750\u00d7350-recortada wp-image-7809\" src=\"https:\/\/observadorserrano.com.ar\/wp-content\/uploads\/2022\/11\/Recicladores-por-un-dia-1.jpeg\" alt=\"\" width=\"1600\" height=\"900\" srcset=\"https:\/\/observadorserrano.com.ar\/wp-content\/uploads\/2022\/11\/Recicladores-por-un-dia-1.jpeg 1600w, https:\/\/observadorserrano.com.ar\/wp-content\/uploads\/2022\/11\/Recicladores-por-un-dia-1-300x169.jpeg 300w, https:\/\/observadorserrano.com.ar\/wp-content\/uploads\/2022\/11\/Recicladores-por-un-dia-1-768x432.jpeg 768w, https:\/\/observadorserrano.com.ar\/wp-content\/uploads\/2022\/11\/Recicladores-por-un-dia-1-1024x576.jpeg 1024w, https:\/\/observadorserrano.com.ar\/wp-content\/uploads\/2022\/11\/Recicladores-por-un-dia-1-1536x864.jpeg 1536w, https:\/\/observadorserrano.com.ar\/wp-content\/uploads\/2022\/11\/Recicladores-por-un-dia-1-622x350.jpeg 622w, https:\/\/observadorserrano.com.ar\/wp-content\/uploads\/2022\/11\/Recicladores-por-un-dia-1-533x300.jpeg 533w, https:\/\/observadorserrano.com.ar\/wp-content\/uploads\/2022\/11\/Recicladores-por-un-dia-1-750x422.jpeg 750w, https:\/\/observadorserrano.com.ar\/wp-content\/uploads\/2022\/11\/Recicladores-por-un-dia-1-1140x641.jpeg 1140w\" sizes=\"(max-width: 1600px) 100vw, 1600px\" \/> <img loading=\"lazy\" class=\"alignnone size-noticia-750\u00d7350-recortada wp-image-7810\" src=\"https:\/\/observadorserrano.com.ar\/wp-content\/uploads\/2022\/11\/Recicladores-por-un-dia-2-Medium.jpeg\" alt=\"\" width=\"1365\" height=\"768\" srcset=\"https:\/\/observadorserrano.com.ar\/wp-content\/uploads\/2022\/11\/Recicladores-por-un-dia-2-Medium.jpeg 1365w, https:\/\/observadorserrano.com.ar\/wp-content\/uploads\/2022\/11\/Recicladores-por-un-dia-2-Medium-300x169.jpeg 300w, https:\/\/observadorserrano.com.ar\/wp-content\/uploads\/2022\/11\/Recicladores-por-un-dia-2-Medium-768x432.jpeg 768w, https:\/\/observadorserrano.com.ar\/wp-content\/uploads\/2022\/11\/Recicladores-por-un-dia-2-Medium-1024x576.jpeg 1024w, https:\/\/observadorserrano.com.ar\/wp-content\/uploads\/2022\/11\/Recicladores-por-un-dia-2-Medium-622x350.jpeg 622w, https:\/\/observadorserrano.com.ar\/wp-content\/uploads\/2022\/11\/Recicladores-por-un-dia-2-Medium-533x300.jpeg 533w, https:\/\/observadorserrano.com.ar\/wp-content\/uploads\/2022\/11\/Recicladores-por-un-dia-2-Medium-750x422.jpeg 750w, https:\/\/observadorserrano.com.ar\/wp-content\/uploads\/2022\/11\/Recicladores-por-un-dia-2-Medium-1140x641.jpeg 1140w\" sizes=\"(max-width: 1365px) 100vw, 1365px\" \/> <img loading=\"lazy\" class=\"alignnone size-noticia-750\u00d7350-recortada wp-image-7811\" src=\"https:\/\/observadorserrano.com.ar\/wp-content\/uploads\/2022\/11\/Recicladores-por-un-dia-4-Medium.jpeg\" alt=\"\" width=\"1364\" height=\"768\" srcset=\"https:\/\/observadorserrano.com.ar\/wp-content\/uploads\/2022\/11\/Recicladores-por-un-dia-4-Medium.jpeg 1364w, https:\/\/observadorserrano.com.ar\/wp-content\/uploads\/2022\/11\/Recicladores-por-un-dia-4-Medium-300x169.jpeg 300w, https:\/\/observadorserrano.com.ar\/wp-content\/uploads\/2022\/11\/Recicladores-por-un-dia-4-Medium-768x432.jpeg 768w, https:\/\/observadorserrano.com.ar\/wp-content\/uploads\/2022\/11\/Recicladores-por-un-dia-4-Medium-1024x577.jpeg 1024w, https:\/\/observadorserrano.com.ar\/wp-content\/uploads\/2022\/11\/Recicladores-por-un-dia-4-Medium-622x350.jpeg 622w, https:\/\/observadorserrano.com.ar\/wp-content\/uploads\/2022\/11\/Recicladores-por-un-dia-4-Medium-533x300.jpeg 533w, https:\/\/observadorserrano.com.ar\/wp-content\/uploads\/2022\/11\/Recicladores-por-un-dia-4-Medium-750x422.jpeg 750w, https:\/\/observadorserrano.com.ar\/wp-content\/uploads\/2022\/11\/Recicladores-por-un-dia-4-Medium-1140x642.jpeg 1140w\" sizes=\"(max-width: 1364px) 100vw, 1364px\" \/> <img loading=\"lazy\" class=\"alignnone size-noticia-750\u00d7350-recortada wp-image-7812\" src=\"https:\/\/observadorserrano.com.ar\/wp-content\/uploads\/2022\/11\/Recicladores-por-un-dia-13-Medium.jpg\" alt=\"\" width=\"1024\" height=\"768\" srcset=\"https:\/\/observadorserrano.com.ar\/wp-content\/uploads\/2022\/11\/Recicladores-por-un-dia-13-Medium.jpg 1024w, https:\/\/observadorserrano.com.ar\/wp-content\/uploads\/2022\/11\/Recicladores-por-un-dia-13-Medium-300x225.jpg 300w, https:\/\/observadorserrano.com.ar\/wp-content\/uploads\/2022\/11\/Recicladores-por-un-dia-13-Medium-768x576.jpg 768w, https:\/\/observadorserrano.com.ar\/wp-content\/uploads\/2022\/11\/Recicladores-por-un-dia-13-Medium-467x350.jpg 467w, https:\/\/observadorserrano.com.ar\/wp-content\/uploads\/2022\/11\/Recicladores-por-un-dia-13-Medium-400x300.jpg 400w, https:\/\/observadorserrano.com.ar\/wp-content\/uploads\/2022\/11\/Recicladores-por-un-dia-13-Medium-750x563.jpg 750w\" sizes=\"(max-width: 1024px) 100vw, 1024px\" \/> <img loading=\"lazy\" class=\"alignnone size-noticia-750\u00d7350-recortada wp-image-7813\" src=\"https:\/\/observadorserrano.com.ar\/wp-content\/uploads\/2022\/11\/Recicladores-por-un-dia-14-Medium.jpg\" alt=\"\" width=\"1024\" height=\"768\" srcset=\"https:\/\/observadorserrano.com.ar\/wp-content\/uploads\/2022\/11\/Recicladores-por-un-dia-14-Medium.jpg 1024w, https:\/\/observadorserrano.com.ar\/wp-content\/uploads\/2022\/11\/Recicladores-por-un-dia-14-Medium-300x225.jpg 300w, https:\/\/observadorserrano.com.ar\/wp-content\/uploads\/2022\/11\/Recicladores-por-un-dia-14-Medium-768x576.jpg 768w, https:\/\/observadorserrano.com.ar\/wp-content\/uploads\/2022\/11\/Recicladores-por-un-dia-14-Medium-467x350.jpg 467w, https:\/\/observadorserrano.com.ar\/wp-content\/uploads\/2022\/11\/Recicladores-por-un-dia-14-Medium-400x300.jpg 400w, https:\/\/observadorserrano.com.ar\/wp-content\/uploads\/2022\/11\/Recicladores-por-un-dia-14-Medium-750x563.jpg 750w\" sizes=\"(max-width: 1024px) 100vw, 1024px\" \/> <img loading=\"lazy\" class=\"alignnone size-noticia-750\u00d7350-recortada wp-image-7814\" src=\"https:\/\/observadorserrano.com.ar\/wp-content\/uploads\/2022\/11\/Recicladores-por-un-dia-15-Medium.jpg\" alt=\"\" width=\"1024\" height=\"768\" srcset=\"https:\/\/observadorserrano.com.ar\/wp-content\/uploads\/2022\/11\/Recicladores-por-un-dia-15-Medium.jpg 1024w, https:\/\/observadorserrano.com.ar\/wp-content\/uploads\/2022\/11\/Recicladores-por-un-dia-15-Medium-300x225.jpg 300w, https:\/\/observadorserrano.com.ar\/wp-content\/uploads\/2022\/11\/Recicladores-por-un-dia-15-Medium-768x576.jpg 768w, https:\/\/observadorserrano.com.ar\/wp-content\/uploads\/2022\/11\/Recicladores-por-un-dia-15-Medium-467x350.jpg 467w, https:\/\/observadorserrano.com.ar\/wp-content\/uploads\/2022\/11\/Recicladores-por-un-dia-15-Medium-400x300.jpg 400w, https:\/\/observadorserrano.com.ar\/wp-content\/uploads\/2022\/11\/Recicladores-por-un-dia-15-Medium-750x563.jpg 750w\" sizes=\"(max-width: 1024px) 100vw, 1024px\" \/> <img loading=\"lazy\" class=\"alignnone size-noticia-750\u00d7350-recortada wp-image-7815\" src=\"https:\/\/observadorserrano.com.ar\/wp-content\/uploads\/2022\/11\/Recicladores-por-un-dia-16-Medium.jpg\" alt=\"\" width=\"1024\" height=\"768\" srcset=\"https:\/\/observadorserrano.com.ar\/wp-content\/uploads\/2022\/11\/Recicladores-por-un-dia-16-Medium.jpg 1024w, https:\/\/observadorserrano.com.ar\/wp-content\/uploads\/2022\/11\/Recicladores-por-un-dia-16-Medium-300x225.jpg 300w, https:\/\/observadorserrano.com.ar\/wp-content\/uploads\/2022\/11\/Recicladores-por-un-dia-16-Medium-768x576.jpg 768w, https:\/\/observadorserrano.com.ar\/wp-content\/uploads\/2022\/11\/Recicladores-por-un-dia-16-Medium-467x350.jpg 467w, https:\/\/observadorserrano.com.ar\/wp-content\/uploads\/2022\/11\/Recicladores-por-un-dia-16-Medium-400x300.jpg 400w, https:\/\/observadorserrano.com.ar\/wp-content\/uploads\/2022\/11\/Recicladores-por-un-dia-16-Medium-750x563.jpg 750w\" sizes=\"(max-width: 1024px) 100vw, 1024px\" \/> <img loading=\"lazy\" class=\"alignnone size-noticia-750\u00d7350-recortada wp-image-7816\" src=\"https:\/\/observadorserrano.com.ar\/wp-content\/uploads\/2022\/11\/Recicladores-por-un-dia-17-Medium.jpg\" alt=\"\" width=\"1024\" height=\"768\" srcset=\"https:\/\/observadorserrano.com.ar\/wp-content\/uploads\/2022\/11\/Recicladores-por-un-dia-17-Medium.jpg 1024w, https:\/\/observadorserrano.com.ar\/wp-content\/uploads\/2022\/11\/Recicladores-por-un-dia-17-Medium-300x225.jpg 300w, https:\/\/observadorserrano.com.ar\/wp-content\/uploads\/2022\/11\/Recicladores-por-un-dia-17-Medium-768x576.jpg 768w, https:\/\/observadorserrano.com.ar\/wp-content\/uploads\/2022\/11\/Recicladores-por-un-dia-17-Medium-467x350.jpg 467w, https:\/\/observadorserrano.com.ar\/wp-content\/uploads\/2022\/11\/Recicladores-por-un-dia-17-Medium-400x300.jpg 400w, https:\/\/observadorserrano.com.ar\/wp-content\/uploads\/2022\/11\/Recicladores-por-un-dia-17-Medium-750x563.jpg 750w\" sizes=\"(max-width: 1024px) 100vw, 1024px\" \/> <img loading=\"lazy\" class=\"alignnone size-noticia-750\u00d7350-recortada wp-image-7817\" src=\"https:\/\/observadorserrano.com.ar\/wp-content\/uploads\/2022\/11\/Recicladores-por-un-dia-18-Medium.jpg\" alt=\"\" width=\"1024\" height=\"768\" srcset=\"https:\/\/observadorserrano.com.ar\/wp-content\/uploads\/2022\/11\/Recicladores-por-un-dia-18-Medium.jpg 1024w, https:\/\/observadorserrano.com.ar\/wp-content\/uploads\/2022\/11\/Recicladores-por-un-dia-18-Medium-300x225.jpg 300w, https:\/\/observadorserrano.com.ar\/wp-content\/uploads\/2022\/11\/Recicladores-por-un-dia-18-Medium-768x576.jpg 768w, https:\/\/observadorserrano.com.ar\/wp-content\/uploads\/2022\/11\/Recicladores-por-un-dia-18-Medium-467x350.jpg 467w, https:\/\/observadorserrano.com.ar\/wp-content\/uploads\/2022\/11\/Recicladores-por-un-dia-18-Medium-400x300.jpg 400w, https:\/\/observadorserrano.com.ar\/wp-content\/uploads\/2022\/11\/Recicladores-por-un-dia-18-Medium-750x563.jpg 750w\" sizes=\"(max-width: 1024px) 100vw, 1024px\" \/> <img loading=\"lazy\" class=\"alignnone size-noticia-750\u00d7350-recortada wp-image-7818\" src=\"https:\/\/observadorserrano.com.ar\/wp-content\/uploads\/2022\/11\/Recicladores-por-un-dia-19-Medium.jpg\" alt=\"\" width=\"1024\" height=\"768\" srcset=\"https:\/\/observadorserrano.com.ar\/wp-content\/uploads\/2022\/11\/Recicladores-por-un-dia-19-Medium.jpg 1024w, https:\/\/observadorserrano.com.ar\/wp-content\/uploads\/2022\/11\/Recicladores-por-un-dia-19-Medium-300x225.jpg 300w, https:\/\/observadorserrano.com.ar\/wp-content\/uploads\/2022\/11\/Recicladores-por-un-dia-19-Medium-768x576.jpg 768w, https:\/\/observadorserrano.com.ar\/wp-content\/uploads\/2022\/11\/Recicladores-por-un-dia-19-Medium-467x350.jpg 467w, https:\/\/observadorserrano.com.ar\/wp-content\/uploads\/2022\/11\/Recicladores-por-un-dia-19-Medium-400x300.jpg 400w, https:\/\/observadorserrano.com.ar\/wp-content\/uploads\/2022\/11\/Recicladores-por-un-dia-19-Medium-750x563.jpg 750w\" sizes=\"(max-width: 1024px) 100vw, 1024px\" \/> <img loading=\"lazy\" class=\"alignnone size-noticia-750\u00d7350-recortada wp-image-7819\" src=\"https:\/\/observadorserrano.com.ar\/wp-content\/uploads\/2022\/11\/Recicladores-por-un-dia-20-Medium.jpg\" alt=\"\" width=\"1024\" height=\"768\" srcset=\"https:\/\/observadorserrano.com.ar\/wp-content\/uploads\/2022\/11\/Recicladores-por-un-dia-20-Medium.jpg 1024w, https:\/\/observadorserrano.com.ar\/wp-content\/uploads\/2022\/11\/Recicladores-por-un-dia-20-Medium-300x225.jpg 300w, https:\/\/observadorserrano.com.ar\/wp-content\/uploads\/2022\/11\/Recicladores-por-un-dia-20-Medium-768x576.jpg 768w, https:\/\/observadorserrano.com.ar\/wp-content\/uploads\/2022\/11\/Recicladores-por-un-dia-20-Medium-467x350.jpg 467w, https:\/\/observadorserrano.com.ar\/wp-content\/uploads\/2022\/11\/Recicladores-por-un-dia-20-Medium-400x300.jpg 400w, https:\/\/observadorserrano.com.ar\/wp-content\/uploads\/2022\/11\/Recicladores-por-un-dia-20-Medium-750x563.jpg 750w\" sizes=\"(max-width: 1024px) 100vw, 1024px\" \/> <img loading=\"lazy\" class=\"alignnone size-noticia-750\u00d7350-recortada wp-image-7821\" src=\"https:\/\/observadorserrano.com.ar\/wp-content\/uploads\/2022\/11\/Recicladores-por-un-dia-22-Medium.jpg\" alt=\"\" width=\"1024\" height=\"768\" srcset=\"https:\/\/observadorserrano.com.ar\/wp-content\/uploads\/2022\/11\/Recicladores-por-un-dia-22-Medium.jpg 1024w, https:\/\/observadorserrano.com.ar\/wp-content\/uploads\/2022\/11\/Recicladores-por-un-dia-22-Medium-300x225.jpg 300w, https:\/\/observadorserrano.com.ar\/wp-content\/uploads\/2022\/11\/Recicladores-por-un-dia-22-Medium-768x576.jpg 768w, https:\/\/observadorserrano.com.ar\/wp-content\/uploads\/2022\/11\/Recicladores-por-un-dia-22-Medium-467x350.jpg 467w, https:\/\/observadorserrano.com.ar\/wp-content\/uploads\/2022\/11\/Recicladores-por-un-dia-22-Medium-400x300.jpg 400w, https:\/\/observadorserrano.com.ar\/wp-content\/uploads\/2022\/11\/Recicladores-por-un-dia-22-Medium-750x563.jpg 750w\" sizes=\"(max-width: 1024px) 100vw, 1024px\" \/> <img loading=\"lazy\" class=\"alignnone size-noticia-750\u00d7350-recortada wp-image-7822\" src=\"https:\/\/observadorserrano.com.ar\/wp-content\/uploads\/2022\/11\/Recicladores-por-un-dia-23-Medium.jpg\" alt=\"\" width=\"1024\" height=\"768\" srcset=\"https:\/\/observadorserrano.com.ar\/wp-content\/uploads\/2022\/11\/Recicladores-por-un-dia-23-Medium.jpg 1024w, https:\/\/observadorserrano.com.ar\/wp-content\/uploads\/2022\/11\/Recicladores-por-un-dia-23-Medium-300x225.jpg 300w, https:\/\/observadorserrano.com.ar\/wp-content\/uploads\/2022\/11\/Recicladores-por-un-dia-23-Medium-768x576.jpg 768w, https:\/\/observadorserrano.com.ar\/wp-content\/uploads\/2022\/11\/Recicladores-por-un-dia-23-Medium-467x350.jpg 467w, https:\/\/observadorserrano.com.ar\/wp-content\/uploads\/2022\/11\/Recicladores-por-un-dia-23-Medium-400x300.jpg 400w, https:\/\/observadorserrano.com.ar\/wp-content\/uploads\/2022\/11\/Recicladores-por-un-dia-23-Medium-750x563.jpg 750w\" sizes=\"(max-width: 1024px) 100vw, 1024px\" \/> <img loading=\"lazy\" class=\"alignnone size-noticia-750\u00d7350-recortada wp-image-7823\" src=\"https:\/\/observadorserrano.com.ar\/wp-content\/uploads\/2022\/11\/Recicladores-por-un-dia-24-Medium.jpg\" alt=\"\" width=\"1024\" height=\"768\" srcset=\"https:\/\/observadorserrano.com.ar\/wp-content\/uploads\/2022\/11\/Recicladores-por-un-dia-24-Medium.jpg 1024w, https:\/\/observadorserrano.com.ar\/wp-content\/uploads\/2022\/11\/Recicladores-por-un-dia-24-Medium-300x225.jpg 300w, https:\/\/observadorserrano.com.ar\/wp-content\/uploads\/2022\/11\/Recicladores-por-un-dia-24-Medium-768x576.jpg 768w, https:\/\/observadorserrano.com.ar\/wp-content\/uploads\/2022\/11\/Recicladores-por-un-dia-24-Medium-467x350.jpg 467w, https:\/\/observadorserrano.com.ar\/wp-content\/uploads\/2022\/11\/Recicladores-por-un-dia-24-Medium-400x300.jpg 400w, https:\/\/observadorserrano.com.ar\/wp-content\/uploads\/2022\/11\/Recicladores-por-un-dia-24-Medium-750x563.jpg 750w\" sizes=\"(max-width: 1024px) 100vw, 1024px\" \/> \u00a0<img loading=\"lazy\" class=\"alignnone size-noticia-750\u00d7350-recortada wp-image-7825\" src=\"https:\/\/observadorserrano.com.ar\/wp-content\/uploads\/2022\/11\/Recicladores-por-un-dia-26-Medium.jpg\" alt=\"\" width=\"1024\" height=\"768\" srcset=\"https:\/\/observadorserrano.com.ar\/wp-content\/uploads\/2022\/11\/Recicladores-por-un-dia-26-Medium.jpg 1024w, https:\/\/observadorserrano.com.ar\/wp-content\/uploads\/2022\/11\/Recicladores-por-un-dia-26-Medium-300x225.jpg 300w, https:\/\/observadorserrano.com.ar\/wp-content\/uploads\/2022\/11\/Recicladores-por-un-dia-26-Medium-768x576.jpg 768w, https:\/\/observadorserrano.com.ar\/wp-content\/uploads\/2022\/11\/Recicladores-por-un-dia-26-Medium-467x350.jpg 467w, https:\/\/observadorserrano.com.ar\/wp-content\/uploads\/2022\/11\/Recicladores-por-un-dia-26-Medium-400x300.jpg 400w, https:\/\/observadorserrano.com.ar\/wp-content\/uploads\/2022\/11\/Recicladores-por-un-dia-26-Medium-750x563.jpg 750w\" sizes=\"(max-width: 1024px) 100vw, 1024px\" \/><\/p>\n<p>&nbsp;<\/p>\n<p>&nbsp;<\/p>\n<\/div>","protected":false},"excerpt":{"rendered":"<p>http:\/\/www.celttv.com.ar\/index.php\/2022\/11\/27\/mini-recicladores-pasaron-por-el-galpon-de-reciclado-de-tornquist\/ \u201cMini Recicladores\u201d, pasaron por el Galp\u00f3n de Reciclado de Tornquist La Subsecretaria de Medio Ambiente municipal, comenz\u00f3 con el nuevo proyecto de educaci\u00f3n ambiental, \u201cMini Recicladores\u201d, que involucra a la tercera secci\u00f3n de los jardines del distrito. D\u00edas pasados, Sala Naranja del Jard\u00edn San Francisco de As\u00eds y Sala Verde del Jard\u00edn n\u00b0907;visitaron el [&hellip;]<\/p>\n","protected":false},"author":2,"featured_media":7807,"comment_status":"closed","ping_status":"closed","sticky":false,"template":"","format":"standard","meta":[],"categories":[19,43,519,45,8],"tags":[1757,1758],"_links":{"self":[{"href":"https:\/\/observadorserrano.com.ar\/index.php?rest_route=\/wp\/v2\/posts\/7805"}],"collection":[{"href":"https:\/\/observadorserrano.com.ar\/index.php?rest_route=\/wp\/v2\/posts"}],"about":[{"href":"https:\/\/observadorserrano.com.ar\/index.php?rest_route=\/wp\/v2\/types\/post"}],"author":[{"embeddable":true,"href":"https:\/\/observadorserrano.com.ar\/index.php?rest_route=\/wp\/v2\/users\/2"}],"replies":[{"embeddable":true,"href":"https:\/\/observadorserrano.com.ar\/index.php?rest_route=%2Fwp%2Fv2%2Fcomments&post=7805"}],"version-history":[{"count":2,"href":"https:\/\/observadorserrano.com.ar\/index.php?rest_route=\/wp\/v2\/posts\/7805\/revisions"}],"predecessor-version":[{"id":7827,"href":"https:\/\/observadorserrano.com.ar\/index.php?rest_route=\/wp\/v2\/posts\/7805\/revisions\/7827"}],"wp:featuredmedia":[{"embeddable":true,"href":"https:\/\/observadorserrano.com.ar\/index.php?rest_route=\/wp\/v2\/media\/7807"}],"wp:attachment":[{"href":"https:\/\/observadorserrano.com.ar\/index.php?rest_route=%2Fwp%2Fv2%2Fmedia&parent=7805"}],"wp:term":[{"taxonomy":"category","embeddable":true,"href":"https:\/\/observadorserrano.com.ar\/index.php?rest_route=%2Fwp%2Fv2%2Fcategories&post=7805"},{"taxonomy":"post_tag","embeddable":true,"href":"https:\/\/observadorserrano.com.ar\/index.php?rest_route=%2Fwp%2Fv2%2Ftags&post=7805"}],"curies":[{"name":"wp","href":"https:\/\/api.w.org\/{rel}","templated":true}]}}