{"id":8597,"date":"2023-01-17T19:40:54","date_gmt":"2023-01-17T22:40:54","guid":{"rendered":"https:\/\/observadorserrano.com.ar\/?p=8597"},"modified":"2023-01-17T20:03:42","modified_gmt":"2023-01-17T23:03:42","slug":"sierra-de-la-ventana-ya-se-podra-realizar-el-tramite-de-dni-y-pasaporte-en-el-registro-de-las-personas","status":"publish","type":"post","link":"https:\/\/observadorserrano.com.ar\/?p=8597","title":{"rendered":"Sierra de la Ventana: ya se podr\u00e1 realizar el tramite de DNI y pasaporte en el Registro de las Personas"},"content":{"rendered":"<div class=\"pf-content\"><blockquote class=\"wp-embedded-content\" data-secret=\"WHBayCcbH5\"><p><a href=\"http:\/\/www.celttv.com.ar\/index.php\/2023\/01\/17\/sierra-de-la-ventana-ya-se-podra-realizar-el-tramite-de-dni-y-pasaporte-en-el-registro-de-las-personas\/\">Sierra de la Ventana: ya se podr\u00e1 realizar el tramite de DNI y pasaporte en el Registro de las Personas<\/a><\/p><\/blockquote>\n<p><iframe class=\"wp-embedded-content\" sandbox=\"allow-scripts\" security=\"restricted\" style=\"position: absolute; clip: rect(1px, 1px, 1px, 1px);\" title=\"\u00abSierra de la Ventana: ya se podr\u00e1 realizar el tramite de DNI y pasaporte en el Registro de las Personas\u00bb \u2014 CELTTV\" src=\"http:\/\/www.celttv.com.ar\/index.php\/2023\/01\/17\/sierra-de-la-ventana-ya-se-podra-realizar-el-tramite-de-dni-y-pasaporte-en-el-registro-de-las-personas\/embed\/#?secret=I2Hl7630r6#?secret=WHBayCcbH5\" data-secret=\"WHBayCcbH5\" width=\"500\" height=\"282\" frameborder=\"0\" marginwidth=\"0\" marginheight=\"0\" scrolling=\"no\"><\/iframe><\/p>\n<p>Este martes, el intendente municipal Sergio Bordoni, recibi\u00f3 al Director Provincial del Registro de las Personas de la Provincia de Buenos Aires, Mariano Rios Ordo\u00f1ez, en la delegaci\u00f3n de la localidad de Sierra de la Ventana.<\/p>\n<p>La visita del funcionario provincial se da en el marco del 115 \u00ba aniversario y como respuesta a las gestiones del jefe comunal, de contar con equipamiento para la realizaci\u00f3n de DNI y Pasaporte ciudad serrana.<\/p>\n<p>El equipo inform\u00e1tico que fue entregado esta tarde permitir\u00e1 a los vecinos y vecinas, as\u00ed como tambi\u00e9n a los turistas, realizar sus tr\u00e1mites de forma m\u00e1s \u00e1gil y sencilla sin necesidad de trasladarse a Saldungaray o Tornquist.<\/p>\n<p>La entrega est\u00e1 encuadrada dentro del Plan Federal de Actualizaci\u00f3n Tecnol\u00f3gica, a trav\u00e9s de la cual RENAPER brinda a los Registros Civiles de todo el pa\u00eds, un servicio m\u00e1s federal, inclusivo y equitativo en t\u00e9rminos de acceso \u00a0a la identidad.<\/p>\n<p>El jefe comunal, que estuvo acompa\u00f1ado por el Delegado Local Hugo Polvara, el Delegado de Saldungaray Gerardo Rohlman, el Asesor Legal del municipio Andr\u00e9s Buschi, y la Secretar\u00eda de Hacienda, Estefania Bordoni; agradeci\u00f3 la pronta respuesta de la Ministra de Gobierno, Cristina Alvarez Rodriguez, para acercar un servicio necesario e indispensable para la comunidad de Sierra de la Ventana.<\/p>\n<\/div>","protected":false},"excerpt":{"rendered":"<p>Sierra de la Ventana: ya se podr\u00e1 realizar el tramite de DNI y pasaporte en el Registro de las Personas Este martes, el intendente municipal Sergio Bordoni, recibi\u00f3 al Director Provincial del Registro de las Personas de la Provincia de Buenos Aires, Mariano Rios Ordo\u00f1ez, en la delegaci\u00f3n de la localidad de Sierra de la [&hellip;]<\/p>\n","protected":false},"author":2,"featured_media":8598,"comment_status":"closed","ping_status":"closed","sticky":false,"template":"","format":"standard","meta":[],"categories":[18,43,45],"tags":[1873,1876,1872,1875,1874],"_links":{"self":[{"href":"https:\/\/observadorserrano.com.ar\/index.php?rest_route=\/wp\/v2\/posts\/8597"}],"collection":[{"href":"https:\/\/observadorserrano.com.ar\/index.php?rest_route=\/wp\/v2\/posts"}],"about":[{"href":"https:\/\/observadorserrano.com.ar\/index.php?rest_route=\/wp\/v2\/types\/post"}],"author":[{"embeddable":true,"href":"https:\/\/observadorserrano.com.ar\/index.php?rest_route=\/wp\/v2\/users\/2"}],"replies":[{"embeddable":true,"href":"https:\/\/observadorserrano.com.ar\/index.php?rest_route=%2Fwp%2Fv2%2Fcomments&post=8597"}],"version-history":[{"count":2,"href":"https:\/\/observadorserrano.com.ar\/index.php?rest_route=\/wp\/v2\/posts\/8597\/revisions"}],"predecessor-version":[{"id":8600,"href":"https:\/\/observadorserrano.com.ar\/index.php?rest_route=\/wp\/v2\/posts\/8597\/revisions\/8600"}],"wp:featuredmedia":[{"embeddable":true,"href":"https:\/\/observadorserrano.com.ar\/index.php?rest_route=\/wp\/v2\/media\/8598"}],"wp:attachment":[{"href":"https:\/\/observadorserrano.com.ar\/index.php?rest_route=%2Fwp%2Fv2%2Fmedia&parent=8597"}],"wp:term":[{"taxonomy":"category","embeddable":true,"href":"https:\/\/observadorserrano.com.ar\/index.php?rest_route=%2Fwp%2Fv2%2Fcategories&post=8597"},{"taxonomy":"post_tag","embeddable":true,"href":"https:\/\/observadorserrano.com.ar\/index.php?rest_route=%2Fwp%2Fv2%2Ftags&post=8597"}],"curies":[{"name":"wp","href":"https:\/\/api.w.org\/{rel}","templated":true}]}}