{"id":8601,"date":"2023-01-18T17:51:30","date_gmt":"2023-01-18T20:51:30","guid":{"rendered":"https:\/\/observadorserrano.com.ar\/?p=8601"},"modified":"2023-01-18T17:51:30","modified_gmt":"2023-01-18T20:51:30","slug":"avanza-la-implementacion-del-programa-municipios-por-la-igualdad","status":"publish","type":"post","link":"https:\/\/observadorserrano.com.ar\/?p=8601","title":{"rendered":"Avanza la implementaci\u00f3n del programa \u201cMunicipios por la Igualdad\u201d"},"content":{"rendered":"<div class=\"pf-content\"><blockquote class=\"wp-embedded-content\" data-secret=\"P0sah0LrYc\"><p><a href=\"http:\/\/www.celttv.com.ar\/index.php\/2023\/01\/18\/avanza-la-implementacion-del-programa-municipios-por-la-igualdad\/\">Avanza la implementaci\u00f3n del programa \u201cMunicipios por la Igualdad\u201d<\/a><\/p><\/blockquote>\n<p><iframe class=\"wp-embedded-content\" sandbox=\"allow-scripts\" security=\"restricted\" style=\"position: absolute; clip: rect(1px, 1px, 1px, 1px);\" title=\"\u00abAvanza la implementaci\u00f3n del programa \u201cMunicipios por la Igualdad\u201d\u00bb \u2014 CELTTV\" src=\"http:\/\/www.celttv.com.ar\/index.php\/2023\/01\/18\/avanza-la-implementacion-del-programa-municipios-por-la-igualdad\/embed\/#?secret=t1ITkW4tH3#?secret=P0sah0LrYc\" data-secret=\"P0sah0LrYc\" width=\"500\" height=\"282\" frameborder=\"0\" marginwidth=\"0\" marginheight=\"0\" scrolling=\"no\"><\/iframe><\/p>\n<p>Este martes, el Subsecretario de Hacienda Bruno Zacconi y la Subsecretaria de Juventudes, Pol\u00edticas de G\u00e9nero y Diversidades, Daniela Aguilar; recorrieron las instalaciones del cuartel de Bomberos Voluntarios de Tornquist, junto a los miembros de la instituci\u00f3n y la Directora Regional de la Sexta Secci\u00f3n del Ministerio de Mujeres, Pol\u00edticas de G\u00e9nero y Diversidad Sexual, Silvia Zaballa;y conversaron sobre las obras de infraestructura que se llevar\u00e1n adelante gracias al Programa \u201cMunicipios por la Igualdad\u201d.<\/p>\n<p>En el lugar fueron recibidos por el presidente de la asociaci\u00f3n bomberil, Julio Nicolini; con quien dialogaron sobre la implementaci\u00f3n del mencionado programa, que es impulsado por Subsecretar\u00eda de Pol\u00edticas Transversales de G\u00e9nero para contribuir a la plena igualdad jur\u00eddica, social, econ\u00f3mica, laboral, cultural y erradicar la discriminaci\u00f3n contra las mujeres y personas LGTBI+.<\/p>\n<p>El convenio rubricado por el intendente Sergio Bordoni junto al Gobernador de la Provincia de Buenos Aire, Axel Kicillof; brindar\u00e1 el financiamiento para construcci\u00f3n de sanitarios y vestuarios en el cuartel local, lo que permitir\u00e1 el ingreso y permanencia de mujeres al cuerpo activo de la instituci\u00f3n.<\/p>\n<p><img loading=\"lazy\" class=\"alignnone size-full wp-image-8603\" src=\"https:\/\/observadorserrano.com.ar\/wp-content\/uploads\/2023\/01\/bomberos1-Medium.jpeg\" alt=\"\" width=\"768\" height=\"1024\" srcset=\"https:\/\/observadorserrano.com.ar\/wp-content\/uploads\/2023\/01\/bomberos1-Medium.jpeg 768w, https:\/\/observadorserrano.com.ar\/wp-content\/uploads\/2023\/01\/bomberos1-Medium-225x300.jpeg 225w, https:\/\/observadorserrano.com.ar\/wp-content\/uploads\/2023\/01\/bomberos1-Medium-263x350.jpeg 263w, https:\/\/observadorserrano.com.ar\/wp-content\/uploads\/2023\/01\/bomberos1-Medium-750x1000.jpeg 750w\" sizes=\"(max-width: 768px) 100vw, 768px\" \/> <img loading=\"lazy\" class=\"alignnone size-full wp-image-8602\" src=\"https:\/\/observadorserrano.com.ar\/wp-content\/uploads\/2023\/01\/bomberos.jpeg\" alt=\"\" width=\"1600\" height=\"1204\" srcset=\"https:\/\/observadorserrano.com.ar\/wp-content\/uploads\/2023\/01\/bomberos.jpeg 1600w, https:\/\/observadorserrano.com.ar\/wp-content\/uploads\/2023\/01\/bomberos-300x226.jpeg 300w, https:\/\/observadorserrano.com.ar\/wp-content\/uploads\/2023\/01\/bomberos-768x578.jpeg 768w, https:\/\/observadorserrano.com.ar\/wp-content\/uploads\/2023\/01\/bomberos-1024x771.jpeg 1024w, https:\/\/observadorserrano.com.ar\/wp-content\/uploads\/2023\/01\/bomberos-1536x1156.jpeg 1536w, https:\/\/observadorserrano.com.ar\/wp-content\/uploads\/2023\/01\/bomberos-465x350.jpeg 465w, https:\/\/observadorserrano.com.ar\/wp-content\/uploads\/2023\/01\/bomberos-399x300.jpeg 399w, https:\/\/observadorserrano.com.ar\/wp-content\/uploads\/2023\/01\/bomberos-750x564.jpeg 750w, https:\/\/observadorserrano.com.ar\/wp-content\/uploads\/2023\/01\/bomberos-1140x858.jpeg 1140w\" sizes=\"(max-width: 1600px) 100vw, 1600px\" \/><\/p>\n<\/div>","protected":false},"excerpt":{"rendered":"<p>Avanza la implementaci\u00f3n del programa \u201cMunicipios por la Igualdad\u201d Este martes, el Subsecretario de Hacienda Bruno Zacconi y la Subsecretaria de Juventudes, Pol\u00edticas de G\u00e9nero y Diversidades, Daniela Aguilar; recorrieron las instalaciones del cuartel de Bomberos Voluntarios de Tornquist, junto a los miembros de la instituci\u00f3n y la Directora Regional de la Sexta Secci\u00f3n del [&hellip;]<\/p>\n","protected":false},"author":2,"featured_media":8603,"comment_status":"closed","ping_status":"closed","sticky":false,"template":"","format":"standard","meta":[],"categories":[18,43,45],"tags":[1877],"_links":{"self":[{"href":"https:\/\/observadorserrano.com.ar\/index.php?rest_route=\/wp\/v2\/posts\/8601"}],"collection":[{"href":"https:\/\/observadorserrano.com.ar\/index.php?rest_route=\/wp\/v2\/posts"}],"about":[{"href":"https:\/\/observadorserrano.com.ar\/index.php?rest_route=\/wp\/v2\/types\/post"}],"author":[{"embeddable":true,"href":"https:\/\/observadorserrano.com.ar\/index.php?rest_route=\/wp\/v2\/users\/2"}],"replies":[{"embeddable":true,"href":"https:\/\/observadorserrano.com.ar\/index.php?rest_route=%2Fwp%2Fv2%2Fcomments&post=8601"}],"version-history":[{"count":1,"href":"https:\/\/observadorserrano.com.ar\/index.php?rest_route=\/wp\/v2\/posts\/8601\/revisions"}],"predecessor-version":[{"id":8604,"href":"https:\/\/observadorserrano.com.ar\/index.php?rest_route=\/wp\/v2\/posts\/8601\/revisions\/8604"}],"wp:featuredmedia":[{"embeddable":true,"href":"https:\/\/observadorserrano.com.ar\/index.php?rest_route=\/wp\/v2\/media\/8603"}],"wp:attachment":[{"href":"https:\/\/observadorserrano.com.ar\/index.php?rest_route=%2Fwp%2Fv2%2Fmedia&parent=8601"}],"wp:term":[{"taxonomy":"category","embeddable":true,"href":"https:\/\/observadorserrano.com.ar\/index.php?rest_route=%2Fwp%2Fv2%2Fcategories&post=8601"},{"taxonomy":"post_tag","embeddable":true,"href":"https:\/\/observadorserrano.com.ar\/index.php?rest_route=%2Fwp%2Fv2%2Ftags&post=8601"}],"curies":[{"name":"wp","href":"https:\/\/api.w.org\/{rel}","templated":true}]}}