{"id":8778,"date":"2023-02-10T09:11:13","date_gmt":"2023-02-10T12:11:13","guid":{"rendered":"https:\/\/observadorserrano.com.ar\/?p=8778"},"modified":"2023-02-10T09:11:13","modified_gmt":"2023-02-10T12:11:13","slug":"lucas-rafael-vicente-moyano-lukita-q-e-p-d-fallecio-en-saavedra-el-09-de-febrero-de-2023-a-los-18-anos-de-edad","status":"publish","type":"post","link":"https:\/\/observadorserrano.com.ar\/?p=8778","title":{"rendered":"Lucas Rafael Vicente MOYANO (\u201clukita\u201d)&#8211;Q.E.P.D.&#8211;: Falleci\u00f3 en Saavedra, el 09 de Febrero de 2023 a los 18 a\u00f1os de edad"},"content":{"rendered":"<div class=\"pf-content\"><blockquote class=\"wp-embedded-content\" data-secret=\"vhSexIRwYG\"><p><a href=\"http:\/\/www.celttv.com.ar\/index.php\/2023\/02\/10\/lucas-rafael-vicente-moyano-lukita-q-e-p-d-fallecio-en-saavedra-el-09-de-febrero-de-2023-a-los-18-anos-de-edad\/\">Lucas Rafael Vicente MOYANO (\u201clukita\u201d)&#8211;Q.E.P.D.&#8211;: Falleci\u00f3 en Saavedra, el 09 de Febrero de 2023 a los 18 a\u00f1os de edad<\/a><\/p><\/blockquote>\n<p><iframe class=\"wp-embedded-content\" sandbox=\"allow-scripts\" security=\"restricted\" style=\"position: absolute; clip: rect(1px, 1px, 1px, 1px);\" title=\"\u00abLucas Rafael Vicente MOYANO (\u201clukita\u201d)&#8211;Q.E.P.D.&#8211;: Falleci\u00f3 en Saavedra, el 09 de Febrero de 2023 a los 18 a\u00f1os de edad\u00bb \u2014 CELTTV\" src=\"http:\/\/www.celttv.com.ar\/index.php\/2023\/02\/10\/lucas-rafael-vicente-moyano-lukita-q-e-p-d-fallecio-en-saavedra-el-09-de-febrero-de-2023-a-los-18-anos-de-edad\/embed\/#?secret=a6AJnnA7Z8#?secret=vhSexIRwYG\" data-secret=\"vhSexIRwYG\" width=\"500\" height=\"282\" frameborder=\"0\" marginwidth=\"0\" marginheight=\"0\" scrolling=\"no\"><\/iframe><\/p>\n<p><b><span lang=\"ES-TRAD\">Lucas Rafael Vicente MOYANO (\u201clukita\u201d)&#8211;<\/span><\/b><span lang=\"ES-TRAD\">Q.E.P.D.&#8211;: Falleci\u00f3 en Saavedra, el 09 de Febrero de 2023 a los 18 a\u00f1os de edad. Su madre Karina LOPEZ. Sus hermanos Mat\u00edas, Lucila, Antonella y Enzo LOPEZ. Su padre del coraz\u00f3n Diego LOPEZ. Sus abuelos, t\u00edos, t\u00edos pol\u00edticos, t\u00edos del coraz\u00f3n, familiares, amistades y dem\u00e1s deudos, participan su deceso y comunican que sus restos, trasladados a Tornquist, ser\u00e1n inhumados el d\u00eda de hoy, 10 de Febrero, las 09:00hs. en la necr\u00f3polis de nuestra localidad. Casa velatoria calle G\u00fcemes N\u00b0 236, Tornquist. Casa de duelo Santiago Amarante N\u00b0556, Tornquist. Servicio a cargo de la Cooperativa El\u00e9ctrica Limitada de Tornquist.\u00a0<\/span><b><u><\/u>\u00a0<\/b><\/p>\n<\/div>","protected":false},"excerpt":{"rendered":"<p>Lucas Rafael Vicente MOYANO (\u201clukita\u201d)&#8211;Q.E.P.D.&#8211;: Falleci\u00f3 en Saavedra, el 09 de Febrero de 2023 a los 18 a\u00f1os de edad Lucas Rafael Vicente MOYANO (\u201clukita\u201d)&#8211;Q.E.P.D.&#8211;: Falleci\u00f3 en Saavedra, el 09 de Febrero de 2023 a los 18 a\u00f1os de edad. Su madre Karina LOPEZ. Sus hermanos Mat\u00edas, Lucila, Antonella y Enzo LOPEZ. Su padre del [&hellip;]<\/p>\n","protected":false},"author":2,"featured_media":5691,"comment_status":"closed","ping_status":"closed","sticky":false,"template":"","format":"standard","meta":[],"categories":[44],"tags":[147],"_links":{"self":[{"href":"https:\/\/observadorserrano.com.ar\/index.php?rest_route=\/wp\/v2\/posts\/8778"}],"collection":[{"href":"https:\/\/observadorserrano.com.ar\/index.php?rest_route=\/wp\/v2\/posts"}],"about":[{"href":"https:\/\/observadorserrano.com.ar\/index.php?rest_route=\/wp\/v2\/types\/post"}],"author":[{"embeddable":true,"href":"https:\/\/observadorserrano.com.ar\/index.php?rest_route=\/wp\/v2\/users\/2"}],"replies":[{"embeddable":true,"href":"https:\/\/observadorserrano.com.ar\/index.php?rest_route=%2Fwp%2Fv2%2Fcomments&post=8778"}],"version-history":[{"count":1,"href":"https:\/\/observadorserrano.com.ar\/index.php?rest_route=\/wp\/v2\/posts\/8778\/revisions"}],"predecessor-version":[{"id":8779,"href":"https:\/\/observadorserrano.com.ar\/index.php?rest_route=\/wp\/v2\/posts\/8778\/revisions\/8779"}],"wp:featuredmedia":[{"embeddable":true,"href":"https:\/\/observadorserrano.com.ar\/index.php?rest_route=\/wp\/v2\/media\/5691"}],"wp:attachment":[{"href":"https:\/\/observadorserrano.com.ar\/index.php?rest_route=%2Fwp%2Fv2%2Fmedia&parent=8778"}],"wp:term":[{"taxonomy":"category","embeddable":true,"href":"https:\/\/observadorserrano.com.ar\/index.php?rest_route=%2Fwp%2Fv2%2Fcategories&post=8778"},{"taxonomy":"post_tag","embeddable":true,"href":"https:\/\/observadorserrano.com.ar\/index.php?rest_route=%2Fwp%2Fv2%2Ftags&post=8778"}],"curies":[{"name":"wp","href":"https:\/\/api.w.org\/{rel}","templated":true}]}}