{"id":8787,"date":"2023-02-10T17:01:38","date_gmt":"2023-02-10T20:01:38","guid":{"rendered":"https:\/\/observadorserrano.com.ar\/?p=8787"},"modified":"2023-02-10T17:01:38","modified_gmt":"2023-02-10T20:01:38","slug":"inscripciones-abiertas-a-la-escuela-folklorica-municipal","status":"publish","type":"post","link":"https:\/\/observadorserrano.com.ar\/?p=8787","title":{"rendered":"Inscripciones abiertas a la Escuela Folkl\u00f3rica Municipal"},"content":{"rendered":"<div class=\"pf-content\"><blockquote class=\"wp-embedded-content\" data-secret=\"6HBQpqqa4T\"><p><a href=\"http:\/\/www.celttv.com.ar\/index.php\/2023\/02\/10\/inscripciones-abiertas-a-la-escuela-folklorica-municipal\/\">Inscripciones abiertas a la Escuela Folkl\u00f3rica Municipal<\/a><\/p><\/blockquote>\n<p><iframe class=\"wp-embedded-content\" sandbox=\"allow-scripts\" security=\"restricted\" style=\"position: absolute; clip: rect(1px, 1px, 1px, 1px);\" title=\"\u00abInscripciones abiertas a la Escuela Folkl\u00f3rica Municipal\u00bb \u2014 CELTTV\" src=\"http:\/\/www.celttv.com.ar\/index.php\/2023\/02\/10\/inscripciones-abiertas-a-la-escuela-folklorica-municipal\/embed\/#?secret=tvGDRDA7wO#?secret=6HBQpqqa4T\" data-secret=\"6HBQpqqa4T\" width=\"500\" height=\"282\" frameborder=\"0\" marginwidth=\"0\" marginheight=\"0\" scrolling=\"no\"><\/iframe><\/p>\n<p>La Subsecretar\u00eda de Cultura informa que desde el lunes 13\/2, se encontrar\u00e1n abiertas las inscripciones para el ciclo 2023 de la Escuela Folkl\u00f3rica Municipal de Tornquist.<\/p>\n<p>Las anotaciones se recepcionan en la sede de la Escuela, Gral. Paz 71 Altos, o en el n\u00famero 2915350455.<\/p>\n<\/div>","protected":false},"excerpt":{"rendered":"<p>Inscripciones abiertas a la Escuela Folkl\u00f3rica Municipal La Subsecretar\u00eda de Cultura informa que desde el lunes 13\/2, se encontrar\u00e1n abiertas las inscripciones para el ciclo 2023 de la Escuela Folkl\u00f3rica Municipal de Tornquist. Las anotaciones se recepcionan en la sede de la Escuela, Gral. Paz 71 Altos, o en el n\u00famero 2915350455.<\/p>\n","protected":false},"author":2,"featured_media":8788,"comment_status":"closed","ping_status":"closed","sticky":false,"template":"","format":"standard","meta":[],"categories":[18,19,43,45],"tags":[1910],"_links":{"self":[{"href":"https:\/\/observadorserrano.com.ar\/index.php?rest_route=\/wp\/v2\/posts\/8787"}],"collection":[{"href":"https:\/\/observadorserrano.com.ar\/index.php?rest_route=\/wp\/v2\/posts"}],"about":[{"href":"https:\/\/observadorserrano.com.ar\/index.php?rest_route=\/wp\/v2\/types\/post"}],"author":[{"embeddable":true,"href":"https:\/\/observadorserrano.com.ar\/index.php?rest_route=\/wp\/v2\/users\/2"}],"replies":[{"embeddable":true,"href":"https:\/\/observadorserrano.com.ar\/index.php?rest_route=%2Fwp%2Fv2%2Fcomments&post=8787"}],"version-history":[{"count":1,"href":"https:\/\/observadorserrano.com.ar\/index.php?rest_route=\/wp\/v2\/posts\/8787\/revisions"}],"predecessor-version":[{"id":8789,"href":"https:\/\/observadorserrano.com.ar\/index.php?rest_route=\/wp\/v2\/posts\/8787\/revisions\/8789"}],"wp:featuredmedia":[{"embeddable":true,"href":"https:\/\/observadorserrano.com.ar\/index.php?rest_route=\/wp\/v2\/media\/8788"}],"wp:attachment":[{"href":"https:\/\/observadorserrano.com.ar\/index.php?rest_route=%2Fwp%2Fv2%2Fmedia&parent=8787"}],"wp:term":[{"taxonomy":"category","embeddable":true,"href":"https:\/\/observadorserrano.com.ar\/index.php?rest_route=%2Fwp%2Fv2%2Fcategories&post=8787"},{"taxonomy":"post_tag","embeddable":true,"href":"https:\/\/observadorserrano.com.ar\/index.php?rest_route=%2Fwp%2Fv2%2Ftags&post=8787"}],"curies":[{"name":"wp","href":"https:\/\/api.w.org\/{rel}","templated":true}]}}