{"id":8793,"date":"2023-02-10T19:09:32","date_gmt":"2023-02-10T22:09:32","guid":{"rendered":"https:\/\/observadorserrano.com.ar\/?p=8793"},"modified":"2023-02-10T19:10:20","modified_gmt":"2023-02-10T22:10:20","slug":"federico-labarthe-con-importante-apoyo-seccional","status":"publish","type":"post","link":"https:\/\/observadorserrano.com.ar\/?p=8793","title":{"rendered":"Federico Labarthe con importante apoyo seccional"},"content":{"rendered":"<div class=\"pf-content\"><blockquote class=\"wp-embedded-content\" data-secret=\"e3aqWCPjzI\"><p><a href=\"http:\/\/www.celttv.com.ar\/index.php\/2023\/02\/10\/federico-labarthe-con-importante-apoyo-seccional\/\">Federico Labarthe con importante apoyo seccional<\/a><\/p><\/blockquote>\n<p><iframe class=\"wp-embedded-content\" sandbox=\"allow-scripts\" security=\"restricted\" style=\"position: absolute; clip: rect(1px, 1px, 1px, 1px);\" title=\"\u00abFederico Labarthe con importante apoyo seccional\u00bb \u2014 CELTTV\" src=\"http:\/\/www.celttv.com.ar\/index.php\/2023\/02\/10\/federico-labarthe-con-importante-apoyo-seccional\/embed\/#?secret=pPkI6GTvdP#?secret=e3aqWCPjzI\" data-secret=\"e3aqWCPjzI\" width=\"500\" height=\"282\" frameborder=\"0\" marginwidth=\"0\" marginheight=\"0\" scrolling=\"no\"><\/iframe><\/p>\n<div class=\"aju\">\n<h4 class=\"aCi\">El precandidato a Intendente por la UCR en JUNTOS, Federico Labarthe, particip\u00f3 de un encuentro en el distrito de Adolfo Alsina \u00e9ste viernes 10 de febrero.<\/h4>\n<h4 class=\"aCi\">Del mismo participaron Concejales de diferentes distritos, funcionarios municipales, el Diputado Provincial Emiliano Balb\u00edn y el Intendente de la comuna, Javier Andres.<\/h4>\n<h4 class=\"aCi\">En dicho encuentro se abordaron temas relacionados con las finanzas municipales, posteriormente visitaron Huerta Agroecol\u00f3gica Comunitaria y dem\u00e1s dependencias de la localidad de Carhu\u00e9.<\/h4>\n<\/div>\n<div class=\"gs\">\n<div class=\"\">\n<div id=\":19u\" class=\"ii gt\">\n<div id=\":1e7\" class=\"a3s aiL \">\n<div dir=\"ltr\">\n<h4>Federico Labarthe recibi\u00f3 el apoyo de los presentes, quienes ofrecieron colaboraci\u00f3n y asesoramiento relacionado a la gesti\u00f3n de gobierno.<\/h4>\n<p><img loading=\"lazy\" class=\"alignnone size-full wp-image-8794\" src=\"https:\/\/observadorserrano.com.ar\/wp-content\/uploads\/2023\/02\/Federico-1.jpeg\" alt=\"\" width=\"1600\" height=\"1200\" srcset=\"https:\/\/observadorserrano.com.ar\/wp-content\/uploads\/2023\/02\/Federico-1.jpeg 1600w, https:\/\/observadorserrano.com.ar\/wp-content\/uploads\/2023\/02\/Federico-1-300x225.jpeg 300w, https:\/\/observadorserrano.com.ar\/wp-content\/uploads\/2023\/02\/Federico-1-768x576.jpeg 768w, https:\/\/observadorserrano.com.ar\/wp-content\/uploads\/2023\/02\/Federico-1-1024x768.jpeg 1024w, https:\/\/observadorserrano.com.ar\/wp-content\/uploads\/2023\/02\/Federico-1-1536x1152.jpeg 1536w, https:\/\/observadorserrano.com.ar\/wp-content\/uploads\/2023\/02\/Federico-1-467x350.jpeg 467w, https:\/\/observadorserrano.com.ar\/wp-content\/uploads\/2023\/02\/Federico-1-400x300.jpeg 400w, https:\/\/observadorserrano.com.ar\/wp-content\/uploads\/2023\/02\/Federico-1-750x563.jpeg 750w, https:\/\/observadorserrano.com.ar\/wp-content\/uploads\/2023\/02\/Federico-1-1140x855.jpeg 1140w\" sizes=\"(max-width: 1600px) 100vw, 1600px\" \/> <img loading=\"lazy\" class=\"alignnone size-noticia-750\u00d7350-recortada wp-image-8795\" src=\"https:\/\/observadorserrano.com.ar\/wp-content\/uploads\/2023\/02\/Federico-2.jpeg\" alt=\"\" width=\"1600\" height=\"1200\" srcset=\"https:\/\/observadorserrano.com.ar\/wp-content\/uploads\/2023\/02\/Federico-2.jpeg 1600w, https:\/\/observadorserrano.com.ar\/wp-content\/uploads\/2023\/02\/Federico-2-300x225.jpeg 300w, https:\/\/observadorserrano.com.ar\/wp-content\/uploads\/2023\/02\/Federico-2-768x576.jpeg 768w, https:\/\/observadorserrano.com.ar\/wp-content\/uploads\/2023\/02\/Federico-2-1024x768.jpeg 1024w, https:\/\/observadorserrano.com.ar\/wp-content\/uploads\/2023\/02\/Federico-2-1536x1152.jpeg 1536w, https:\/\/observadorserrano.com.ar\/wp-content\/uploads\/2023\/02\/Federico-2-467x350.jpeg 467w, https:\/\/observadorserrano.com.ar\/wp-content\/uploads\/2023\/02\/Federico-2-400x300.jpeg 400w, https:\/\/observadorserrano.com.ar\/wp-content\/uploads\/2023\/02\/Federico-2-750x563.jpeg 750w, https:\/\/observadorserrano.com.ar\/wp-content\/uploads\/2023\/02\/Federico-2-1140x855.jpeg 1140w\" sizes=\"(max-width: 1600px) 100vw, 1600px\" \/> <img loading=\"lazy\" class=\"alignnone size-noticia-750\u00d7350-recortada wp-image-8796\" src=\"https:\/\/observadorserrano.com.ar\/wp-content\/uploads\/2023\/02\/Federico-3.jpeg\" alt=\"\" width=\"1200\" height=\"1600\" srcset=\"https:\/\/observadorserrano.com.ar\/wp-content\/uploads\/2023\/02\/Federico-3.jpeg 1200w, https:\/\/observadorserrano.com.ar\/wp-content\/uploads\/2023\/02\/Federico-3-225x300.jpeg 225w, https:\/\/observadorserrano.com.ar\/wp-content\/uploads\/2023\/02\/Federico-3-768x1024.jpeg 768w, https:\/\/observadorserrano.com.ar\/wp-content\/uploads\/2023\/02\/Federico-3-1152x1536.jpeg 1152w, https:\/\/observadorserrano.com.ar\/wp-content\/uploads\/2023\/02\/Federico-3-263x350.jpeg 263w, https:\/\/observadorserrano.com.ar\/wp-content\/uploads\/2023\/02\/Federico-3-750x1000.jpeg 750w, https:\/\/observadorserrano.com.ar\/wp-content\/uploads\/2023\/02\/Federico-3-1140x1520.jpeg 1140w\" sizes=\"(max-width: 1200px) 100vw, 1200px\" \/> <img loading=\"lazy\" class=\"alignnone size-noticia-750\u00d7350-recortada wp-image-8797\" src=\"https:\/\/observadorserrano.com.ar\/wp-content\/uploads\/2023\/02\/Federico-4.jpeg\" alt=\"\" width=\"1600\" height=\"1200\" srcset=\"https:\/\/observadorserrano.com.ar\/wp-content\/uploads\/2023\/02\/Federico-4.jpeg 1600w, https:\/\/observadorserrano.com.ar\/wp-content\/uploads\/2023\/02\/Federico-4-300x225.jpeg 300w, https:\/\/observadorserrano.com.ar\/wp-content\/uploads\/2023\/02\/Federico-4-768x576.jpeg 768w, https:\/\/observadorserrano.com.ar\/wp-content\/uploads\/2023\/02\/Federico-4-1024x768.jpeg 1024w, https:\/\/observadorserrano.com.ar\/wp-content\/uploads\/2023\/02\/Federico-4-1536x1152.jpeg 1536w, https:\/\/observadorserrano.com.ar\/wp-content\/uploads\/2023\/02\/Federico-4-467x350.jpeg 467w, https:\/\/observadorserrano.com.ar\/wp-content\/uploads\/2023\/02\/Federico-4-400x300.jpeg 400w, https:\/\/observadorserrano.com.ar\/wp-content\/uploads\/2023\/02\/Federico-4-750x563.jpeg 750w, https:\/\/observadorserrano.com.ar\/wp-content\/uploads\/2023\/02\/Federico-4-1140x855.jpeg 1140w\" sizes=\"(max-width: 1600px) 100vw, 1600px\" \/> <img loading=\"lazy\" class=\"alignnone size-noticia-750\u00d7350-recortada wp-image-8798\" src=\"https:\/\/observadorserrano.com.ar\/wp-content\/uploads\/2023\/02\/Federico-5.jpeg\" alt=\"\" width=\"768\" height=\"1024\" srcset=\"https:\/\/observadorserrano.com.ar\/wp-content\/uploads\/2023\/02\/Federico-5.jpeg 768w, https:\/\/observadorserrano.com.ar\/wp-content\/uploads\/2023\/02\/Federico-5-225x300.jpeg 225w, https:\/\/observadorserrano.com.ar\/wp-content\/uploads\/2023\/02\/Federico-5-263x350.jpeg 263w, https:\/\/observadorserrano.com.ar\/wp-content\/uploads\/2023\/02\/Federico-5-750x1000.jpeg 750w\" sizes=\"(max-width: 768px) 100vw, 768px\" \/> <img loading=\"lazy\" class=\"alignnone size-noticia-750\u00d7350-recortada wp-image-8799\" src=\"https:\/\/observadorserrano.com.ar\/wp-content\/uploads\/2023\/02\/Federico-6.jpeg\" alt=\"\" width=\"1600\" height=\"1200\" srcset=\"https:\/\/observadorserrano.com.ar\/wp-content\/uploads\/2023\/02\/Federico-6.jpeg 1600w, https:\/\/observadorserrano.com.ar\/wp-content\/uploads\/2023\/02\/Federico-6-300x225.jpeg 300w, https:\/\/observadorserrano.com.ar\/wp-content\/uploads\/2023\/02\/Federico-6-768x576.jpeg 768w, https:\/\/observadorserrano.com.ar\/wp-content\/uploads\/2023\/02\/Federico-6-1024x768.jpeg 1024w, https:\/\/observadorserrano.com.ar\/wp-content\/uploads\/2023\/02\/Federico-6-1536x1152.jpeg 1536w, https:\/\/observadorserrano.com.ar\/wp-content\/uploads\/2023\/02\/Federico-6-467x350.jpeg 467w, https:\/\/observadorserrano.com.ar\/wp-content\/uploads\/2023\/02\/Federico-6-400x300.jpeg 400w, https:\/\/observadorserrano.com.ar\/wp-content\/uploads\/2023\/02\/Federico-6-750x563.jpeg 750w, https:\/\/observadorserrano.com.ar\/wp-content\/uploads\/2023\/02\/Federico-6-1140x855.jpeg 1140w\" sizes=\"(max-width: 1600px) 100vw, 1600px\" \/><\/p>\n<\/div>\n<\/div>\n<\/div>\n<\/div>\n<\/div>\n<\/div>","protected":false},"excerpt":{"rendered":"<p>Federico Labarthe con importante apoyo seccional El precandidato a Intendente por la UCR en JUNTOS, Federico Labarthe, particip\u00f3 de un encuentro en el distrito de Adolfo Alsina \u00e9ste viernes 10 de febrero. Del mismo participaron Concejales de diferentes distritos, funcionarios municipales, el Diputado Provincial Emiliano Balb\u00edn y el Intendente de la comuna, Javier Andres. En [&hellip;]<\/p>\n","protected":false},"author":2,"featured_media":8799,"comment_status":"closed","ping_status":"closed","sticky":false,"template":"","format":"standard","meta":[],"categories":[18,43,11],"tags":[1912],"_links":{"self":[{"href":"https:\/\/observadorserrano.com.ar\/index.php?rest_route=\/wp\/v2\/posts\/8793"}],"collection":[{"href":"https:\/\/observadorserrano.com.ar\/index.php?rest_route=\/wp\/v2\/posts"}],"about":[{"href":"https:\/\/observadorserrano.com.ar\/index.php?rest_route=\/wp\/v2\/types\/post"}],"author":[{"embeddable":true,"href":"https:\/\/observadorserrano.com.ar\/index.php?rest_route=\/wp\/v2\/users\/2"}],"replies":[{"embeddable":true,"href":"https:\/\/observadorserrano.com.ar\/index.php?rest_route=%2Fwp%2Fv2%2Fcomments&post=8793"}],"version-history":[{"count":1,"href":"https:\/\/observadorserrano.com.ar\/index.php?rest_route=\/wp\/v2\/posts\/8793\/revisions"}],"predecessor-version":[{"id":8800,"href":"https:\/\/observadorserrano.com.ar\/index.php?rest_route=\/wp\/v2\/posts\/8793\/revisions\/8800"}],"wp:featuredmedia":[{"embeddable":true,"href":"https:\/\/observadorserrano.com.ar\/index.php?rest_route=\/wp\/v2\/media\/8799"}],"wp:attachment":[{"href":"https:\/\/observadorserrano.com.ar\/index.php?rest_route=%2Fwp%2Fv2%2Fmedia&parent=8793"}],"wp:term":[{"taxonomy":"category","embeddable":true,"href":"https:\/\/observadorserrano.com.ar\/index.php?rest_route=%2Fwp%2Fv2%2Fcategories&post=8793"},{"taxonomy":"post_tag","embeddable":true,"href":"https:\/\/observadorserrano.com.ar\/index.php?rest_route=%2Fwp%2Fv2%2Ftags&post=8793"}],"curies":[{"name":"wp","href":"https:\/\/api.w.org\/{rel}","templated":true}]}}