{"id":8929,"date":"2023-03-07T09:23:23","date_gmt":"2023-03-07T12:23:23","guid":{"rendered":"https:\/\/observadorserrano.com.ar\/?p=8929"},"modified":"2023-03-07T09:23:23","modified_gmt":"2023-03-07T12:23:23","slug":"celt-informa-la-tormenta-causo-inconvenientes-en-el-sector-rural-con-cables-cortados-y-quebradura-de-postes","status":"publish","type":"post","link":"https:\/\/observadorserrano.com.ar\/?p=8929","title":{"rendered":"CELT informa: La tormenta caus\u00f3 inconvenientes en el sector rural con cables cortados y quebradura de postes"},"content":{"rendered":"<div class=\"pf-content\"><blockquote class=\"wp-embedded-content\" data-secret=\"q26KMNbBpn\"><p><a href=\"http:\/\/www.celttv.com.ar\/index.php\/2023\/03\/07\/celt-informa-la-tormenta-causo-inconvenientes-en-el-sector-rural-con-cables-cortados-y-quebradura-de-postes\/\">CELT informa: La tormenta caus\u00f3 inconvenientes en el sector rural con cables cortados y quebradura de postes<\/a><\/p><\/blockquote>\n<p><iframe class=\"wp-embedded-content\" sandbox=\"allow-scripts\" security=\"restricted\" style=\"position: absolute; clip: rect(1px, 1px, 1px, 1px);\" title=\"\u00abCELT informa: La tormenta caus\u00f3 inconvenientes en el sector rural con cables cortados y quebradura de postes\u00bb \u2014 CELTTV\" src=\"http:\/\/www.celttv.com.ar\/index.php\/2023\/03\/07\/celt-informa-la-tormenta-causo-inconvenientes-en-el-sector-rural-con-cables-cortados-y-quebradura-de-postes\/embed\/#?secret=b2iqVOJ7sO#?secret=q26KMNbBpn\" data-secret=\"q26KMNbBpn\" width=\"500\" height=\"282\" frameborder=\"0\" marginwidth=\"0\" marginheight=\"0\" scrolling=\"no\"><\/iframe><\/p>\n<p>Debido a los fuertes vientos de este lunes por la noche, la cooperativa el\u00e9ctrica con su personal, debieron concurrir al sector rural donde arreglaron dos cables cortados y reparaci\u00f3n de un poste alcanzado por un rayo sobre la l\u00ednea troncal de las cuatro calles en la zona oeste.<\/p>\n<p>Tambi\u00e9n la l\u00ednea de fuerte argentino, sufri\u00f3 la quebradura de dos postes y cables cortados por vientos y rayos en el lugar.<\/p>\n<p><img loading=\"lazy\" class=\"alignnone size-full wp-image-8930\" src=\"https:\/\/observadorserrano.com.ar\/wp-content\/uploads\/2023\/03\/1da453e703e34d8ea340c42e22ab29dd.jpg_739.jpg\" alt=\"\" width=\"739\" height=\"718\" srcset=\"https:\/\/observadorserrano.com.ar\/wp-content\/uploads\/2023\/03\/1da453e703e34d8ea340c42e22ab29dd.jpg_739.jpg 739w, https:\/\/observadorserrano.com.ar\/wp-content\/uploads\/2023\/03\/1da453e703e34d8ea340c42e22ab29dd.jpg_739-300x291.jpg 300w, https:\/\/observadorserrano.com.ar\/wp-content\/uploads\/2023\/03\/1da453e703e34d8ea340c42e22ab29dd.jpg_739-360x350.jpg 360w, https:\/\/observadorserrano.com.ar\/wp-content\/uploads\/2023\/03\/1da453e703e34d8ea340c42e22ab29dd.jpg_739-309x300.jpg 309w\" sizes=\"(max-width: 739px) 100vw, 739px\" \/> <img loading=\"lazy\" class=\"alignnone size-noticia-750\u00d7350-recortada wp-image-8931\" src=\"https:\/\/observadorserrano.com.ar\/wp-content\/uploads\/2023\/03\/4ba1b5621b41456eb8dfbd75d407a94f.jpg_739.jpg\" alt=\"\" width=\"739\" height=\"808\" srcset=\"https:\/\/observadorserrano.com.ar\/wp-content\/uploads\/2023\/03\/4ba1b5621b41456eb8dfbd75d407a94f.jpg_739.jpg 739w, https:\/\/observadorserrano.com.ar\/wp-content\/uploads\/2023\/03\/4ba1b5621b41456eb8dfbd75d407a94f.jpg_739-274x300.jpg 274w, https:\/\/observadorserrano.com.ar\/wp-content\/uploads\/2023\/03\/4ba1b5621b41456eb8dfbd75d407a94f.jpg_739-320x350.jpg 320w\" sizes=\"(max-width: 739px) 100vw, 739px\" \/> <img loading=\"lazy\" class=\"alignnone size-noticia-750\u00d7350-recortada wp-image-8932\" src=\"https:\/\/observadorserrano.com.ar\/wp-content\/uploads\/2023\/03\/c062e3f8dd8141cd9938e0b90d01e890.jpg_739.jpg\" alt=\"\" width=\"739\" height=\"1600\" srcset=\"https:\/\/observadorserrano.com.ar\/wp-content\/uploads\/2023\/03\/c062e3f8dd8141cd9938e0b90d01e890.jpg_739.jpg 739w, https:\/\/observadorserrano.com.ar\/wp-content\/uploads\/2023\/03\/c062e3f8dd8141cd9938e0b90d01e890.jpg_739-139x300.jpg 139w, https:\/\/observadorserrano.com.ar\/wp-content\/uploads\/2023\/03\/c062e3f8dd8141cd9938e0b90d01e890.jpg_739-473x1024.jpg 473w, https:\/\/observadorserrano.com.ar\/wp-content\/uploads\/2023\/03\/c062e3f8dd8141cd9938e0b90d01e890.jpg_739-709x1536.jpg 709w, https:\/\/observadorserrano.com.ar\/wp-content\/uploads\/2023\/03\/c062e3f8dd8141cd9938e0b90d01e890.jpg_739-162x350.jpg 162w\" sizes=\"(max-width: 739px) 100vw, 739px\" \/> <img loading=\"lazy\" class=\"alignnone size-noticia-750\u00d7350-recortada wp-image-8933\" src=\"https:\/\/observadorserrano.com.ar\/wp-content\/uploads\/2023\/03\/f93ec105fe264012ba0199ef63b6f5bc.jpg_739.jpg\" alt=\"\" width=\"739\" height=\"1600\" srcset=\"https:\/\/observadorserrano.com.ar\/wp-content\/uploads\/2023\/03\/f93ec105fe264012ba0199ef63b6f5bc.jpg_739.jpg 739w, https:\/\/observadorserrano.com.ar\/wp-content\/uploads\/2023\/03\/f93ec105fe264012ba0199ef63b6f5bc.jpg_739-139x300.jpg 139w, https:\/\/observadorserrano.com.ar\/wp-content\/uploads\/2023\/03\/f93ec105fe264012ba0199ef63b6f5bc.jpg_739-473x1024.jpg 473w, https:\/\/observadorserrano.com.ar\/wp-content\/uploads\/2023\/03\/f93ec105fe264012ba0199ef63b6f5bc.jpg_739-709x1536.jpg 709w, https:\/\/observadorserrano.com.ar\/wp-content\/uploads\/2023\/03\/f93ec105fe264012ba0199ef63b6f5bc.jpg_739-162x350.jpg 162w\" sizes=\"(max-width: 739px) 100vw, 739px\" \/><\/p>\n<p>&nbsp;<\/p>\n<\/div>","protected":false},"excerpt":{"rendered":"<p>CELT informa: La tormenta caus\u00f3 inconvenientes en el sector rural con cables cortados y quebradura de postes Debido a los fuertes vientos de este lunes por la noche, la cooperativa el\u00e9ctrica con su personal, debieron concurrir al sector rural donde arreglaron dos cables cortados y reparaci\u00f3n de un poste alcanzado por un rayo sobre la [&hellip;]<\/p>\n","protected":false},"author":2,"featured_media":8931,"comment_status":"closed","ping_status":"closed","sticky":false,"template":"","format":"standard","meta":[],"categories":[18,43],"tags":[1937],"_links":{"self":[{"href":"https:\/\/observadorserrano.com.ar\/index.php?rest_route=\/wp\/v2\/posts\/8929"}],"collection":[{"href":"https:\/\/observadorserrano.com.ar\/index.php?rest_route=\/wp\/v2\/posts"}],"about":[{"href":"https:\/\/observadorserrano.com.ar\/index.php?rest_route=\/wp\/v2\/types\/post"}],"author":[{"embeddable":true,"href":"https:\/\/observadorserrano.com.ar\/index.php?rest_route=\/wp\/v2\/users\/2"}],"replies":[{"embeddable":true,"href":"https:\/\/observadorserrano.com.ar\/index.php?rest_route=%2Fwp%2Fv2%2Fcomments&post=8929"}],"version-history":[{"count":1,"href":"https:\/\/observadorserrano.com.ar\/index.php?rest_route=\/wp\/v2\/posts\/8929\/revisions"}],"predecessor-version":[{"id":8934,"href":"https:\/\/observadorserrano.com.ar\/index.php?rest_route=\/wp\/v2\/posts\/8929\/revisions\/8934"}],"wp:featuredmedia":[{"embeddable":true,"href":"https:\/\/observadorserrano.com.ar\/index.php?rest_route=\/wp\/v2\/media\/8931"}],"wp:attachment":[{"href":"https:\/\/observadorserrano.com.ar\/index.php?rest_route=%2Fwp%2Fv2%2Fmedia&parent=8929"}],"wp:term":[{"taxonomy":"category","embeddable":true,"href":"https:\/\/observadorserrano.com.ar\/index.php?rest_route=%2Fwp%2Fv2%2Fcategories&post=8929"},{"taxonomy":"post_tag","embeddable":true,"href":"https:\/\/observadorserrano.com.ar\/index.php?rest_route=%2Fwp%2Fv2%2Ftags&post=8929"}],"curies":[{"name":"wp","href":"https:\/\/api.w.org\/{rel}","templated":true}]}}