{"id":893,"date":"2020-11-27T10:53:18","date_gmt":"2020-11-27T13:53:18","guid":{"rendered":"https:\/\/observadorserrano.com.ar\/?p=893"},"modified":"2020-11-27T10:53:18","modified_gmt":"2020-11-27T13:53:18","slug":"covid-19-reportan-un-nuevo-caso-positivo-en-sierra-de-la-ventana","status":"publish","type":"post","link":"https:\/\/observadorserrano.com.ar\/?p=893","title":{"rendered":"Covid 19: Reportan un nuevo caso positivo en Sierra de la Ventana"},"content":{"rendered":"<div class=\"pf-content\"><p>La Secretar\u00eda de Salud del distrito de Tornquist report\u00f3 esta ma\u00f1ana un solo caso positivo y es de Sierra de la Ventana.<\/p>\n<p>Ahora los casos confirmados suman 446, 9 de ellos se mantienen activos, 429 recuperados, no hay casos sopechosos, 489 descartados, 107 personas aisladas preventivamente y 8 fallecidas.<\/p>\n<p><img loading=\"lazy\" class=\"alignnone size-medium wp-image-894\" src=\"https:\/\/observadorserrano.com.ar\/wp-content\/uploads\/2020\/11\/152-300x300.jpg\" alt=\"\" width=\"300\" height=\"300\" srcset=\"https:\/\/observadorserrano.com.ar\/wp-content\/uploads\/2020\/11\/152-300x300.jpg 300w, https:\/\/observadorserrano.com.ar\/wp-content\/uploads\/2020\/11\/152-1024x1024.jpg 1024w, https:\/\/observadorserrano.com.ar\/wp-content\/uploads\/2020\/11\/152-150x150.jpg 150w, https:\/\/observadorserrano.com.ar\/wp-content\/uploads\/2020\/11\/152-768x768.jpg 768w, https:\/\/observadorserrano.com.ar\/wp-content\/uploads\/2020\/11\/152-75x75.jpg 75w, https:\/\/observadorserrano.com.ar\/wp-content\/uploads\/2020\/11\/152-750x750.jpg 750w, https:\/\/observadorserrano.com.ar\/wp-content\/uploads\/2020\/11\/152.jpg 1080w\" sizes=\"(max-width: 300px) 100vw, 300px\" \/><\/p>\n<\/div>","protected":false},"excerpt":{"rendered":"<p>La Secretar\u00eda de Salud del distrito de Tornquist report\u00f3 esta ma\u00f1ana un solo caso positivo y es de Sierra de la Ventana. Ahora los casos confirmados suman 446, 9 de ellos se mantienen activos, 429 recuperados, no hay casos sopechosos, 489 descartados, 107 personas aisladas preventivamente y 8 fallecidas.<\/p>\n","protected":false},"author":2,"featured_media":894,"comment_status":"open","ping_status":"open","sticky":false,"template":"","format":"standard","meta":[],"categories":[18,43],"tags":[],"_links":{"self":[{"href":"https:\/\/observadorserrano.com.ar\/index.php?rest_route=\/wp\/v2\/posts\/893"}],"collection":[{"href":"https:\/\/observadorserrano.com.ar\/index.php?rest_route=\/wp\/v2\/posts"}],"about":[{"href":"https:\/\/observadorserrano.com.ar\/index.php?rest_route=\/wp\/v2\/types\/post"}],"author":[{"embeddable":true,"href":"https:\/\/observadorserrano.com.ar\/index.php?rest_route=\/wp\/v2\/users\/2"}],"replies":[{"embeddable":true,"href":"https:\/\/observadorserrano.com.ar\/index.php?rest_route=%2Fwp%2Fv2%2Fcomments&post=893"}],"version-history":[{"count":1,"href":"https:\/\/observadorserrano.com.ar\/index.php?rest_route=\/wp\/v2\/posts\/893\/revisions"}],"predecessor-version":[{"id":895,"href":"https:\/\/observadorserrano.com.ar\/index.php?rest_route=\/wp\/v2\/posts\/893\/revisions\/895"}],"wp:featuredmedia":[{"embeddable":true,"href":"https:\/\/observadorserrano.com.ar\/index.php?rest_route=\/wp\/v2\/media\/894"}],"wp:attachment":[{"href":"https:\/\/observadorserrano.com.ar\/index.php?rest_route=%2Fwp%2Fv2%2Fmedia&parent=893"}],"wp:term":[{"taxonomy":"category","embeddable":true,"href":"https:\/\/observadorserrano.com.ar\/index.php?rest_route=%2Fwp%2Fv2%2Fcategories&post=893"},{"taxonomy":"post_tag","embeddable":true,"href":"https:\/\/observadorserrano.com.ar\/index.php?rest_route=%2Fwp%2Fv2%2Ftags&post=893"}],"curies":[{"name":"wp","href":"https:\/\/api.w.org\/{rel}","templated":true}]}}