{"id":8935,"date":"2023-03-07T22:07:13","date_gmt":"2023-03-08T01:07:13","guid":{"rendered":"https:\/\/observadorserrano.com.ar\/?p=8935"},"modified":"2023-03-07T22:07:13","modified_gmt":"2023-03-08T01:07:13","slug":"el-movimiento-mayo-tornquist-apoya-la-precandidatura-de-marcela-gimenez","status":"publish","type":"post","link":"https:\/\/observadorserrano.com.ar\/?p=8935","title":{"rendered":"El Movimiento Mayo Tornquist apoya la precandidatura de Marcela Gim\u00e9nez"},"content":{"rendered":"<div class=\"pf-content\"><blockquote class=\"wp-embedded-content\" data-secret=\"ebVvxdDlVM\"><p><a href=\"http:\/\/www.celttv.com.ar\/index.php\/2023\/03\/07\/el-movimiento-mayo-tornquist-apoya-la-precandidatura-de-marcela-gimenez\/\">El Movimiento Mayo Tornquist apoya la precandidatura de Marcela Gim\u00e9nez<\/a><\/p><\/blockquote>\n<p><iframe class=\"wp-embedded-content\" sandbox=\"allow-scripts\" security=\"restricted\" style=\"position: absolute; clip: rect(1px, 1px, 1px, 1px);\" title=\"\u00abEl Movimiento Mayo Tornquist apoya la precandidatura de Marcela Gim\u00e9nez\u00bb \u2014 CELTTV\" src=\"http:\/\/www.celttv.com.ar\/index.php\/2023\/03\/07\/el-movimiento-mayo-tornquist-apoya-la-precandidatura-de-marcela-gimenez\/embed\/#?secret=sQOmVpXnMU#?secret=ebVvxdDlVM\" data-secret=\"ebVvxdDlVM\" width=\"500\" height=\"282\" frameborder=\"0\" marginwidth=\"0\" marginheight=\"0\" scrolling=\"no\"><\/iframe><\/p>\n<p>El Movimiento Mayo Tornquist emiti\u00f3 un comunicado donde saluda con suma alegr\u00eda y esperanza la precandidatura de la compa\u00f1era Profesora Marcela Gim\u00e9nez.<\/p>\n<p>Sabemos de su gran compromiso social, su capacidad, seriedad y creatividad en la gesti\u00f3n; estamos convencidos que ser\u00e1 una gran Intendenta con la sensibilidad necesaria para escuchar las necesidades de nuestro distrito. Ha evidenciado ser una persona abierta al di\u00e1logo y con capacidad de gesti\u00f3n para la funci\u00f3n de mandataria comunal.<\/p>\n<p><em><strong>&#8220;No hay maestro cierto y aut\u00e9ntico que no est\u00e9 comprometido con la lucha y la libertad de su pueblo&#8221;<\/strong><\/em><\/p>\n<p>Isauro Arancibia.<\/p>\n<p><strong>Movimiento Mayo<\/strong><\/p>\n<\/div>","protected":false},"excerpt":{"rendered":"<p>El Movimiento Mayo Tornquist apoya la precandidatura de Marcela Gim\u00e9nez El Movimiento Mayo Tornquist emiti\u00f3 un comunicado donde saluda con suma alegr\u00eda y esperanza la precandidatura de la compa\u00f1era Profesora Marcela Gim\u00e9nez. Sabemos de su gran compromiso social, su capacidad, seriedad y creatividad en la gesti\u00f3n; estamos convencidos que ser\u00e1 una gran Intendenta con la [&hellip;]<\/p>\n","protected":false},"author":2,"featured_media":8936,"comment_status":"closed","ping_status":"closed","sticky":false,"template":"","format":"standard","meta":[],"categories":[18,43,11],"tags":[1938],"_links":{"self":[{"href":"https:\/\/observadorserrano.com.ar\/index.php?rest_route=\/wp\/v2\/posts\/8935"}],"collection":[{"href":"https:\/\/observadorserrano.com.ar\/index.php?rest_route=\/wp\/v2\/posts"}],"about":[{"href":"https:\/\/observadorserrano.com.ar\/index.php?rest_route=\/wp\/v2\/types\/post"}],"author":[{"embeddable":true,"href":"https:\/\/observadorserrano.com.ar\/index.php?rest_route=\/wp\/v2\/users\/2"}],"replies":[{"embeddable":true,"href":"https:\/\/observadorserrano.com.ar\/index.php?rest_route=%2Fwp%2Fv2%2Fcomments&post=8935"}],"version-history":[{"count":1,"href":"https:\/\/observadorserrano.com.ar\/index.php?rest_route=\/wp\/v2\/posts\/8935\/revisions"}],"predecessor-version":[{"id":8937,"href":"https:\/\/observadorserrano.com.ar\/index.php?rest_route=\/wp\/v2\/posts\/8935\/revisions\/8937"}],"wp:featuredmedia":[{"embeddable":true,"href":"https:\/\/observadorserrano.com.ar\/index.php?rest_route=\/wp\/v2\/media\/8936"}],"wp:attachment":[{"href":"https:\/\/observadorserrano.com.ar\/index.php?rest_route=%2Fwp%2Fv2%2Fmedia&parent=8935"}],"wp:term":[{"taxonomy":"category","embeddable":true,"href":"https:\/\/observadorserrano.com.ar\/index.php?rest_route=%2Fwp%2Fv2%2Fcategories&post=8935"},{"taxonomy":"post_tag","embeddable":true,"href":"https:\/\/observadorserrano.com.ar\/index.php?rest_route=%2Fwp%2Fv2%2Ftags&post=8935"}],"curies":[{"name":"wp","href":"https:\/\/api.w.org\/{rel}","templated":true}]}}