{"id":8938,"date":"2023-03-07T22:52:51","date_gmt":"2023-03-08T01:52:51","guid":{"rendered":"https:\/\/observadorserrano.com.ar\/?p=8938"},"modified":"2023-03-07T22:52:51","modified_gmt":"2023-03-08T01:52:51","slug":"por-que-se-conmemora-el-dia-de-la-mujer-el-8-de-marzo-la-historia-detras","status":"publish","type":"post","link":"https:\/\/observadorserrano.com.ar\/?p=8938","title":{"rendered":"\u00bfPor qu\u00e9 se conmemora el D\u00eda de la mujer el 8 de marzo? La historia detr\u00e1s"},"content":{"rendered":"<div class=\"pf-content\"><article id=\"article-post\" class=\"first\">\n<div class=\"cuerpo\" data-twitter-link=\"https:\/\/twitter.com\/intent\/tweet?url=https:\/\/www.diariopopular.com.ar\/c700310&amp;via=poopulardiario&amp;related=Popular&amp;text=\">\n<p>El 8 de marzo en 1952 fue instaurado como D\u00eda Internacional de la Mujer por la Asamblea General de Naciones Unidas (ONU). Sin embargo, existe incertidumbre en torno a su origen. Los distintos medios lo suelen explicar a partir de un hecho aislado, cuando se deber\u00eda explicar que la lucha de las mujeres ha sido una constante y las batallas que han tenido que promover en todos los \u00e1mbitos: sociales, pol\u00edticos y, sobre todo, el laboral.<\/p>\n<\/div>\n<\/article>\n<article id=\"article-post\">\n<div class=\"cuerpo\" data-twitter-link=\"https:\/\/twitter.com\/intent\/tweet?url=https:\/\/www.diariopopular.com.ar\/c700310&amp;via=poopulardiario&amp;related=Popular&amp;text=\">\n<p>Esta celebraci\u00f3n tiene un origen obrerista; surge de la necesidad de conmemorar un D\u00eda Internacional de la Mujer nace al final del siglo XIX, despu\u00e9s de la Revoluci\u00f3n Industrial. Este fue un periodo hist\u00f3rico que transformo la econom\u00eda y el modo de trabajo desde finales del siglo XVIII y principios del siglo XIX. Sin embargo, uno de los problemas m\u00e1s grandes era que muchas mujeres eran explotadas y ninguna ley las proteg\u00eda.<\/p>\n<div id=\"631448-Libre-580680941_wrap\" class=\"embed_cont type_imagen\" contenteditable=\"false\">\n<div id=\"631448-Libre-580680941_content\" class=\"embed_content\"><img loading=\"lazy\" id=\"631448-Libre-580680941_embed\" src=\"https:\/\/media.diariopopular.com.ar\/p\/c71d64502c9a93339e443ee7f9302c4e\/adjuntos\/143\/imagenes\/008\/070\/0008070927\/1140x0\/smart\/dia-internacional-la-mujerjpg.jpg\" alt=\"\" width=\"1140\" height=\"\" longdesc=\"https:\/\/media.diariopopular.com.ar\/p\/c71d64502c9a93339e443ee7f9302c4e\/adjuntos\/143\/imagenes\/008\/070\/0008070927\/1140x0\/smart\/dia-internacional-la-mujerjpg.jpg\" \/><\/div>\n<div id=\"631448-Libre-580680941_epigrafe\" class=\"embed_epigrafe\"><\/div>\n<div id=\"631448-Libre-580680941_copyright\" class=\"embed_copyright\"><\/div>\n<\/div>\n<p>El 8 de marzo de 1857, las mujeres que trabajaban en la industria textil, que eran llamadas \u201cgarment workers\u201d en ingl\u00e9s, organizaron una huelga en Nueva York. Ellas peleaban para que hubiera salarios m\u00e1s justos y condiciones laborales m\u00e1s humanas. Aunque, al momento de alzar la voz, los agentes de la polic\u00eda las detuvieron. Dos a\u00f1os m\u00e1s tarde, las manifestantes crearon su primer sindicato para pelear por sus derechos.<\/p>\n<p>En 1908, 51 a\u00f1os despu\u00e9s y bajo el eslogan \u201cPan y Rosas\u201d, se manifestaron 15.000 personas por las calles de Nueva York para exigir un recorte del horario laboral, mejores salarios, el derecho al voto y el fin del trabajo infantil. Ya que, el pan representaba la seguridad econ\u00f3mica, y las rosas, una mejor calidad de vida.<\/p>\n<p>Por tanto, el origen del 8 de marzo est\u00e1 en las luchas de las mujeres empleadas, pero siempre se necesitan personas que concreten estas peleas y eventos que lo permitan. El d\u00eda 28 de febrero de 1909 se celebr\u00f3 en todo el territorio de Estados Unidos el D\u00eda Nacional de la Mujer. La fecha elegida fue el \u00faltimo domingo de febrero.<\/p>\n<div id=\"631449-Libre-1949162763_wrap\" class=\"embed_cont type_imagen\" contenteditable=\"false\">\n<div id=\"631449-Libre-1949162763_content\" class=\"embed_content\"><img loading=\"lazy\" id=\"631449-Libre-1949162763_embed\" src=\"https:\/\/media.diariopopular.com.ar\/p\/9beb6342d5ab65fb3bac00bcc2c9944c\/adjuntos\/143\/imagenes\/008\/070\/0008070928\/1140x0\/smart\/a-pesar-que-pasaron-mas-100-anos-las-primeras-marchas-aun-se-reclaman-mejoras-laborales-e-igualdad-sueldos.jpg\" alt=\"A pesar de que pasaron m\u00e1s de 100 a\u00f1os de las primeras marchas, a\u00fan se reclaman mejoras laborales e igualdad de sueldos.\" width=\"1140\" height=\"\" longdesc=\"https:\/\/media.diariopopular.com.ar\/p\/9beb6342d5ab65fb3bac00bcc2c9944c\/adjuntos\/143\/imagenes\/008\/070\/0008070928\/1140x0\/smart\/a-pesar-que-pasaron-mas-100-anos-las-primeras-marchas-aun-se-reclaman-mejoras-laborales-e-igualdad-sueldos.jpg\" \/><\/div>\n<div id=\"631449-Libre-1949162763_epigrafe\" class=\"embed_epigrafe\">\n<p>A pesar de que pasaron m\u00e1s de 100 a\u00f1os de las primeras marchas, a\u00fan se reclaman mejoras laborales e igualdad de sueldos.<\/p>\n<\/div>\n<div id=\"631449-Libre-1949162763_copyright\" class=\"embed_copyright\"><\/div>\n<\/div>\n<p>En el a\u00f1o 1910 se desarroll\u00f3 la segunda Conferencia Internacional de Mujeres Socialistas en Copenhague. El tema central fue el sufragio universal para todas las mujeres, y por mocion Clara Zetkin, l\u00edder del \u201clevantamiento de las 20.000\u201d, y Kate Duncker se proclamo oficialmente el 8 de marzo como Dia Internacional de la Mujer Trabajadora, en homenaje a las mujeres ca\u00eddas en la huelga de 1908.<\/p>\n<p>El 19 de marzo de 1911: Se celebraba por primera vez el D\u00eda Internacional de la Mujer en pa\u00edses como Dinamarca, Alemania, Austria y Suiza, donde se exig\u00eda adem\u00e1s del derecho al voto, la ocupaci\u00f3n de cargos p\u00fablicos por parte de las mujeres, el derecho al trabajo, a la formaci\u00f3n y a la no discriminaci\u00f3n laboral.<\/p>\n<p>Casi una semana despu\u00e9s, el 25 de marzo, se produjo un grave suceso, m\u00e1s de 140 trabajadores murieron en el incendio de la f\u00e1brica Triangle Shirtwaist, en Nueva York. Un total de 123 trabajadoras y 23 hombres murieron, adem\u00e1s de 70 heridos. La v\u00edctima de m\u00e1s grande ten\u00eda 43 a\u00f1os y la m\u00e1s joven, 14 a\u00f1os. Esto impuls\u00f3 a las mujeres a continuar la lucha.<\/p>\n<p>&nbsp;<\/p>\n<p>Los movimientos feministas, durante la Revoluci\u00f3n Rusa de 1917, tambi\u00e9n fueron muy importantes. Al momento de caer la monarqu\u00eda en Rusia, un gran n\u00famero mujeres se encontraban en huelga para exigir mejores condiciones de vida, adem\u00e1s de &#8220;pan y paz&#8221;. Por lo que, el gobierno provisional concedi\u00f3 el voto femenino el 23 de febrero de 1917, seg\u00fan el calendario juliano, o el 8 de marzo, acorde al calendario gregoriano.<\/p>\n<p>No fue hasta despu\u00e9s de la Segunda Guerra Mundial que m\u00e1s pa\u00edses tambi\u00e9n se unieron y comenzaron a conmemora el D\u00eda de la Mujer. En el a\u00f1o de 1975, las Naciones Unidas celebraron por primera vez el D\u00eda Internacional de la Mujer el 8 de marzo.<\/p>\n<p>Fuente: Diario Popular<\/p>\n<p><img loading=\"lazy\" class=\"alignnone size-full wp-image-8939\" src=\"https:\/\/observadorserrano.com.ar\/wp-content\/uploads\/2023\/03\/1.jpg\" alt=\"\" width=\"540\" height=\"530\" srcset=\"https:\/\/observadorserrano.com.ar\/wp-content\/uploads\/2023\/03\/1.jpg 540w, https:\/\/observadorserrano.com.ar\/wp-content\/uploads\/2023\/03\/1-300x294.jpg 300w, https:\/\/observadorserrano.com.ar\/wp-content\/uploads\/2023\/03\/1-357x350.jpg 357w, https:\/\/observadorserrano.com.ar\/wp-content\/uploads\/2023\/03\/1-306x300.jpg 306w, https:\/\/observadorserrano.com.ar\/wp-content\/uploads\/2023\/03\/1-75x75.jpg 75w\" sizes=\"(max-width: 540px) 100vw, 540px\" \/> <img loading=\"lazy\" class=\"alignnone size-noticia-750\u00d7350-recortada wp-image-8940\" src=\"https:\/\/observadorserrano.com.ar\/wp-content\/uploads\/2023\/03\/2.jpg\" alt=\"\" width=\"946\" height=\"638\" srcset=\"https:\/\/observadorserrano.com.ar\/wp-content\/uploads\/2023\/03\/2.jpg 946w, https:\/\/observadorserrano.com.ar\/wp-content\/uploads\/2023\/03\/2-300x202.jpg 300w, https:\/\/observadorserrano.com.ar\/wp-content\/uploads\/2023\/03\/2-768x518.jpg 768w, https:\/\/observadorserrano.com.ar\/wp-content\/uploads\/2023\/03\/2-519x350.jpg 519w, https:\/\/observadorserrano.com.ar\/wp-content\/uploads\/2023\/03\/2-445x300.jpg 445w, https:\/\/observadorserrano.com.ar\/wp-content\/uploads\/2023\/03\/2-750x506.jpg 750w\" sizes=\"(max-width: 946px) 100vw, 946px\" \/> <img loading=\"lazy\" class=\"alignnone size-noticia-750\u00d7350-recortada wp-image-8941\" src=\"https:\/\/observadorserrano.com.ar\/wp-content\/uploads\/2023\/03\/3.jpg\" alt=\"\" width=\"943\" height=\"539\" srcset=\"https:\/\/observadorserrano.com.ar\/wp-content\/uploads\/2023\/03\/3.jpg 943w, https:\/\/observadorserrano.com.ar\/wp-content\/uploads\/2023\/03\/3-300x171.jpg 300w, https:\/\/observadorserrano.com.ar\/wp-content\/uploads\/2023\/03\/3-768x439.jpg 768w, https:\/\/observadorserrano.com.ar\/wp-content\/uploads\/2023\/03\/3-612x350.jpg 612w, https:\/\/observadorserrano.com.ar\/wp-content\/uploads\/2023\/03\/3-525x300.jpg 525w, https:\/\/observadorserrano.com.ar\/wp-content\/uploads\/2023\/03\/3-750x429.jpg 750w\" sizes=\"(max-width: 943px) 100vw, 943px\" \/><\/p>\n<\/div>\n<\/article>\n<\/div>","protected":false},"excerpt":{"rendered":"<p>El 8 de marzo en 1952 fue instaurado como D\u00eda Internacional de la Mujer por la Asamblea General de Naciones Unidas (ONU). Sin embargo, existe incertidumbre en torno a su origen. Los distintos medios lo suelen explicar a partir de un hecho aislado, cuando se deber\u00eda explicar que la lucha de las mujeres ha sido [&hellip;]<\/p>\n","protected":false},"author":2,"featured_media":8941,"comment_status":"closed","ping_status":"closed","sticky":false,"template":"","format":"standard","meta":[],"categories":[18,43],"tags":[1939],"_links":{"self":[{"href":"https:\/\/observadorserrano.com.ar\/index.php?rest_route=\/wp\/v2\/posts\/8938"}],"collection":[{"href":"https:\/\/observadorserrano.com.ar\/index.php?rest_route=\/wp\/v2\/posts"}],"about":[{"href":"https:\/\/observadorserrano.com.ar\/index.php?rest_route=\/wp\/v2\/types\/post"}],"author":[{"embeddable":true,"href":"https:\/\/observadorserrano.com.ar\/index.php?rest_route=\/wp\/v2\/users\/2"}],"replies":[{"embeddable":true,"href":"https:\/\/observadorserrano.com.ar\/index.php?rest_route=%2Fwp%2Fv2%2Fcomments&post=8938"}],"version-history":[{"count":1,"href":"https:\/\/observadorserrano.com.ar\/index.php?rest_route=\/wp\/v2\/posts\/8938\/revisions"}],"predecessor-version":[{"id":8942,"href":"https:\/\/observadorserrano.com.ar\/index.php?rest_route=\/wp\/v2\/posts\/8938\/revisions\/8942"}],"wp:featuredmedia":[{"embeddable":true,"href":"https:\/\/observadorserrano.com.ar\/index.php?rest_route=\/wp\/v2\/media\/8941"}],"wp:attachment":[{"href":"https:\/\/observadorserrano.com.ar\/index.php?rest_route=%2Fwp%2Fv2%2Fmedia&parent=8938"}],"wp:term":[{"taxonomy":"category","embeddable":true,"href":"https:\/\/observadorserrano.com.ar\/index.php?rest_route=%2Fwp%2Fv2%2Fcategories&post=8938"},{"taxonomy":"post_tag","embeddable":true,"href":"https:\/\/observadorserrano.com.ar\/index.php?rest_route=%2Fwp%2Fv2%2Ftags&post=8938"}],"curies":[{"name":"wp","href":"https:\/\/api.w.org\/{rel}","templated":true}]}}